{"id":778,"date":"2017-10-05T14:52:19","date_gmt":"2017-10-05T11:52:19","guid":{"rendered":"http:\/\/spasturda.ro\/?p=778"},"modified":"2017-12-07T11:22:20","modified_gmt":"2017-12-07T09:22:20","slug":"luna-seniorului-sarbatoreste-varstnicii-la-turda","status":"publish","type":"post","link":"http:\/\/asistentasocialaturda.ro\/index.php\/2017\/10\/05\/luna-seniorului-sarbatoreste-varstnicii-la-turda\/","title":{"rendered":"\u201cLuna seniorului\u201d s\u0103rb\u0103tore\u0219te v\u00e2rstnicii la Turda"},"content":{"rendered":"<p style=\"text-align: justify;\">\u201eLuna seniorului\u201d este un eveniment organizat de c\u0103tre Centrul de zi \u015fi centrul de \u00eengrijiri la domiciliu pentru persoane v\u00e2rstnice din cadrul Serviciului Public de Asisten\u0163\u0103 Social\u0103, pe parcursul lunii octombrie pe care am dedicat-o \u00eencep\u00e2nd de anul trecut persoanelor care au trecut pragul pension\u0103rii.<\/p>\n<p style=\"text-align: justify;\">\u00a0\u00a0\u00a0\u00a0\u00a0\u00a0\u00a0\u00a0 \u00cen acest an am debutat cu o frumoas\u0103 excursie \u00een Zona Moldovei unde ne-am bucurat de zile frumoase \u015fi de pelerinajul pe care l-am f\u0103cut \u00een \u0163inutul m\u0103n\u0103stirilor. \u00cen timp ce noi, cei 50 de participan\u0163i la excursie ne bucuram de clipele petrecute \u00eempreun\u0103 \u015fi de locurile vizitate, \u00een Turda, un grup de al\u0163i seniori ai Centrului de zi au participat la Festivalul Agrofest Turda la o \u015fez\u0103toare specific\u0103 zonei Ardealului. Ace\u015ftia au avut un real succes, oferind un spectacol muzical \u015fi de culoare prin vestimentatiile lor tradi\u021bionale.<\/p>\n<p style=\"text-align: justify;\">\u00cen data de 1 octombrie cu ocazia s\u0103rb\u0103toririi \u201eZilei Interna\u0163ionale a Persoanelor V\u00e2rstnice\u201d am lansat campania de dona\u0163ii \u201eBunici de duminic\u0103\u201d prin care a\u015ftept\u0103m comunitatea s\u0103 r\u0103spund\u0103 \u201eprezent\u201d ini\u0163iativei noastre.<\/p>\n<p style=\"text-align: justify;\">\u201eLuna seniorului\u201d continu\u0103 cu prezentarea unei \u015fez\u0103tori ardelene \u00een data de 5 octombrie 2017, ora 18,00 la Casa de Cultur\u0103 \u201eIonel Floa\u015fiu\u201d din C\u00e2mpia Turzii, al\u0103turi de Asocia\u0163ia Turda Tin \u015fi Ansamblul \u201e\u0162arina\u201d.<\/p>\n<p style=\"text-align: justify;\">\u00cen data de 11 octombrie 2017, orele 11,30 \u00eempreun\u0103 cu Centrul Ra\u0163iu pentru Democra\u0163ie, partenerii no\u015ftri \u00een cadrul evenimentului \u201eLuna seniorului\u201d, vom aduce \u00een fa\u0163a seniorilor turdeni spre vizionare, filmul \u201eUsturoi\u201d, produc\u0163ie rom\u00e2neasc\u0103. Evenimentul va avea loc \u00een Salina Turda \u015fi va ini\u0163ia o serie de evenimente organizate de c\u0103tre Centrul de zi pentru persoane v\u00e2rstnice, gazda noastr\u0103 oferind gratuitate pentru pensionari. A\u015fadar, \u00een fiecare lun\u0103, \u00een a doua zi de miercuri, noi cei de la Centrul de zi, vom aduce \u00een fa\u0163a v\u00e2rstnicilor turdeni evenimente prezentate de c\u0103tre noi, iar Salina Turda va fi gazda noastr\u0103, \u00een mod gratuit.<\/p>\n<p style=\"text-align: justify;\">Seara zilei de 12 octombrie va d\u0103rui seniorilor no\u015ftri \u015fi \u00eentregii comunit\u0103\u0163i turdene o sear\u0103 frumoas\u0103 de roman\u0163e, la Teatrul Aureliu Manea. Evenimentul are loc la ora 19,00, este organizat de c\u0103tre Prim\u0103ria mun.Turda, Casa de Cultur\u0103, Asocia\u0163ia Turda Tin \u015fi Centrul de zi \u015fi este coordonat de c\u0103re pr.Sebastian Z\u0103han.<\/p>\n<p style=\"text-align: justify;\">Ziua de 16 octombrie 2017 va aduce pe scena Teatrului Aureliu Manea dou\u0103 \u201etrupe\u201d, una apar\u0163in\u00e2nd Centrului de zi pentru v\u00e2rstnici Turda \u015fi cealalt\u0103 Centrului de zi pentru v\u00e2rstnici nr.1 Cluj Napoca. Seniorii din Turda vor prezenta la ora 12,00, pe scena teatrului turdean, patru scenete comice, iar colegii lor de la centrul similar din Cluj Napoca, o comedie \u00een 3 acte scris\u0103 de Mihai Traist\u0103.<\/p>\n<p style=\"text-align: justify;\">Dorim pe aceast\u0103 cale s\u0103 invit\u0103m persoanele v\u00e2rstnice \u015fi nu numai, s\u0103 participe la ac\u0163iunile\u00a0 noastre \u00eentr-un num\u0103r c\u00e2t mai mare pentru a se bucura de ceea ce am preg\u0103tit \u00een cadrul evenimentului \u201cLuna seniorului\u201d.<\/p>\n<p><img loading=\"lazy\" decoding=\"async\" class=\"aligncenter wp-image-779 size-full\" src=\"http:\/\/spasturda.ro\/wp-content\/uploads\/2017\/10\/romante.jpg\" alt=\"\" width=\"565\" height=\"800\" srcset=\"http:\/\/asistentasocialaturda.ro\/wp-content\/uploads\/2017\/10\/romante.jpg 565w, http:\/\/asistentasocialaturda.ro\/wp-content\/uploads\/2017\/10\/romante-212x300.jpg 212w\" sizes=\"auto, (max-width: 565px) 100vw, 565px\" \/><img loading=\"lazy\" decoding=\"async\" class=\"aligncenter wp-image-780 size-full\" src=\"http:\/\/spasturda.ro\/wp-content\/uploads\/2017\/10\/proiectie-film.jpg\" alt=\"\" width=\"423\" height=\"596\" srcset=\"http:\/\/asistentasocialaturda.ro\/wp-content\/uploads\/2017\/10\/proiectie-film.jpg 423w, http:\/\/asistentasocialaturda.ro\/wp-content\/uploads\/2017\/10\/proiectie-film-213x300.jpg 213w\" sizes=\"auto, (max-width: 423px) 100vw, 423px\" \/><\/p>\n<p><img loading=\"lazy\" decoding=\"async\" class=\"aligncenter wp-image-781 size-full\" src=\"http:\/\/spasturda.ro\/wp-content\/uploads\/2017\/10\/bunici-de-duminica.jpg\" alt=\"\" width=\"419\" height=\"587\" srcset=\"http:\/\/asistentasocialaturda.ro\/wp-content\/uploads\/2017\/10\/bunici-de-duminica.jpg 419w, http:\/\/asistentasocialaturda.ro\/wp-content\/uploads\/2017\/10\/bunici-de-duminica-214x300.jpg 214w\" sizes=\"auto, (max-width: 419px) 100vw, 419px\" \/><img loading=\"lazy\" decoding=\"async\" class=\"aligncenter wp-image-782 size-full\" src=\"http:\/\/spasturda.ro\/wp-content\/uploads\/2017\/10\/dragostea-bat-o-vina.jpg\" alt=\"\" width=\"760\" height=\"596\" srcset=\"http:\/\/asistentasocialaturda.ro\/wp-content\/uploads\/2017\/10\/dragostea-bat-o-vina.jpg 760w, http:\/\/asistentasocialaturda.ro\/wp-content\/uploads\/2017\/10\/dragostea-bat-o-vina-300x235.jpg 300w, http:\/\/asistentasocialaturda.ro\/wp-content\/uploads\/2017\/10\/dragostea-bat-o-vina-383x300.jpg 383w\" sizes=\"auto, (max-width: 760px) 100vw, 760px\" \/><\/p>\n","protected":false},"excerpt":{"rendered":"<p>\u201eLuna seniorului\u201d este un eveniment organizat de c\u0103tre Centrul de zi \u015fi centrul de \u00eengrijiri la domiciliu pentru persoane v\u00e2rstnice din cadrul Serviciului Public de Asisten\u0163\u0103 Social\u0103, pe parcursul lunii octombrie pe care am dedicat-o \u00eencep\u00e2nd de anul trecut persoanelor care au trecut pragul pension\u0103rii. \u00a0\u00a0\u00a0\u00a0\u00a0\u00a0\u00a0\u00a0 \u00cen acest an am debutat cu o frumoas\u0103 excursie \u00een Zona Moldovei unde ne-am bucurat de zile frumoase \u015fi de pelerinajul pe care l-am f\u0103cut \u00een \u0163inutul m\u0103n\u0103stirilor. \u00cen timp ce noi, cei 50 de participan\u0163i la excursie ne bucuram de clipele petrecute \u00eempreun\u0103 \u015fi de locurile vizitate, \u00een Turda, un grup de al\u0163i seniori ai Centrului de zi au participat la Festivalul Agrofest Turda la o \u015fez\u0103toare specific\u0103 zonei Ardealului. Ace\u015ftia au avut un real succes, oferind un spectacol muzical \u015fi de culoare prin vestimentatiile lor tradi\u021bionale. \u00cen data de 1 octombrie cu ocazia s\u0103rb\u0103toririi \u201eZilei Interna\u0163ionale a Persoanelor V\u00e2rstnice\u201d am lansat campania de dona\u0163ii \u201eBunici de duminic\u0103\u201d prin care a\u015ftept\u0103m comunitatea s\u0103 r\u0103spund\u0103 \u201eprezent\u201d ini\u0163iativei noastre. \u201eLuna seniorului\u201d continu\u0103 cu prezentarea unei \u015fez\u0103tori ardelene \u00een data de 5 octombrie 2017, ora 18,00 la Casa de Cultur\u0103 \u201eIonel Floa\u015fiu\u201d din C\u00e2mpia Turzii, al\u0103turi de Asocia\u0163ia Turda Tin \u015fi Ansamblul \u201e\u0162arina\u201d. \u00cen data de 11 octombrie 2017, orele 11,30 \u00eempreun\u0103 cu Centrul Ra\u0163iu pentru Democra\u0163ie, partenerii no\u015ftri \u00een cadrul evenimentului \u201eLuna seniorului\u201d, vom aduce \u00een fa\u0163a seniorilor turdeni spre vizionare, filmul \u201eUsturoi\u201d, produc\u0163ie rom\u00e2neasc\u0103. Evenimentul va avea loc \u00een Salina Turda \u015fi va ini\u0163ia o serie de evenimente organizate de c\u0103tre Centrul de zi pentru persoane v\u00e2rstnice, gazda noastr\u0103 oferind gratuitate pentru pensionari. A\u015fadar, \u00een fiecare lun\u0103, \u00een a doua zi de miercuri, noi cei de la Centrul de zi, vom aduce \u00een fa\u0163a v\u00e2rstnicilor turdeni evenimente prezentate de c\u0103tre noi, iar Salina Turda va fi gazda noastr\u0103, \u00een mod gratuit. Seara zilei de 12 octombrie va d\u0103rui seniorilor no\u015ftri \u015fi \u00eentregii comunit\u0103\u0163i turdene o sear\u0103 frumoas\u0103 de roman\u0163e, la Teatrul Aureliu Manea. Evenimentul are loc la ora 19,00, este organizat de c\u0103tre Prim\u0103ria mun.Turda, Casa de Cultur\u0103, Asocia\u0163ia Turda Tin \u015fi Centrul de zi \u015fi este coordonat de c\u0103re pr.Sebastian Z\u0103han. Ziua de 16 octombrie 2017 va aduce pe scena Teatrului Aureliu Manea dou\u0103 \u201etrupe\u201d, una apar\u0163in\u00e2nd Centrului de zi pentru v\u00e2rstnici Turda \u015fi cealalt\u0103 Centrului de zi pentru v\u00e2rstnici nr.1 Cluj Napoca. Seniorii din Turda vor prezenta la ora 12,00, pe scena teatrului turdean, patru scenete comice, iar colegii lor de la centrul similar din Cluj Napoca, o comedie \u00een 3 acte scris\u0103 de Mihai Traist\u0103. Dorim pe aceast\u0103 cale s\u0103 invit\u0103m persoanele v\u00e2rstnice \u015fi nu numai, s\u0103 participe la ac\u0163iunile\u00a0 noastre \u00eentr-un num\u0103r c\u00e2t mai mare pentru a se bucura de ceea ce am preg\u0103tit \u00een cadrul evenimentului \u201cLuna seniorului\u201d.<\/p>\n","protected":false},"author":1,"featured_media":0,"comment_status":"open","ping_status":"open","sticky":false,"template":"","format":"standard","meta":{"footnotes":""},"categories":[4],"tags":[],"class_list":["post-778","post","type-post","status-publish","format-standard","hentry","category-anunturi"],"aioseo_notices":[],"_links":{"self":[{"href":"http:\/\/asistentasocialaturda.ro\/index.php\/wp-json\/wp\/v2\/posts\/778","targetHints":{"allow":["GET"]}}],"collection":[{"href":"http:\/\/asistentasocialaturda.ro\/index.php\/wp-json\/wp\/v2\/posts"}],"about":[{"href":"http:\/\/asistentasocialaturda.ro\/index.php\/wp-json\/wp\/v2\/types\/post"}],"author":[{"embeddable":true,"href":"http:\/\/asistentasocialaturda.ro\/index.php\/wp-json\/wp\/v2\/users\/1"}],"replies":[{"embeddable":true,"href":"http:\/\/asistentasocialaturda.ro\/index.php\/wp-json\/wp\/v2\/comments?post=778"}],"version-history":[{"count":1,"href":"http:\/\/asistentasocialaturda.ro\/index.php\/wp-json\/wp\/v2\/posts\/778\/revisions"}],"predecessor-version":[{"id":783,"href":"http:\/\/asistentasocialaturda.ro\/index.php\/wp-json\/wp\/v2\/posts\/778\/revisions\/783"}],"wp:attachment":[{"href":"http:\/\/asistentasocialaturda.ro\/index.php\/wp-json\/wp\/v2\/media?parent=778"}],"wp:term":[{"taxonomy":"category","embeddable":true,"href":"http:\/\/asistentasocialaturda.ro\/index.php\/wp-json\/wp\/v2\/categories?post=778"},{"taxonomy":"post_tag","embeddable":true,"href":"http:\/\/asistentasocialaturda.ro\/index.php\/wp-json\/wp\/v2\/tags?post=778"}],"curies":[{"name":"wp","href":"https:\/\/api.w.org\/{rel}","templated":true}]}}