{"id":766,"date":"2017-09-26T08:04:29","date_gmt":"2017-09-26T05:04:29","guid":{"rendered":"http:\/\/spasturda.ro\/?p=766"},"modified":"2017-12-07T11:26:24","modified_gmt":"2017-12-07T09:26:24","slug":"luna-seniorului","status":"publish","type":"post","link":"http:\/\/asistentasocialaturda.ro\/index.php\/2017\/09\/26\/luna-seniorului\/","title":{"rendered":"LUNA SENIORULUI"},"content":{"rendered":"<p style=\"text-align: justify;\"><span style=\"color: #000000; font-family: Times New Roman; font-size: medium;\">Deoarece \u00een data de 1 octombrie a fiec\u0103rui an s\u0103rb\u0103torim v\u00e2rstnicii, \u00eencep\u00e2nd cu anul trecut, noi, Centrul de zi din cadrul Serviciului Public de Asisten\u0163\u0103 Social\u0103 Turda, ne-am g\u00e2ndit s\u0103 schimb\u0103m pu\u0163in modul obi\u015fnuit de a-i s\u0103rb\u0103tori pe seniorii no\u015ftri. \u00cen acest context ne-am g\u00e2ndit s\u0103 organiz\u0103m mai multe activit\u0103\u0163i at\u00e2t la Centrul de zi c\u00e2t \u015fi la sediul partenerilor no\u015ftri. <\/span><\/p>\n<p style=\"text-align: justify;\"><span style=\"color: #000000; font-family: Times New Roman; font-size: medium;\">Pe perioada evenimentului organizat sub numele de \u201eLuna Seniorului\u201d se va desf\u0103\u015fura campania de colectare produse alimentare \u201eBunici de duminic\u0103\u201d. \u201eStartul\u201d acestei campanii se va da \u00een data de 1 octombrie 2017, ziua \u00een care se s\u0103rb\u0103toresc persoanele v\u00e2rstnice \u015fi se va desf\u0103\u015fura p\u00e2n\u0103 la data de 27 octombrie 2017. \u00cen data de 29 octombrie 2017, fiind ultima duminic\u0103 din \u201eLuna Seniorului\u201d seniorii \u00eenscri\u015fi la Centrul de zi precum si al\u0163i voluntari din comunitate\u00a0 vor \u00eemp\u0103r\u0163i pachete alimentare primite ca dona\u0163ii v\u00e2rstnicilor din cadrul Centrului de \u00eengrijiri la domiciliu singuri \u015fi cu o situa\u0163ie socio-medical\u0103 precar\u0103. Men\u0163ion\u0103m c\u0103 anul trecut am \u00eemp\u0103r\u0163it un num\u0103r de 30 de pachete beneficiarilor no\u015ftri, alimentele fiind donate de elevi din unit\u0103\u0163ile de \u00eenv\u0103\u0163\u0103m\u00e2nt partenere, v\u00e2rstnici \u00eenscri\u015fi la Centrul de zi \u015fi de turdenii care au r\u0103spuns \u201eprezent\u201d la provocarea noastr\u0103. Aceast\u0103 campanie se va\u00a0 desf\u0103\u015fura, la fel ca anul trecut \u00een colaborare cu Centrul Ra\u0163iu pentru Democra\u0163ie, partenerii no\u015ftri de foarte mul\u0163i ani.<\/span><\/p>\n<p style=\"text-align: justify;\"><span style=\"color: #000000; font-family: Times New Roman; font-size: medium;\">\u201eLuna Seniorului\u201d va debuta cu o frumoas\u0103 excursie \u00een perioada 29 septembrie &#8211; 1 octombrie 2017 \u00een zona Moldovei, seara zilei v\u00e2rstnicului urm\u00e2nd s\u0103 fie s\u0103rb\u0103torit\u0103 \u00een cadru festiv \u00eempreun\u0103 cu to\u0163i cei care vor dori s\u0103 participe la aceast\u0103 activitate. <\/span><\/p>\n<p style=\"text-align: justify;\"><span style=\"margin: 0px; font-family: 'Times New Roman',serif; font-size: 12pt;\"><span style=\"color: #000000;\">Al\u0103turi de excursii \u015fi activit\u0103\u0163i caritabile Centrul de zi \u00ee\u015fi propune pentru \u201eLuna Seniorului\u201d o serie de activit\u0103\u0163i culturale organizate \u00eempreun\u0103 cu Centrul Ra\u0163iu pentru Democra\u0163ie, Asocia\u0163ia Turda Tin, Centrul de zi pentru v\u00e2rstnici nr. 1 Cluj Napoca, Funda\u0163ia pentru \u00cengrijirea V\u00e2rstnicului Cluj Napoca, alte centre de zi pentru v\u00e2rstnici, centre de \u00eengrijire \u015fi asisten\u0163\u0103, \u015ecoala \u201eHorea, Clo\u015fca \u015fi Cri\u015fan\u201d. Se vor desf\u0103\u015fura evenimente \u00eempreun\u0103 cu Centrul Ra\u0163iu pentru Democra\u0163ie, \u201eCeaiul de la ora 5\u201d cu vizionare de film la o cea\u015fc\u0103 de ceai \u015fi o sear\u0103 de poezie \u015fi muzic\u0103 la Cafeneaua Cultural\u0103 \u201eLa Papion\u201d. Noi, v\u00e2rstnicii, de la Centrul de zi vom prezenta spectacole de teatru, seri de roman\u0163e \u015fi spectacole folclorice, invit\u00e2nd pe aceast\u0103 cale s\u0103 se al\u0103ture evenimentului men\u0163ionat seniorii din comunitatea noastr\u0103, beneficiarii serviciilor noastre sau cei doritori s\u0103 ne cunoasc\u0103 activit\u0103\u0163ile. Data organiz\u0103rii evenimentelor va fi comunicat\u0103 prin mijloace mass-media pentru a facilita participarea unui num\u0103r c\u00e2t mai mare de doritori.<\/span><\/span><\/p>\n","protected":false},"excerpt":{"rendered":"<p>Deoarece \u00een data de 1 octombrie a fiec\u0103rui an s\u0103rb\u0103torim v\u00e2rstnicii, \u00eencep\u00e2nd cu anul trecut, noi, Centrul de zi din cadrul Serviciului Public de Asisten\u0163\u0103 Social\u0103 Turda, ne-am g\u00e2ndit s\u0103 schimb\u0103m pu\u0163in modul obi\u015fnuit de a-i s\u0103rb\u0103tori pe seniorii no\u015ftri. \u00cen acest context ne-am g\u00e2ndit s\u0103 organiz\u0103m mai multe activit\u0103\u0163i at\u00e2t la Centrul de zi c\u00e2t \u015fi la sediul partenerilor no\u015ftri. Pe perioada evenimentului organizat sub numele de \u201eLuna Seniorului\u201d se va desf\u0103\u015fura campania de colectare produse alimentare \u201eBunici de duminic\u0103\u201d. \u201eStartul\u201d acestei campanii se va da \u00een data de 1 octombrie 2017, ziua \u00een care se s\u0103rb\u0103toresc persoanele v\u00e2rstnice \u015fi se va desf\u0103\u015fura p\u00e2n\u0103 la data de 27 octombrie 2017. \u00cen data de 29 octombrie 2017, fiind ultima duminic\u0103 din \u201eLuna Seniorului\u201d seniorii \u00eenscri\u015fi la Centrul de zi precum si al\u0163i voluntari din comunitate\u00a0 vor \u00eemp\u0103r\u0163i pachete alimentare primite ca dona\u0163ii v\u00e2rstnicilor din cadrul Centrului de \u00eengrijiri la domiciliu singuri \u015fi cu o situa\u0163ie socio-medical\u0103 precar\u0103. Men\u0163ion\u0103m c\u0103 anul trecut am \u00eemp\u0103r\u0163it un num\u0103r de 30 de pachete beneficiarilor no\u015ftri, alimentele fiind donate de elevi din unit\u0103\u0163ile de \u00eenv\u0103\u0163\u0103m\u00e2nt partenere, v\u00e2rstnici \u00eenscri\u015fi la Centrul de zi \u015fi de turdenii care au r\u0103spuns \u201eprezent\u201d la provocarea noastr\u0103. Aceast\u0103 campanie se va\u00a0 desf\u0103\u015fura, la fel ca anul trecut \u00een colaborare cu Centrul Ra\u0163iu pentru Democra\u0163ie, partenerii no\u015ftri de foarte mul\u0163i ani. \u201eLuna Seniorului\u201d va debuta cu o frumoas\u0103 excursie \u00een perioada 29 septembrie &#8211; 1 octombrie 2017 \u00een zona Moldovei, seara zilei v\u00e2rstnicului urm\u00e2nd s\u0103 fie s\u0103rb\u0103torit\u0103 \u00een cadru festiv \u00eempreun\u0103 cu to\u0163i cei care vor dori s\u0103 participe la aceast\u0103 activitate. Al\u0103turi de excursii \u015fi activit\u0103\u0163i caritabile Centrul de zi \u00ee\u015fi propune pentru \u201eLuna Seniorului\u201d o serie de activit\u0103\u0163i culturale organizate \u00eempreun\u0103 cu Centrul Ra\u0163iu pentru Democra\u0163ie, Asocia\u0163ia Turda Tin, Centrul de zi pentru v\u00e2rstnici nr. 1 Cluj Napoca, Funda\u0163ia pentru \u00cengrijirea V\u00e2rstnicului Cluj Napoca, alte centre de zi pentru v\u00e2rstnici, centre de \u00eengrijire \u015fi asisten\u0163\u0103, \u015ecoala \u201eHorea, Clo\u015fca \u015fi Cri\u015fan\u201d. Se vor desf\u0103\u015fura evenimente \u00eempreun\u0103 cu Centrul Ra\u0163iu pentru Democra\u0163ie, \u201eCeaiul de la ora 5\u201d cu vizionare de film la o cea\u015fc\u0103 de ceai \u015fi o sear\u0103 de poezie \u015fi muzic\u0103 la Cafeneaua Cultural\u0103 \u201eLa Papion\u201d. Noi, v\u00e2rstnicii, de la Centrul de zi vom prezenta spectacole de teatru, seri de roman\u0163e \u015fi spectacole folclorice, invit\u00e2nd pe aceast\u0103 cale s\u0103 se al\u0103ture evenimentului men\u0163ionat seniorii din comunitatea noastr\u0103, beneficiarii serviciilor noastre sau cei doritori s\u0103 ne cunoasc\u0103 activit\u0103\u0163ile. Data organiz\u0103rii evenimentelor va fi comunicat\u0103 prin mijloace mass-media pentru a facilita participarea unui num\u0103r c\u00e2t mai mare de doritori.<\/p>\n","protected":false},"author":1,"featured_media":0,"comment_status":"open","ping_status":"open","sticky":false,"template":"","format":"standard","meta":{"footnotes":""},"categories":[4],"tags":[],"class_list":["post-766","post","type-post","status-publish","format-standard","hentry","category-anunturi"],"aioseo_notices":[],"_links":{"self":[{"href":"http:\/\/asistentasocialaturda.ro\/index.php\/wp-json\/wp\/v2\/posts\/766","targetHints":{"allow":["GET"]}}],"collection":[{"href":"http:\/\/asistentasocialaturda.ro\/index.php\/wp-json\/wp\/v2\/posts"}],"about":[{"href":"http:\/\/asistentasocialaturda.ro\/index.php\/wp-json\/wp\/v2\/types\/post"}],"author":[{"embeddable":true,"href":"http:\/\/asistentasocialaturda.ro\/index.php\/wp-json\/wp\/v2\/users\/1"}],"replies":[{"embeddable":true,"href":"http:\/\/asistentasocialaturda.ro\/index.php\/wp-json\/wp\/v2\/comments?post=766"}],"version-history":[{"count":1,"href":"http:\/\/asistentasocialaturda.ro\/index.php\/wp-json\/wp\/v2\/posts\/766\/revisions"}],"predecessor-version":[{"id":767,"href":"http:\/\/asistentasocialaturda.ro\/index.php\/wp-json\/wp\/v2\/posts\/766\/revisions\/767"}],"wp:attachment":[{"href":"http:\/\/asistentasocialaturda.ro\/index.php\/wp-json\/wp\/v2\/media?parent=766"}],"wp:term":[{"taxonomy":"category","embeddable":true,"href":"http:\/\/asistentasocialaturda.ro\/index.php\/wp-json\/wp\/v2\/categories?post=766"},{"taxonomy":"post_tag","embeddable":true,"href":"http:\/\/asistentasocialaturda.ro\/index.php\/wp-json\/wp\/v2\/tags?post=766"}],"curies":[{"name":"wp","href":"https:\/\/api.w.org\/{rel}","templated":true}]}}