{"id":734,"date":"2017-08-28T15:24:16","date_gmt":"2017-08-28T12:24:16","guid":{"rendered":"http:\/\/spasturda.ro\/?p=734"},"modified":"2017-12-07T11:31:07","modified_gmt":"2017-12-07T09:31:07","slug":"actiune-de-informare-si-constientizare","status":"publish","type":"post","link":"http:\/\/asistentasocialaturda.ro\/index.php\/2017\/08\/28\/actiune-de-informare-si-constientizare\/","title":{"rendered":"Ac\u0163iune de informare si constientizare"},"content":{"rendered":"<p style=\"text-align: justify;\">\u00cen data de 23 august 2017 Centrul de Consiliere pentru femei si copii victime ale violentei domestice Turda a organizat o ac\u0163iune de informare si constientizare \u00a0\u00een r\u00e2ndul\u00a0 comunit\u0103\u0163ii turdene asupra fenomenului violen\u0163ei \u00een familie.<\/p>\n<p style=\"text-align: justify;\"><em>Pune mana! Nu fi indiferent! Ajuta!<\/em> au fost mesajele scrise \u00a0pe un panou mare \u00een centrul Turzii. S-au al\u0103turat ac\u0163iunii at\u00e2t turdenii c\u00e2t \u015fi turi\u015ftii afla\u0163i \u00een zon\u0103, prin amprentarea p\u00e2nzei albe, dovad\u0103 simbolic\u0103 a faptului c\u0103 ace\u015ftia aleg s\u0103 nu r\u0103m\u00e2n\u0103 indiferen\u0163i fa\u0163\u0103 de consecin\u0163ele violen\u0163ei domestice.<\/p>\n<p style=\"text-align: justify;\">Cu aceasta ocazie s-au distribuit pliante care con\u021bin informa\u021bii despre formele \u015fi consecin\u0163ele violen\u021bei domestice, serviciile oferite de Centrul de Consiliere \u015fi\u00a0 date de contact.<\/p>\n<p><img loading=\"lazy\" decoding=\"async\" class=\"alignnone wp-image-735 size-full\" src=\"http:\/\/spasturda.ro\/wp-content\/uploads\/2017\/08\/21076823_1719034388109578_897265782_n.jpg\" alt=\"\" width=\"960\" height=\"540\" srcset=\"http:\/\/asistentasocialaturda.ro\/wp-content\/uploads\/2017\/08\/21076823_1719034388109578_897265782_n.jpg 960w, http:\/\/asistentasocialaturda.ro\/wp-content\/uploads\/2017\/08\/21076823_1719034388109578_897265782_n-300x169.jpg 300w, http:\/\/asistentasocialaturda.ro\/wp-content\/uploads\/2017\/08\/21076823_1719034388109578_897265782_n-768x432.jpg 768w, http:\/\/asistentasocialaturda.ro\/wp-content\/uploads\/2017\/08\/21076823_1719034388109578_897265782_n-500x281.jpg 500w\" sizes=\"auto, (max-width: 960px) 100vw, 960px\" \/><img loading=\"lazy\" decoding=\"async\" class=\"alignnone wp-image-736 size-full\" src=\"http:\/\/spasturda.ro\/wp-content\/uploads\/2017\/08\/21076784_1719033074776376_1514401036_n.jpg\" alt=\"\" width=\"960\" height=\"540\" srcset=\"http:\/\/asistentasocialaturda.ro\/wp-content\/uploads\/2017\/08\/21076784_1719033074776376_1514401036_n.jpg 960w, http:\/\/asistentasocialaturda.ro\/wp-content\/uploads\/2017\/08\/21076784_1719033074776376_1514401036_n-300x169.jpg 300w, http:\/\/asistentasocialaturda.ro\/wp-content\/uploads\/2017\/08\/21076784_1719033074776376_1514401036_n-768x432.jpg 768w, http:\/\/asistentasocialaturda.ro\/wp-content\/uploads\/2017\/08\/21076784_1719033074776376_1514401036_n-500x281.jpg 500w\" sizes=\"auto, (max-width: 960px) 100vw, 960px\" \/>\u00a0\u00a0\u00a0 <img loading=\"lazy\" decoding=\"async\" class=\"alignnone wp-image-737 size-medium\" src=\"http:\/\/spasturda.ro\/wp-content\/uploads\/2017\/08\/21076597_1790187437678038_1058100898_n-169x300.jpg\" alt=\"\" width=\"169\" height=\"300\" srcset=\"http:\/\/asistentasocialaturda.ro\/wp-content\/uploads\/2017\/08\/21076597_1790187437678038_1058100898_n-169x300.jpg 169w, http:\/\/asistentasocialaturda.ro\/wp-content\/uploads\/2017\/08\/21076597_1790187437678038_1058100898_n.jpg 540w\" sizes=\"auto, (max-width: 169px) 100vw, 169px\" \/><img loading=\"lazy\" decoding=\"async\" class=\"alignnone wp-image-738 size-medium\" src=\"http:\/\/spasturda.ro\/wp-content\/uploads\/2017\/08\/21100946_1790189024344546_119509070_n-169x300.jpg\" alt=\"\" width=\"169\" height=\"300\" srcset=\"http:\/\/asistentasocialaturda.ro\/wp-content\/uploads\/2017\/08\/21100946_1790189024344546_119509070_n-169x300.jpg 169w, http:\/\/asistentasocialaturda.ro\/wp-content\/uploads\/2017\/08\/21100946_1790189024344546_119509070_n.jpg 540w\" sizes=\"auto, (max-width: 169px) 100vw, 169px\" \/><img loading=\"lazy\" decoding=\"async\" class=\"alignnone wp-image-741 size-medium\" src=\"http:\/\/spasturda.ro\/wp-content\/uploads\/2017\/08\/21100797_1790188861011229_227965660_n-169x300.jpg\" alt=\"\" width=\"169\" height=\"300\" srcset=\"http:\/\/asistentasocialaturda.ro\/wp-content\/uploads\/2017\/08\/21100797_1790188861011229_227965660_n-169x300.jpg 169w, http:\/\/asistentasocialaturda.ro\/wp-content\/uploads\/2017\/08\/21100797_1790188861011229_227965660_n.jpg 540w\" sizes=\"auto, (max-width: 169px) 100vw, 169px\" \/><img loading=\"lazy\" decoding=\"async\" class=\"alignnone wp-image-739 size-full\" src=\"http:\/\/spasturda.ro\/wp-content\/uploads\/2017\/08\/21122015_1719029541443396_1878438775_n.jpg\" alt=\"\" width=\"960\" height=\"540\" srcset=\"http:\/\/asistentasocialaturda.ro\/wp-content\/uploads\/2017\/08\/21122015_1719029541443396_1878438775_n.jpg 960w, http:\/\/asistentasocialaturda.ro\/wp-content\/uploads\/2017\/08\/21122015_1719029541443396_1878438775_n-300x169.jpg 300w, http:\/\/asistentasocialaturda.ro\/wp-content\/uploads\/2017\/08\/21122015_1719029541443396_1878438775_n-768x432.jpg 768w, http:\/\/asistentasocialaturda.ro\/wp-content\/uploads\/2017\/08\/21122015_1719029541443396_1878438775_n-500x281.jpg 500w\" sizes=\"auto, (max-width: 960px) 100vw, 960px\" \/> <img loading=\"lazy\" decoding=\"async\" class=\"alignnone wp-image-740 size-full\" src=\"http:\/\/spasturda.ro\/wp-content\/uploads\/2017\/08\/21100667_1719029674776716_100593392_n.jpg\" alt=\"\" width=\"960\" height=\"540\" srcset=\"http:\/\/asistentasocialaturda.ro\/wp-content\/uploads\/2017\/08\/21100667_1719029674776716_100593392_n.jpg 960w, http:\/\/asistentasocialaturda.ro\/wp-content\/uploads\/2017\/08\/21100667_1719029674776716_100593392_n-300x169.jpg 300w, http:\/\/asistentasocialaturda.ro\/wp-content\/uploads\/2017\/08\/21100667_1719029674776716_100593392_n-768x432.jpg 768w, http:\/\/asistentasocialaturda.ro\/wp-content\/uploads\/2017\/08\/21100667_1719029674776716_100593392_n-500x281.jpg 500w\" sizes=\"auto, (max-width: 960px) 100vw, 960px\" \/> \u00a0 \u00a0 <img loading=\"lazy\" decoding=\"async\" class=\"alignnone wp-image-742 size-medium\" src=\"http:\/\/spasturda.ro\/wp-content\/uploads\/2017\/08\/21100143_1790188057677976_1467503228_n-169x300.jpg\" alt=\"\" width=\"169\" height=\"300\" srcset=\"http:\/\/asistentasocialaturda.ro\/wp-content\/uploads\/2017\/08\/21100143_1790188057677976_1467503228_n-169x300.jpg 169w, http:\/\/asistentasocialaturda.ro\/wp-content\/uploads\/2017\/08\/21100143_1790188057677976_1467503228_n.jpg 540w\" sizes=\"auto, (max-width: 169px) 100vw, 169px\" \/> <img loading=\"lazy\" decoding=\"async\" class=\"alignnone wp-image-743 size-medium\" src=\"http:\/\/spasturda.ro\/wp-content\/uploads\/2017\/08\/21074172_1790187434344705_1339589155_n-169x300.jpg\" alt=\"\" width=\"169\" height=\"300\" srcset=\"http:\/\/asistentasocialaturda.ro\/wp-content\/uploads\/2017\/08\/21074172_1790187434344705_1339589155_n-169x300.jpg 169w, http:\/\/asistentasocialaturda.ro\/wp-content\/uploads\/2017\/08\/21074172_1790187434344705_1339589155_n.jpg 540w\" sizes=\"auto, (max-width: 169px) 100vw, 169px\" \/> <img loading=\"lazy\" decoding=\"async\" class=\"alignnone wp-image-744 size-medium\" src=\"http:\/\/spasturda.ro\/wp-content\/uploads\/2017\/08\/21074190_1790188857677896_1817676618_n-169x300.jpg\" alt=\"\" width=\"169\" height=\"300\" srcset=\"http:\/\/asistentasocialaturda.ro\/wp-content\/uploads\/2017\/08\/21074190_1790188857677896_1817676618_n-169x300.jpg 169w, http:\/\/asistentasocialaturda.ro\/wp-content\/uploads\/2017\/08\/21074190_1790188857677896_1817676618_n.jpg 540w\" sizes=\"auto, (max-width: 169px) 100vw, 169px\" \/><\/p>\n","protected":false},"excerpt":{"rendered":"<p>\u00cen data de 23 august 2017 Centrul de Consiliere pentru femei si copii victime ale violentei domestice Turda a organizat o ac\u0163iune de informare si constientizare \u00a0\u00een r\u00e2ndul\u00a0 comunit\u0103\u0163ii turdene asupra fenomenului violen\u0163ei \u00een familie. Pune mana! Nu fi indiferent! Ajuta! au fost mesajele scrise \u00a0pe un panou mare \u00een centrul Turzii. S-au al\u0103turat ac\u0163iunii at\u00e2t turdenii c\u00e2t \u015fi turi\u015ftii afla\u0163i \u00een zon\u0103, prin amprentarea p\u00e2nzei albe, dovad\u0103 simbolic\u0103 a faptului c\u0103 ace\u015ftia aleg s\u0103 nu r\u0103m\u00e2n\u0103 indiferen\u0163i fa\u0163\u0103 de consecin\u0163ele violen\u0163ei domestice. Cu aceasta ocazie s-au distribuit pliante care con\u021bin informa\u021bii despre formele \u015fi consecin\u0163ele violen\u021bei domestice, serviciile oferite de Centrul de Consiliere \u015fi\u00a0 date de contact. \u00a0\u00a0\u00a0 \u00a0 \u00a0<\/p>\n","protected":false},"author":1,"featured_media":0,"comment_status":"open","ping_status":"open","sticky":false,"template":"","format":"standard","meta":{"footnotes":""},"categories":[4],"tags":[],"class_list":["post-734","post","type-post","status-publish","format-standard","hentry","category-anunturi"],"aioseo_notices":[],"_links":{"self":[{"href":"http:\/\/asistentasocialaturda.ro\/index.php\/wp-json\/wp\/v2\/posts\/734","targetHints":{"allow":["GET"]}}],"collection":[{"href":"http:\/\/asistentasocialaturda.ro\/index.php\/wp-json\/wp\/v2\/posts"}],"about":[{"href":"http:\/\/asistentasocialaturda.ro\/index.php\/wp-json\/wp\/v2\/types\/post"}],"author":[{"embeddable":true,"href":"http:\/\/asistentasocialaturda.ro\/index.php\/wp-json\/wp\/v2\/users\/1"}],"replies":[{"embeddable":true,"href":"http:\/\/asistentasocialaturda.ro\/index.php\/wp-json\/wp\/v2\/comments?post=734"}],"version-history":[{"count":4,"href":"http:\/\/asistentasocialaturda.ro\/index.php\/wp-json\/wp\/v2\/posts\/734\/revisions"}],"predecessor-version":[{"id":749,"href":"http:\/\/asistentasocialaturda.ro\/index.php\/wp-json\/wp\/v2\/posts\/734\/revisions\/749"}],"wp:attachment":[{"href":"http:\/\/asistentasocialaturda.ro\/index.php\/wp-json\/wp\/v2\/media?parent=734"}],"wp:term":[{"taxonomy":"category","embeddable":true,"href":"http:\/\/asistentasocialaturda.ro\/index.php\/wp-json\/wp\/v2\/categories?post=734"},{"taxonomy":"post_tag","embeddable":true,"href":"http:\/\/asistentasocialaturda.ro\/index.php\/wp-json\/wp\/v2\/tags?post=734"}],"curies":[{"name":"wp","href":"https:\/\/api.w.org\/{rel}","templated":true}]}}