{"id":710,"date":"2017-07-12T14:04:22","date_gmt":"2017-07-12T11:04:22","guid":{"rendered":"http:\/\/spasturda.ro\/?p=710"},"modified":"2017-12-07T11:31:48","modified_gmt":"2017-12-07T09:31:48","slug":"rezultatele-probei-scrise-la-concursul-de-recrutare-functii-contractuale-vacante-organizat-in-data-de-12-07-2017","status":"publish","type":"post","link":"http:\/\/asistentasocialaturda.ro\/index.php\/2017\/07\/12\/rezultatele-probei-scrise-la-concursul-de-recrutare-functii-contractuale-vacante-organizat-in-data-de-12-07-2017\/","title":{"rendered":"REZULTATELE PROBEI SCRISE LA CONCURSUL DE RECRUTARE FUNC\u021aII CONTRACTUALE VACANTE ORGANIZAT \u00ceN DATA DE 12.07.2017"},"content":{"rendered":"<p>&nbsp;<\/p>\n<table width=\"648\">\n<tbody>\n<tr>\n<td width=\"36\">NR. CRT.<\/td>\n<td width=\"168\">NUMELE \u0218I PRENUMELE<\/td>\n<td width=\"174\">POSTUL VACANT<\/td>\n<td width=\"84\">PUNCTAJUL PROBEI\u00a0 SCRISE<\/td>\n<td width=\"132\">REZULTATELE PROBEI SCRISE<\/td>\n<td width=\"54\">OBS.<\/td>\n<\/tr>\n<tr>\n<td width=\"36\">1<\/td>\n<td width=\"168\">Alboci Eugenia<\/td>\n<td width=\"174\">Infirmier\u0103<\/td>\n<td width=\"84\">13.33<\/td>\n<td width=\"132\">respins<\/td>\n<td width=\"54\"><\/td>\n<\/tr>\n<tr>\n<td width=\"36\">2<\/td>\n<td width=\"168\">Cri\u0219an Amalia Mihaela<\/td>\n<td width=\"174\">\u00cengrijitor la domiciliu<\/td>\n<td width=\"84\">70.00<\/td>\n<td width=\"132\">admis<\/td>\n<td width=\"54\"><\/td>\n<\/tr>\n<tr>\n<td width=\"36\">3<\/td>\n<td width=\"168\">Cuc Mihaela Teodora<\/td>\n<td width=\"174\">Educator puericultor<\/td>\n<td width=\"84\">100.00<\/td>\n<td width=\"132\">admis<\/td>\n<td width=\"54\"><\/td>\n<\/tr>\n<tr>\n<td width=\"36\">4<\/td>\n<td width=\"168\">Dr\u0103gan Mihaela Maria<\/td>\n<td width=\"174\">Asistent medical generalist<\/td>\n<td width=\"84\">26.78<\/td>\n<td width=\"132\">respins<\/td>\n<td width=\"54\"><\/td>\n<\/tr>\n<tr>\n<td width=\"36\">5<\/td>\n<td width=\"168\">Laza Dorina Lumini\u021ba<\/td>\n<td width=\"174\">\u00cengrijitor<\/td>\n<td width=\"84\">77.00<\/td>\n<td width=\"132\">admis<\/td>\n<td width=\"54\"><\/td>\n<\/tr>\n<tr>\n<td width=\"36\">6<\/td>\n<td width=\"168\">Mocan Gabriela Simona<\/td>\n<td width=\"174\">Infirmier\u0103<\/td>\n<td width=\"84\">34.99<\/td>\n<td width=\"132\">respins<\/td>\n<td width=\"54\"><\/td>\n<\/tr>\n<tr>\n<td width=\"36\">7<\/td>\n<td width=\"168\">Mocuta Aurora Doina<\/td>\n<td width=\"174\">Infirmier\u0103<\/td>\n<td width=\"84\">68.64<\/td>\n<td width=\"132\">admis<\/td>\n<td width=\"54\"><\/td>\n<\/tr>\n<tr>\n<td width=\"36\">8<\/td>\n<td width=\"168\">Petean Victoria<\/td>\n<td width=\"174\">\u00cengrijitor la domiciliu<\/td>\n<td width=\"84\">30.00<\/td>\n<td width=\"132\">respins<\/td>\n<td width=\"54\"><\/td>\n<\/tr>\n<tr>\n<td width=\"36\">9<\/td>\n<td width=\"168\">Pop Diana Loredana<\/td>\n<td width=\"174\">Asistent medical generalist<\/td>\n<td width=\"84\">94.82<\/td>\n<td width=\"132\">admis<\/td>\n<td width=\"54\"><\/td>\n<\/tr>\n<\/tbody>\n<\/table>\n<p style=\"text-align: justify;\"><strong>Not\u0103: <\/strong>Rezultatele probei scrise au fost afi\u0219ate \u00een data 12.07.2017, orele 14.00 la sediul SPAS Turda. Contesta\u021biile se pot depune la Registratura SPAS Turda \u00een termen de 24 de ore de la afi\u0219are. Proba de interviu va avea loc in data de 14.07.2017, orele 09.00, la sediul SPAS Turda, str. Dacia, nr. 1.<\/p>\n","protected":false},"excerpt":{"rendered":"<p>&nbsp; NR. CRT. NUMELE \u0218I PRENUMELE POSTUL VACANT PUNCTAJUL PROBEI\u00a0 SCRISE REZULTATELE PROBEI SCRISE OBS. 1 Alboci Eugenia Infirmier\u0103 13.33 respins 2 Cri\u0219an Amalia Mihaela \u00cengrijitor la domiciliu 70.00 admis 3 Cuc Mihaela Teodora Educator puericultor 100.00 admis 4 Dr\u0103gan Mihaela Maria Asistent medical generalist 26.78 respins 5 Laza Dorina Lumini\u021ba \u00cengrijitor 77.00 admis 6 Mocan Gabriela Simona Infirmier\u0103 34.99 respins 7 Mocuta Aurora Doina Infirmier\u0103 68.64 admis 8 Petean Victoria \u00cengrijitor la domiciliu 30.00 respins 9 Pop Diana Loredana Asistent medical generalist 94.82 admis Not\u0103: Rezultatele probei scrise au fost afi\u0219ate \u00een data 12.07.2017, orele 14.00 la sediul SPAS Turda. Contesta\u021biile se pot depune la Registratura SPAS Turda \u00een termen de 24 de ore de la afi\u0219are. Proba de interviu va avea loc in data de 14.07.2017, orele 09.00, la sediul SPAS Turda, str. Dacia, nr. 1.<\/p>\n","protected":false},"author":1,"featured_media":0,"comment_status":"open","ping_status":"open","sticky":false,"template":"","format":"standard","meta":{"footnotes":""},"categories":[5],"tags":[],"class_list":["post-710","post","type-post","status-publish","format-standard","hentry","category-concurs"],"aioseo_notices":[],"_links":{"self":[{"href":"http:\/\/asistentasocialaturda.ro\/index.php\/wp-json\/wp\/v2\/posts\/710","targetHints":{"allow":["GET"]}}],"collection":[{"href":"http:\/\/asistentasocialaturda.ro\/index.php\/wp-json\/wp\/v2\/posts"}],"about":[{"href":"http:\/\/asistentasocialaturda.ro\/index.php\/wp-json\/wp\/v2\/types\/post"}],"author":[{"embeddable":true,"href":"http:\/\/asistentasocialaturda.ro\/index.php\/wp-json\/wp\/v2\/users\/1"}],"replies":[{"embeddable":true,"href":"http:\/\/asistentasocialaturda.ro\/index.php\/wp-json\/wp\/v2\/comments?post=710"}],"version-history":[{"count":1,"href":"http:\/\/asistentasocialaturda.ro\/index.php\/wp-json\/wp\/v2\/posts\/710\/revisions"}],"predecessor-version":[{"id":711,"href":"http:\/\/asistentasocialaturda.ro\/index.php\/wp-json\/wp\/v2\/posts\/710\/revisions\/711"}],"wp:attachment":[{"href":"http:\/\/asistentasocialaturda.ro\/index.php\/wp-json\/wp\/v2\/media?parent=710"}],"wp:term":[{"taxonomy":"category","embeddable":true,"href":"http:\/\/asistentasocialaturda.ro\/index.php\/wp-json\/wp\/v2\/categories?post=710"},{"taxonomy":"post_tag","embeddable":true,"href":"http:\/\/asistentasocialaturda.ro\/index.php\/wp-json\/wp\/v2\/tags?post=710"}],"curies":[{"name":"wp","href":"https:\/\/api.w.org\/{rel}","templated":true}]}}