{"id":649,"date":"2017-06-15T09:51:54","date_gmt":"2017-06-15T06:51:54","guid":{"rendered":"http:\/\/spasturda.ro\/?p=649"},"modified":"2017-12-07T11:31:08","modified_gmt":"2017-12-07T09:31:08","slug":"prezentare-activitati-centrul-de-zi","status":"publish","type":"post","link":"http:\/\/asistentasocialaturda.ro\/index.php\/2017\/06\/15\/prezentare-activitati-centrul-de-zi\/","title":{"rendered":"Prezentare activit\u0103\u021bi Centrul de Zi"},"content":{"rendered":"<p style=\"text-align: justify;\">La Centrul de zi \u0219i centrul de \u00eengrijiri la domiciliu pentru v\u00e2rstnici din cadrul SPAS Turda au avut loc \u00een ultimele zile dou\u0103 evenimente artistice deosebite menite s\u0103 \u00eentre\u0163in\u0103 prietenia creat\u0103 \u00eentre seniorii no\u015ftri \u015fi cei din Cluj Napoca.<\/p>\n<p style=\"text-align: justify;\">\u00cen data de 7 iunie 2017 <strong>Centrul de zi <\/strong><strong>al Funda\u021biei pentru \u00cengrijirea V\u00e2rstnicului Cluj<\/strong> a prezentat un moment artistic intitulat \u201cEminescu, poet na\u021bional \u0219i universal\u201d, dedicat Luceaf\u0103rului poeziei rom\u00e2ne\u0219ti la \u00eemplinirea celor 128 de ani de la trecerea spre eternitate. \u00cen cadrul acestui eveniment a fost lansat\u0103 cartea domnului Alexandru Cucu \u201cSpre apus\u201d. Au fost pl\u0103cute momentele revederii dintre beneficiarii celor dou\u0103 centre, mai ales c\u0103 cei de la Funda\u021bia pentru \u00cengrijirea V\u00e2rstnicului sunt unii dintre cei mai vechi prieteni ai celor care frecventeaz\u0103 Centrul de zi pentru v\u00e2rstnici Turda. Prietenia dintre ace\u0219tia s-a legat prin intermediul muzicii \u0219i poeziilor pe care le-au interpretat seniorii\u00a0 \u00een cadrul\u00a0 spectacolelor prezentate de-a lungul anilor.<\/p>\n<p style=\"text-align: justify;\">\u00cen cadrul \u201eLunii seniorului\u201d din octombrie 2016 am organizat o serie de activit\u0103\u021bi printre care cele cultural artistice \u00eempreun\u0103 cu cei \u00eenscri\u0219i\u00a0 la <strong>Centrul de zi pentru v\u00e2rstnici nr.1 Cluj Napoca. <\/strong>La sediul centrului din Cluj Napoca am jucat c\u00e2teva scenete comice \u00een interpretarea seniorilor de la Centrul de zi pentru v\u00e2rstnici Turda, iar colegii lor de la centrul similar au prezentat o pies\u0103 de teatru \u00een trei acte. Pe scena Casei de Cultur\u0103 a Studen\u021bilor am prezentat un\u00a0 program folcloric, respectiv, \u201c\u0218ez\u0103toare \u00een Ardeal\u201d, iar seniorii de la Cluj Napoca, \u201cTradi\u021bii de nunt\u0103\u201d. Ca urmare a leg\u0103turii create \u00eentre cele dou\u0103 institu\u021bii, Centrul de zi pentru v\u00e2rstnici nr.1 din Cluj Napoca a prezentat \u00een fa\u021ba beneficiarilor Centrului de zi pentru v\u00e2rstnici Turda \u00een data de 14 iunie 2017 o comedie \u00een trei acte \u201cIbovnice cu ochi de Maramure\u0219\u201d scris\u0103 de Mihai Traist\u0103. Spectatorii au petrecut al\u0103turi de \u201cmusafirii\u201d lor momente pl\u0103cute, pline de umor \u0219i \u201cau promis\u201d, din priviri c\u0103 le vor urma exemplul.<\/p>\n<p style=\"text-align: justify;\">Cele dou\u0103 evenimente au fost un real schimb de experien\u021b\u0103 \u0219i o provocare pentru cele trei centre care valorific\u0103 talentul \u015fi aptitudinile oamenilor care le calc\u0103 pragul acum la ceasul pension\u0103rii.<\/p>\n<p><img loading=\"lazy\" decoding=\"async\" class=\"aligncenter wp-image-650 size-large\" src=\"http:\/\/spasturda.ro\/wp-content\/uploads\/2017\/06\/101_1985-1024x768.jpg\" alt=\"\" width=\"584\" height=\"438\" srcset=\"http:\/\/asistentasocialaturda.ro\/wp-content\/uploads\/2017\/06\/101_1985-1024x768.jpg 1024w, http:\/\/asistentasocialaturda.ro\/wp-content\/uploads\/2017\/06\/101_1985-300x225.jpg 300w, http:\/\/asistentasocialaturda.ro\/wp-content\/uploads\/2017\/06\/101_1985-768x576.jpg 768w, http:\/\/asistentasocialaturda.ro\/wp-content\/uploads\/2017\/06\/101_1985-400x300.jpg 400w\" sizes=\"auto, (max-width: 584px) 100vw, 584px\" \/> <img loading=\"lazy\" decoding=\"async\" class=\"aligncenter wp-image-651 size-large\" src=\"http:\/\/spasturda.ro\/wp-content\/uploads\/2017\/06\/101_2033-1024x768.jpg\" alt=\"\" width=\"584\" height=\"438\" srcset=\"http:\/\/asistentasocialaturda.ro\/wp-content\/uploads\/2017\/06\/101_2033-1024x768.jpg 1024w, http:\/\/asistentasocialaturda.ro\/wp-content\/uploads\/2017\/06\/101_2033-300x225.jpg 300w, http:\/\/asistentasocialaturda.ro\/wp-content\/uploads\/2017\/06\/101_2033-768x576.jpg 768w, http:\/\/asistentasocialaturda.ro\/wp-content\/uploads\/2017\/06\/101_2033-400x300.jpg 400w\" sizes=\"auto, (max-width: 584px) 100vw, 584px\" \/> <img loading=\"lazy\" decoding=\"async\" class=\"aligncenter wp-image-652 size-large\" src=\"http:\/\/spasturda.ro\/wp-content\/uploads\/2017\/06\/101_2037-1024x768.jpg\" alt=\"\" width=\"584\" height=\"438\" srcset=\"http:\/\/asistentasocialaturda.ro\/wp-content\/uploads\/2017\/06\/101_2037-1024x768.jpg 1024w, http:\/\/asistentasocialaturda.ro\/wp-content\/uploads\/2017\/06\/101_2037-300x225.jpg 300w, http:\/\/asistentasocialaturda.ro\/wp-content\/uploads\/2017\/06\/101_2037-768x576.jpg 768w, http:\/\/asistentasocialaturda.ro\/wp-content\/uploads\/2017\/06\/101_2037-400x300.jpg 400w\" sizes=\"auto, (max-width: 584px) 100vw, 584px\" \/> <img loading=\"lazy\" decoding=\"async\" class=\"aligncenter wp-image-653 size-large\" src=\"http:\/\/spasturda.ro\/wp-content\/uploads\/2017\/06\/101_2045-1024x768.jpg\" alt=\"\" width=\"584\" height=\"438\" srcset=\"http:\/\/asistentasocialaturda.ro\/wp-content\/uploads\/2017\/06\/101_2045-1024x768.jpg 1024w, http:\/\/asistentasocialaturda.ro\/wp-content\/uploads\/2017\/06\/101_2045-300x225.jpg 300w, http:\/\/asistentasocialaturda.ro\/wp-content\/uploads\/2017\/06\/101_2045-768x576.jpg 768w, http:\/\/asistentasocialaturda.ro\/wp-content\/uploads\/2017\/06\/101_2045-400x300.jpg 400w\" sizes=\"auto, (max-width: 584px) 100vw, 584px\" \/> <img loading=\"lazy\" decoding=\"async\" class=\"aligncenter wp-image-654 size-large\" src=\"http:\/\/spasturda.ro\/wp-content\/uploads\/2017\/06\/101_2062-1024x768.jpg\" alt=\"\" width=\"584\" height=\"438\" srcset=\"http:\/\/asistentasocialaturda.ro\/wp-content\/uploads\/2017\/06\/101_2062-1024x768.jpg 1024w, http:\/\/asistentasocialaturda.ro\/wp-content\/uploads\/2017\/06\/101_2062-300x225.jpg 300w, http:\/\/asistentasocialaturda.ro\/wp-content\/uploads\/2017\/06\/101_2062-768x576.jpg 768w, http:\/\/asistentasocialaturda.ro\/wp-content\/uploads\/2017\/06\/101_2062-400x300.jpg 400w\" sizes=\"auto, (max-width: 584px) 100vw, 584px\" \/><\/p>\n","protected":false},"excerpt":{"rendered":"<p>La Centrul de zi \u0219i centrul de \u00eengrijiri la domiciliu pentru v\u00e2rstnici din cadrul SPAS Turda au avut loc \u00een ultimele zile dou\u0103 evenimente artistice deosebite menite s\u0103 \u00eentre\u0163in\u0103 prietenia creat\u0103 \u00eentre seniorii no\u015ftri \u015fi cei din Cluj Napoca. \u00cen data de 7 iunie 2017 Centrul de zi al Funda\u021biei pentru \u00cengrijirea V\u00e2rstnicului Cluj a prezentat un moment artistic intitulat \u201cEminescu, poet na\u021bional \u0219i universal\u201d, dedicat Luceaf\u0103rului poeziei rom\u00e2ne\u0219ti la \u00eemplinirea celor 128 de ani de la trecerea spre eternitate. \u00cen cadrul acestui eveniment a fost lansat\u0103 cartea domnului Alexandru Cucu \u201cSpre apus\u201d. Au fost pl\u0103cute momentele revederii dintre beneficiarii celor dou\u0103 centre, mai ales c\u0103 cei de la Funda\u021bia pentru \u00cengrijirea V\u00e2rstnicului sunt unii dintre cei mai vechi prieteni ai celor care frecventeaz\u0103 Centrul de zi pentru v\u00e2rstnici Turda. Prietenia dintre ace\u0219tia s-a legat prin intermediul muzicii \u0219i poeziilor pe care le-au interpretat seniorii\u00a0 \u00een cadrul\u00a0 spectacolelor prezentate de-a lungul anilor. \u00cen cadrul \u201eLunii seniorului\u201d din octombrie 2016 am organizat o serie de activit\u0103\u021bi printre care cele cultural artistice \u00eempreun\u0103 cu cei \u00eenscri\u0219i\u00a0 la Centrul de zi pentru v\u00e2rstnici nr.1 Cluj Napoca. La sediul centrului din Cluj Napoca am jucat c\u00e2teva scenete comice \u00een interpretarea seniorilor de la Centrul de zi pentru v\u00e2rstnici Turda, iar colegii lor de la centrul similar au prezentat o pies\u0103 de teatru \u00een trei acte. Pe scena Casei de Cultur\u0103 a Studen\u021bilor am prezentat un\u00a0 program folcloric, respectiv, \u201c\u0218ez\u0103toare \u00een Ardeal\u201d, iar seniorii de la Cluj Napoca, \u201cTradi\u021bii de nunt\u0103\u201d. Ca urmare a leg\u0103turii create \u00eentre cele dou\u0103 institu\u021bii, Centrul de zi pentru v\u00e2rstnici nr.1 din Cluj Napoca a prezentat \u00een fa\u021ba beneficiarilor Centrului de zi pentru v\u00e2rstnici Turda \u00een data de 14 iunie 2017 o comedie \u00een trei acte \u201cIbovnice cu ochi de Maramure\u0219\u201d scris\u0103 de Mihai Traist\u0103. Spectatorii au petrecut al\u0103turi de \u201cmusafirii\u201d lor momente pl\u0103cute, pline de umor \u0219i \u201cau promis\u201d, din priviri c\u0103 le vor urma exemplul. Cele dou\u0103 evenimente au fost un real schimb de experien\u021b\u0103 \u0219i o provocare pentru cele trei centre care valorific\u0103 talentul \u015fi aptitudinile oamenilor care le calc\u0103 pragul acum la ceasul pension\u0103rii.<\/p>\n","protected":false},"author":1,"featured_media":0,"comment_status":"open","ping_status":"open","sticky":false,"template":"","format":"standard","meta":{"footnotes":""},"categories":[4],"tags":[],"class_list":["post-649","post","type-post","status-publish","format-standard","hentry","category-anunturi"],"aioseo_notices":[],"_links":{"self":[{"href":"http:\/\/asistentasocialaturda.ro\/index.php\/wp-json\/wp\/v2\/posts\/649","targetHints":{"allow":["GET"]}}],"collection":[{"href":"http:\/\/asistentasocialaturda.ro\/index.php\/wp-json\/wp\/v2\/posts"}],"about":[{"href":"http:\/\/asistentasocialaturda.ro\/index.php\/wp-json\/wp\/v2\/types\/post"}],"author":[{"embeddable":true,"href":"http:\/\/asistentasocialaturda.ro\/index.php\/wp-json\/wp\/v2\/users\/1"}],"replies":[{"embeddable":true,"href":"http:\/\/asistentasocialaturda.ro\/index.php\/wp-json\/wp\/v2\/comments?post=649"}],"version-history":[{"count":2,"href":"http:\/\/asistentasocialaturda.ro\/index.php\/wp-json\/wp\/v2\/posts\/649\/revisions"}],"predecessor-version":[{"id":656,"href":"http:\/\/asistentasocialaturda.ro\/index.php\/wp-json\/wp\/v2\/posts\/649\/revisions\/656"}],"wp:attachment":[{"href":"http:\/\/asistentasocialaturda.ro\/index.php\/wp-json\/wp\/v2\/media?parent=649"}],"wp:term":[{"taxonomy":"category","embeddable":true,"href":"http:\/\/asistentasocialaturda.ro\/index.php\/wp-json\/wp\/v2\/categories?post=649"},{"taxonomy":"post_tag","embeddable":true,"href":"http:\/\/asistentasocialaturda.ro\/index.php\/wp-json\/wp\/v2\/tags?post=649"}],"curies":[{"name":"wp","href":"https:\/\/api.w.org\/{rel}","templated":true}]}}