{"id":642,"date":"2017-06-02T11:17:51","date_gmt":"2017-06-02T08:17:51","guid":{"rendered":"http:\/\/spasturda.ro\/?p=642"},"modified":"2017-12-07T11:31:09","modified_gmt":"2017-12-07T09:31:09","slug":"eminescu-poet-national-si-universal","status":"publish","type":"post","link":"http:\/\/asistentasocialaturda.ro\/index.php\/2017\/06\/02\/eminescu-poet-national-si-universal\/","title":{"rendered":"Eminescu, poet na\u021bional \u0219i universal"},"content":{"rendered":"<p style=\"text-align: justify;\">Seniorii din cadrul Centrului de zi al Funda\u0163iei pentru \u00cengrijirea V\u00e2rstnicului Cluj sunt unii dintre cei mai vechi prieteni ai celor care frecventeaz\u0103 Centrul de zi pentru v\u00e2rstnici Turda. \u00centre cele dou\u0103 institu\u0163ii care g\u0103zduiesc persoanele v\u00e2rsnice s-a legat prietenia prin muzica \u015fi poeziile pe care le-au interpretat seniorii\u00a0 \u00een cadrul\u00a0 spectacolelor prezentate de-a lungul anilor. \u00cen acest an primii sunt cei de la Funda\u0163ia pentru \u00cengrijirea V\u00e2rstnicului Cluj care doresc s\u0103 ne prezinte un program de poezie eminescian\u0103, urm\u00e2nd ca \u201dreplica\u201d noastr\u0103 s\u0103 fie dat\u0103 ulterior. Evenimentul va avea loc la sediul Centrului de zi pentru persoane v\u00e2rstnice din Turda, str.Gh.Bari\u0163iu, nr.41, \u00een data de 7 iunie 2017, orele 11.00.<\/p>\n<p style=\"text-align: justify;\">Momentul artistic intitulat \u201cEminescu, poet na\u0163ional \u015fi universal\u201d se datoreaz\u0103 \u00eemplinirii pe data de 15 iunie a 128 de ani de la trecerea \u00een eternitate a poetului. \u00cen cadrul acestui eveniment va fi lansat\u0103 cartea domnului Alexandru Cucu \u201cSpre apus\u201d.<\/p>\n<p style=\"text-align: justify;\">Centrul de zi pentru v\u00e2rstnici din cadrul Serviciului Public de Asisten\u0163\u0103 Social\u0103 Turda a\u015fteapt\u0103 seniorii \u00eenscri\u015fi dar \u015fi alte persoane interesate de acest eveniment s\u0103 calce pragul institu\u0163iei \u015fi s\u0103 se bucure \u00eempreun\u0103 cu \u201cmusafirii\u201d no\u015ftri de momentele frumoase dedicate memoriei Luceaf\u0103rului poeziei rom\u00e2ne\u015fti.<\/p>\n<p style=\"text-align: justify;\"><img loading=\"lazy\" decoding=\"async\" class=\"aligncenter size-large wp-image-643\" src=\"http:\/\/spasturda.ro\/wp-content\/uploads\/2017\/06\/invitatie-turda-7-iunie-1024x727.jpg\" alt=\"\" width=\"584\" height=\"415\" srcset=\"http:\/\/asistentasocialaturda.ro\/wp-content\/uploads\/2017\/06\/invitatie-turda-7-iunie-1024x727.jpg 1024w, http:\/\/asistentasocialaturda.ro\/wp-content\/uploads\/2017\/06\/invitatie-turda-7-iunie-300x213.jpg 300w, http:\/\/asistentasocialaturda.ro\/wp-content\/uploads\/2017\/06\/invitatie-turda-7-iunie-768x545.jpg 768w, http:\/\/asistentasocialaturda.ro\/wp-content\/uploads\/2017\/06\/invitatie-turda-7-iunie-423x300.jpg 423w, http:\/\/asistentasocialaturda.ro\/wp-content\/uploads\/2017\/06\/invitatie-turda-7-iunie.jpg 1191w\" sizes=\"auto, (max-width: 584px) 100vw, 584px\" \/><\/p>\n","protected":false},"excerpt":{"rendered":"<p>Seniorii din cadrul Centrului de zi al Funda\u0163iei pentru \u00cengrijirea V\u00e2rstnicului Cluj sunt unii dintre cei mai vechi prieteni ai celor care frecventeaz\u0103 Centrul de zi pentru v\u00e2rstnici Turda. \u00centre cele dou\u0103 institu\u0163ii care g\u0103zduiesc persoanele v\u00e2rsnice s-a legat prietenia prin muzica \u015fi poeziile pe care le-au interpretat seniorii\u00a0 \u00een cadrul\u00a0 spectacolelor prezentate de-a lungul anilor. \u00cen acest an primii sunt cei de la Funda\u0163ia pentru \u00cengrijirea V\u00e2rstnicului Cluj care doresc s\u0103 ne prezinte un program de poezie eminescian\u0103, urm\u00e2nd ca \u201dreplica\u201d noastr\u0103 s\u0103 fie dat\u0103 ulterior. Evenimentul va avea loc la sediul Centrului de zi pentru persoane v\u00e2rstnice din Turda, str.Gh.Bari\u0163iu, nr.41, \u00een data de 7 iunie 2017, orele 11.00. Momentul artistic intitulat \u201cEminescu, poet na\u0163ional \u015fi universal\u201d se datoreaz\u0103 \u00eemplinirii pe data de 15 iunie a 128 de ani de la trecerea \u00een eternitate a poetului. \u00cen cadrul acestui eveniment va fi lansat\u0103 cartea domnului Alexandru Cucu \u201cSpre apus\u201d. Centrul de zi pentru v\u00e2rstnici din cadrul Serviciului Public de Asisten\u0163\u0103 Social\u0103 Turda a\u015fteapt\u0103 seniorii \u00eenscri\u015fi dar \u015fi alte persoane interesate de acest eveniment s\u0103 calce pragul institu\u0163iei \u015fi s\u0103 se bucure \u00eempreun\u0103 cu \u201cmusafirii\u201d no\u015ftri de momentele frumoase dedicate memoriei Luceaf\u0103rului poeziei rom\u00e2ne\u015fti.<\/p>\n","protected":false},"author":1,"featured_media":0,"comment_status":"open","ping_status":"open","sticky":false,"template":"","format":"standard","meta":{"footnotes":""},"categories":[4],"tags":[],"class_list":["post-642","post","type-post","status-publish","format-standard","hentry","category-anunturi"],"aioseo_notices":[],"_links":{"self":[{"href":"http:\/\/asistentasocialaturda.ro\/index.php\/wp-json\/wp\/v2\/posts\/642","targetHints":{"allow":["GET"]}}],"collection":[{"href":"http:\/\/asistentasocialaturda.ro\/index.php\/wp-json\/wp\/v2\/posts"}],"about":[{"href":"http:\/\/asistentasocialaturda.ro\/index.php\/wp-json\/wp\/v2\/types\/post"}],"author":[{"embeddable":true,"href":"http:\/\/asistentasocialaturda.ro\/index.php\/wp-json\/wp\/v2\/users\/1"}],"replies":[{"embeddable":true,"href":"http:\/\/asistentasocialaturda.ro\/index.php\/wp-json\/wp\/v2\/comments?post=642"}],"version-history":[{"count":1,"href":"http:\/\/asistentasocialaturda.ro\/index.php\/wp-json\/wp\/v2\/posts\/642\/revisions"}],"predecessor-version":[{"id":644,"href":"http:\/\/asistentasocialaturda.ro\/index.php\/wp-json\/wp\/v2\/posts\/642\/revisions\/644"}],"wp:attachment":[{"href":"http:\/\/asistentasocialaturda.ro\/index.php\/wp-json\/wp\/v2\/media?parent=642"}],"wp:term":[{"taxonomy":"category","embeddable":true,"href":"http:\/\/asistentasocialaturda.ro\/index.php\/wp-json\/wp\/v2\/categories?post=642"},{"taxonomy":"post_tag","embeddable":true,"href":"http:\/\/asistentasocialaturda.ro\/index.php\/wp-json\/wp\/v2\/tags?post=642"}],"curies":[{"name":"wp","href":"https:\/\/api.w.org\/{rel}","templated":true}]}}