{"id":584,"date":"2017-05-04T18:00:42","date_gmt":"2017-05-04T15:00:42","guid":{"rendered":"http:\/\/spasturda.ro\/?p=584"},"modified":"2017-12-07T11:31:12","modified_gmt":"2017-12-07T09:31:12","slug":"biblioteca-vie","status":"publish","type":"post","link":"http:\/\/asistentasocialaturda.ro\/index.php\/2017\/05\/04\/biblioteca-vie\/","title":{"rendered":"Biblioteca Vie"},"content":{"rendered":"<div style=\"text-align: justify;\">\u00cen cadrul parteneriatului \u00eencheiat cu \u0218coala \u201cHorea, Clo\u0219ca \u015fi Cri\u0219an\u201d ast\u0103zi, \u00een data de 04.05.2017 am s\u0103rb\u0103torit \u201cZiua solidarit\u0103\u0163ii \u00eentre genera\u021bii\u201d. \u00cen cadrul acestei activit\u0103\u021bi numit\u0103 \u201cBiblioteca Vie\u201d c\u00e2\u021biva seniori de la Centrul de zi din cadrul Serviciului Public de Asisten\u021b\u0103 Social\u0103 Turda, d-na Rodica Stoianovici, dl. Aurel Fe\u0219nic, dl. Axente Urs \u015fi dl. Valentin Vi\u0219inescu au fost \u201cc\u0103r\u021bile\u201d citite cu o curiozitate foarte mare de c\u0103tre elevii claselor a III-a \u015fi a IV-a ai acestei \u0219coli. A fost o activitate reu\u0219it\u0103, copiii fiind foarte interesa\u021bi de domeniile prezentate de c\u0103tre seniorii no\u0219tri, domenii care au reprezentat at\u00e2t profesiile c\u00e2t \u0219i hobby-urile acestora. Au fost prezentate domenii ca: literatur\u0103, istorie, geografie, apicultura \u015fi columbofilie. La sfar\u0219it am schimbat impresii despre ceea ce au sim\u021bit \u201cc\u0103r\u021bile\u201d atunci c\u00e2nd au fost \u201cr\u0103sfoite\u201d, iar copiii \u0219i-au ar\u0103tat pl\u0103cerea cu care au \u201ccitit\u201d \u0219i le-au adresat cuvinte de mul\u021bumire pentru c\u0103 li s-a permis, chiar dac\u0103 pentru pu\u021bin timp, s\u0103 le fie \u201c\u00eentoarse\u201d filele.<\/div>\n<div style=\"text-align: justify;\">\u201cC\u0103r\u021bile\u201d, prin Centrul de zi mul\u0163ume\u015fte \u201ccititorilor\u201d, elevilor claselor a III-a \u015fi a IV-a ai Scolii \u201cHorea, Clo\u0219ca \u015fi Cri\u0219an\u201d, coordona\u0163i de d-na \u00eenv\u0103\u0163\u0103toare Angela Micl\u0103u\u0219 \u0219i Anca Corlea \u0219i le promite c\u0103 vor \u00eeng\u0103dui \u201clecturarea\u201d lor \u00een fiecare moment c\u00e2nd ace\u0219tia \u0219i-ar dori acest lucru deoarece, azi, s-a creat o adev\u0103rat\u0103 punte \u00eentre genera\u021bii prin organizarea unei activit\u0103\u021bi de succes.<\/div>\n<div style=\"text-align: justify;\">Adela Zai \u2013 coordonator Centrul de zi \u0219i central de \u00eengrijiri la domiciliu pentru persoane<\/div>\n<div>v\u00e2rstnice Turda.<\/div>\n<div><img loading=\"lazy\" decoding=\"async\" class=\"aligncenter wp-image-585 size-large\" src=\"http:\/\/spasturda.ro\/wp-content\/uploads\/2017\/05\/foto-271-1024x768.jpg\" alt=\"\" width=\"584\" height=\"438\" srcset=\"http:\/\/asistentasocialaturda.ro\/wp-content\/uploads\/2017\/05\/foto-271-1024x768.jpg 1024w, http:\/\/asistentasocialaturda.ro\/wp-content\/uploads\/2017\/05\/foto-271-300x225.jpg 300w, http:\/\/asistentasocialaturda.ro\/wp-content\/uploads\/2017\/05\/foto-271-768x576.jpg 768w, http:\/\/asistentasocialaturda.ro\/wp-content\/uploads\/2017\/05\/foto-271-400x300.jpg 400w\" sizes=\"auto, (max-width: 584px) 100vw, 584px\" \/> <img loading=\"lazy\" decoding=\"async\" class=\"aligncenter wp-image-586 size-large\" src=\"http:\/\/spasturda.ro\/wp-content\/uploads\/2017\/05\/foto-273-1024x768.jpg\" alt=\"\" width=\"584\" height=\"438\" srcset=\"http:\/\/asistentasocialaturda.ro\/wp-content\/uploads\/2017\/05\/foto-273-1024x768.jpg 1024w, http:\/\/asistentasocialaturda.ro\/wp-content\/uploads\/2017\/05\/foto-273-300x225.jpg 300w, http:\/\/asistentasocialaturda.ro\/wp-content\/uploads\/2017\/05\/foto-273-768x576.jpg 768w, http:\/\/asistentasocialaturda.ro\/wp-content\/uploads\/2017\/05\/foto-273-400x300.jpg 400w\" sizes=\"auto, (max-width: 584px) 100vw, 584px\" \/> <img loading=\"lazy\" decoding=\"async\" class=\"aligncenter wp-image-587 size-large\" src=\"http:\/\/spasturda.ro\/wp-content\/uploads\/2017\/05\/foto-274-1024x768.jpg\" alt=\"\" width=\"584\" height=\"438\" srcset=\"http:\/\/asistentasocialaturda.ro\/wp-content\/uploads\/2017\/05\/foto-274-1024x768.jpg 1024w, http:\/\/asistentasocialaturda.ro\/wp-content\/uploads\/2017\/05\/foto-274-300x225.jpg 300w, http:\/\/asistentasocialaturda.ro\/wp-content\/uploads\/2017\/05\/foto-274-768x576.jpg 768w, http:\/\/asistentasocialaturda.ro\/wp-content\/uploads\/2017\/05\/foto-274-400x300.jpg 400w\" sizes=\"auto, (max-width: 584px) 100vw, 584px\" \/> <img loading=\"lazy\" decoding=\"async\" class=\"aligncenter wp-image-588 size-large\" src=\"http:\/\/spasturda.ro\/wp-content\/uploads\/2017\/05\/foto-308-1024x768.jpg\" alt=\"\" width=\"584\" height=\"438\" srcset=\"http:\/\/asistentasocialaturda.ro\/wp-content\/uploads\/2017\/05\/foto-308-1024x768.jpg 1024w, http:\/\/asistentasocialaturda.ro\/wp-content\/uploads\/2017\/05\/foto-308-300x225.jpg 300w, http:\/\/asistentasocialaturda.ro\/wp-content\/uploads\/2017\/05\/foto-308-768x576.jpg 768w, http:\/\/asistentasocialaturda.ro\/wp-content\/uploads\/2017\/05\/foto-308-400x300.jpg 400w\" sizes=\"auto, (max-width: 584px) 100vw, 584px\" \/> <img loading=\"lazy\" decoding=\"async\" class=\"aligncenter wp-image-589 size-large\" src=\"http:\/\/spasturda.ro\/wp-content\/uploads\/2017\/05\/foto-329-1024x768.jpg\" alt=\"\" width=\"584\" height=\"438\" srcset=\"http:\/\/asistentasocialaturda.ro\/wp-content\/uploads\/2017\/05\/foto-329-1024x768.jpg 1024w, http:\/\/asistentasocialaturda.ro\/wp-content\/uploads\/2017\/05\/foto-329-300x225.jpg 300w, http:\/\/asistentasocialaturda.ro\/wp-content\/uploads\/2017\/05\/foto-329-768x576.jpg 768w, http:\/\/asistentasocialaturda.ro\/wp-content\/uploads\/2017\/05\/foto-329-400x300.jpg 400w\" sizes=\"auto, (max-width: 584px) 100vw, 584px\" \/> <img loading=\"lazy\" decoding=\"async\" class=\"aligncenter wp-image-590 size-large\" src=\"http:\/\/spasturda.ro\/wp-content\/uploads\/2017\/05\/foto-332-1024x768.jpg\" alt=\"\" width=\"584\" height=\"438\" srcset=\"http:\/\/asistentasocialaturda.ro\/wp-content\/uploads\/2017\/05\/foto-332-1024x768.jpg 1024w, http:\/\/asistentasocialaturda.ro\/wp-content\/uploads\/2017\/05\/foto-332-300x225.jpg 300w, http:\/\/asistentasocialaturda.ro\/wp-content\/uploads\/2017\/05\/foto-332-768x576.jpg 768w, http:\/\/asistentasocialaturda.ro\/wp-content\/uploads\/2017\/05\/foto-332-400x300.jpg 400w\" sizes=\"auto, (max-width: 584px) 100vw, 584px\" \/><\/div>\n","protected":false},"excerpt":{"rendered":"<p>\u00cen cadrul parteneriatului \u00eencheiat cu \u0218coala \u201cHorea, Clo\u0219ca \u015fi Cri\u0219an\u201d ast\u0103zi, \u00een data de 04.05.2017 am s\u0103rb\u0103torit \u201cZiua solidarit\u0103\u0163ii \u00eentre genera\u021bii\u201d. \u00cen cadrul acestei activit\u0103\u021bi numit\u0103 \u201cBiblioteca Vie\u201d c\u00e2\u021biva seniori de la Centrul de zi din cadrul Serviciului Public de Asisten\u021b\u0103 Social\u0103 Turda, d-na Rodica Stoianovici, dl. Aurel Fe\u0219nic, dl. Axente Urs \u015fi dl. Valentin Vi\u0219inescu au fost \u201cc\u0103r\u021bile\u201d citite cu o curiozitate foarte mare de c\u0103tre elevii claselor a III-a \u015fi a IV-a ai acestei \u0219coli. A fost o activitate reu\u0219it\u0103, copiii fiind foarte interesa\u021bi de domeniile prezentate de c\u0103tre seniorii no\u0219tri, domenii care au reprezentat at\u00e2t profesiile c\u00e2t \u0219i hobby-urile acestora. Au fost prezentate domenii ca: literatur\u0103, istorie, geografie, apicultura \u015fi columbofilie. La sfar\u0219it am schimbat impresii despre ceea ce au sim\u021bit \u201cc\u0103r\u021bile\u201d atunci c\u00e2nd au fost \u201cr\u0103sfoite\u201d, iar copiii \u0219i-au ar\u0103tat pl\u0103cerea cu care au \u201ccitit\u201d \u0219i le-au adresat cuvinte de mul\u021bumire pentru c\u0103 li s-a permis, chiar dac\u0103 pentru pu\u021bin timp, s\u0103 le fie \u201c\u00eentoarse\u201d filele. \u201cC\u0103r\u021bile\u201d, prin Centrul de zi mul\u0163ume\u015fte \u201ccititorilor\u201d, elevilor claselor a III-a \u015fi a IV-a ai Scolii \u201cHorea, Clo\u0219ca \u015fi Cri\u0219an\u201d, coordona\u0163i de d-na \u00eenv\u0103\u0163\u0103toare Angela Micl\u0103u\u0219 \u0219i Anca Corlea \u0219i le promite c\u0103 vor \u00eeng\u0103dui \u201clecturarea\u201d lor \u00een fiecare moment c\u00e2nd ace\u0219tia \u0219i-ar dori acest lucru deoarece, azi, s-a creat o adev\u0103rat\u0103 punte \u00eentre genera\u021bii prin organizarea unei activit\u0103\u021bi de succes. Adela Zai \u2013 coordonator Centrul de zi \u0219i central de \u00eengrijiri la domiciliu pentru persoane v\u00e2rstnice Turda.<\/p>\n","protected":false},"author":1,"featured_media":0,"comment_status":"open","ping_status":"open","sticky":false,"template":"","format":"standard","meta":{"footnotes":""},"categories":[4],"tags":[],"class_list":["post-584","post","type-post","status-publish","format-standard","hentry","category-anunturi"],"aioseo_notices":[],"_links":{"self":[{"href":"http:\/\/asistentasocialaturda.ro\/index.php\/wp-json\/wp\/v2\/posts\/584","targetHints":{"allow":["GET"]}}],"collection":[{"href":"http:\/\/asistentasocialaturda.ro\/index.php\/wp-json\/wp\/v2\/posts"}],"about":[{"href":"http:\/\/asistentasocialaturda.ro\/index.php\/wp-json\/wp\/v2\/types\/post"}],"author":[{"embeddable":true,"href":"http:\/\/asistentasocialaturda.ro\/index.php\/wp-json\/wp\/v2\/users\/1"}],"replies":[{"embeddable":true,"href":"http:\/\/asistentasocialaturda.ro\/index.php\/wp-json\/wp\/v2\/comments?post=584"}],"version-history":[{"count":3,"href":"http:\/\/asistentasocialaturda.ro\/index.php\/wp-json\/wp\/v2\/posts\/584\/revisions"}],"predecessor-version":[{"id":593,"href":"http:\/\/asistentasocialaturda.ro\/index.php\/wp-json\/wp\/v2\/posts\/584\/revisions\/593"}],"wp:attachment":[{"href":"http:\/\/asistentasocialaturda.ro\/index.php\/wp-json\/wp\/v2\/media?parent=584"}],"wp:term":[{"taxonomy":"category","embeddable":true,"href":"http:\/\/asistentasocialaturda.ro\/index.php\/wp-json\/wp\/v2\/categories?post=584"},{"taxonomy":"post_tag","embeddable":true,"href":"http:\/\/asistentasocialaturda.ro\/index.php\/wp-json\/wp\/v2\/tags?post=584"}],"curies":[{"name":"wp","href":"https:\/\/api.w.org\/{rel}","templated":true}]}}