{"id":536,"date":"2017-02-28T10:53:19","date_gmt":"2017-02-28T08:53:19","guid":{"rendered":"http:\/\/spasturda.ro\/?p=536"},"modified":"2017-12-07T11:32:34","modified_gmt":"2017-12-07T09:32:34","slug":"ghid-delegare-autoritate-parinteasca","status":"publish","type":"post","link":"http:\/\/asistentasocialaturda.ro\/index.php\/2017\/02\/28\/ghid-delegare-autoritate-parinteasca\/","title":{"rendered":"Ghid delegare autoritate p\u0103rinteasc\u0103"},"content":{"rendered":"<p style=\"text-align: center;\"><img loading=\"lazy\" decoding=\"async\" class=\"aligncenter size-medium wp-image-537\" src=\"http:\/\/spasturda.ro\/wp-content\/uploads\/2017\/02\/Memorie-temporara-Clipboard01-300x213.jpg\" alt=\"\" width=\"300\" height=\"213\" srcset=\"http:\/\/asistentasocialaturda.ro\/wp-content\/uploads\/2017\/02\/Memorie-temporara-Clipboard01-300x213.jpg 300w, http:\/\/asistentasocialaturda.ro\/wp-content\/uploads\/2017\/02\/Memorie-temporara-Clipboard01-768x544.jpg 768w, http:\/\/asistentasocialaturda.ro\/wp-content\/uploads\/2017\/02\/Memorie-temporara-Clipboard01-423x300.jpg 423w, http:\/\/asistentasocialaturda.ro\/wp-content\/uploads\/2017\/02\/Memorie-temporara-Clipboard01.jpg 900w\" sizes=\"auto, (max-width: 300px) 100vw, 300px\" \/><strong>DESPRE\u00a0<\/strong><strong>DELEGAREA AUTORITATII PARINTESTI<\/strong><\/p>\n<p style=\"text-align: justify;\">Acest \u00a0ghid este f\u0103cut pentru a veni \u00een sprijinul t\u0103u, \u00een calitate de p\u0103rinte care dore\u015fti s\u0103 pleci la munc\u0103 \u00een str\u0103in\u0103tate, pentru a cunoa\u0219te reglement\u0103rile legale ce garanteaz\u0103 siguran\u0163a \u015fi supravegherea copilului t\u0103u pe timpul c\u00e2t vei fi plecat la munc\u0103, \u00een afara \u0163\u0103rii. Chiar dac\u0103 pleci cu contract sau f\u0103r\u0103 contract de munc\u0103 (\u201ela negru\u201d), statul, prin institu\u0163iile abilitate, are obliga\u0163ia s\u0103 te ajute.<\/p>\n<p style=\"text-align: justify;\">Datorit\u0103 importan\u0163ei deosebite pe care o au \u00een via\u0163a noastr\u0103 copiii, aceste dispozi\u0163ii au fost instituite cu titlu de obliga\u0163ii \u00een sarcina p\u0103rin\u0163ilor, fapt ce \u00eent\u0103re\u015fte garan\u0163iile privind grija autorit\u0103\u0163ilor statului asupra supravegherii dezvolt\u0103rii normale a celor ce vor fi viitorul \u0163\u0103rii.<\/p>\n<p style=\"text-align: justify;\">Unele informa\u0163ii reg\u0103site \u00een acest \u00eendrumar \u0163i se vor p\u0103rea mai simple, altele mai complicate. Pentru a te l\u0103muri complet asupra aspectelor care te nedumeresc, te sf\u0103tuim s\u0103 contactezi Serviciul Public de Asisten\u0163\u0103 Social\u0103 de la domiciliul t\u0103u.<\/p>\n<p style=\"text-align: justify;\"><a href=\"http:\/\/www.mmuncii.ro\/j33\/images\/Documente\/Legislatie\/L272-2004-R.pdf\"><u>Legea 272\/2004<\/u><\/a> privind protec\u021bia \u0219i promovarea drepturilor copilului, modificat\u0103 prin Legea 257\/2013 prevede la Cap VI, o Sec\u0163iune special\u0103 ce cuprinde informa\u0163ii referitoare la Protec\u0163ia copilului cu p\u0103rin\u0163ii pleca\u0163i \u00een str\u0103in\u0103tate. Procedura de monitorizare a modului de cre\u015ftere \u015fi \u00eengrijire a copilului se reg\u0103se\u015fte \u00een <a href=\"http:\/\/www.copii.ro\/anpdca-content\/uploads\/2015\/09\/Hotarare-691-din-2015.docx\"><u>Hot\u0103r\u00e2rea de Guvern nr 691<\/u><\/a>, publicat\u0103 \u00een Monitorul Oficial la 01.09.2015.<\/p>\n<p style=\"text-align: justify;\">Prevederile legale cuprinse \u00een Legea 272\/2004 vizeaz\u0103 urm\u0103toarele categorii de persoane:<\/p>\n<p style=\"text-align: justify;\">&#8211; <u>Ambii p\u0103rin\u0163i<\/u> &#8211; Trebuie avut\u0103 \u00een vedere at\u00e2t situa\u021bia \u00een care cei doi p\u0103rin\u0163i pleac\u0103 \u00een acela\u015fi timp, c\u00e2t \u0219i situa\u021bia cel mai des \u00eent\u00e2lnit\u0103, \u00een care ini\u021bial pleac\u0103 un p\u0103rinte \u015fi ulterior pleac\u0103 \u0219i cel\u0103lalt p\u0103rinte din \u021bar\u0103.<\/p>\n<p style=\"text-align: justify;\">&#8211; <u>P\u0103rintele care exercit\u0103 singur autoritatea p\u0103rinteasc\u0103 &#8211;<\/u> Aceast\u0103 categorie vizeaz\u0103 p\u0103rin\u021bii care exercit\u0103 singuri autoritatea p\u0103rinteasc\u0103, urmare a divor\u021bului sau a altor situa\u021bii \u00een care a fost dispus\u0103 o astfel de m\u0103sur\u0103.<\/p>\n<p style=\"text-align: justify;\">&#8211; <u>P\u0103rintele cu care locuie\u015fte copilul <\/u>\u2013 Aceast\u0103 categorie vizeaz\u0103 p\u0103rin\u021bii care exercit\u0103 autoritatea p\u0103rinteasc\u0103 \u00een comun, iar urmare a divor\u021bului instan\u021ba a stabilit care este p\u0103rintele cu care copilul va locui \u00een mod obi\u0219nuit, urmare desfacerii c\u0103s\u0103toriei.<\/p>\n<p>&nbsp;<\/p>\n<ol>\n<li><strong>Obliga\u0163iile p\u0103rin\u0163ilor.<\/strong><\/li>\n<\/ol>\n<p><strong>ETAPE \u00ceN DERULAREA PROCEDURII<\/strong><\/p>\n<ol>\n<li style=\"text-align: justify;\"><strong><u> Transmiterea notific\u0103rii c\u0103tre Serviciul Public de Asisten\u021b\u0103 Social\u0103 din localitatea de la domiciliu<\/u><\/strong><\/li>\n<\/ol>\n<p style=\"text-align: justify;\">P\u0103rintele care se reg\u0103se\u015fte \u00eentr-una din situa\u0163iile enumerate anterior trebuie s\u0103 notifice inten\u0163ia de a pleca la munc\u0103 \u00een str\u0103in\u0103tate Serviciului Public de Asisten\u0163\u0103 Social\u0103 din localitatea de domiciliu. Ca model pentru aceast\u0103 notificare poate fi folosit\u0103 Anexa 2 a Ordinului 219\/2006, tipizat care poate fi pus la dispozi\u021bia p\u0103rin\u021bilor doritori de c\u0103tre SPAS.<\/p>\n<p style=\"text-align: justify;\"><strong><em>Obliga\u021bia notific\u0103rii SPAS revine tuturor p\u0103rin\u021bilor care pleac\u0103 la munc\u0103 \u00een str\u0103in\u0103tate<\/em><\/strong> din categoriile mai sus men\u021bionate, <strong><em>indiferent dac\u0103 munca \u00een str\u0103in\u0103tate implic\u0103 sau nu \u0219i existen\u021ba unui contract de munc\u0103<\/em><\/strong>.<\/p>\n<p style=\"text-align: justify;\">Notificarea SPAS poate fi realizat\u0103 prin:<\/p>\n<p style=\"text-align: justify;\">&#8211;\u00a0\u00a0\u00a0\u00a0 depunerea notific\u0103rii de c\u0103tre p\u0103rintele interesat direct la sediul Prim\u0103riei de domiciliu,<\/p>\n<p style=\"text-align: justify;\">&#8211;\u00a0\u00a0\u00a0\u00a0 prin transmiterea acesteia prin e-mail, fax, scrisoare, po\u0219t\u0103, curier etc. la SPAS<\/p>\n<p style=\"text-align: justify;\"><u>\u00cen cazul p\u0103rin\u021bilor afla\u021bi deja \u00een str\u0103in\u0103tate, este considerat\u0103 ca fiind posibil\u0103 transmiterea notific\u0103rii din str\u0103in\u0103tate, prin mijloacele mai sus-men\u021bionate<\/u>.<\/p>\n<p style=\"text-align: justify;\">Indiferent de modelul folosit (pentru p\u0103rin\u021bii care nu ajung \u00een contact direct cu SPAS-ul va fi greu s\u0103 foloseasc\u0103 un tipizat), \u00een cuprinsul notific\u0103rii vor trebui s\u0103 se reg\u0103seasc\u0103 \u00een mod obligatoriu urm\u0103toarele elemente:<\/p>\n<p style=\"text-align: justify;\">&#8211; <strong><em>datele de identitate ale persoanei \u00een grija c\u0103reia va fi l\u0103sat copilul<\/em><\/strong> pe durata absen\u021bei din \u021bar\u0103 a p\u0103rintelui\/p\u0103rin\u021bilor,<\/p>\n<p style=\"text-align: justify;\">&#8211; <strong><em>adresa la care copilul va urma s\u0103 locuiasc\u0103 \u00een viitor<\/em><\/strong>, dup\u0103 plecarea p\u0103rintelui\/p\u0103rin\u021bilor,<\/p>\n<p style=\"text-align: justify;\"><strong><em>-\u00eendeplinirea de c\u0103tre persoana \u00een grija c\u0103reia urmeaz\u0103 a fi l\u0103sat copilul a condi\u021biilor prev\u0103zute la art. 105, alin. (1) din legea 272\/2004<\/em><\/strong>, referitoare la apartenen\u021ba acesteia la familia extins\u0103 (s\u0103 fie rud\u0103 p\u00e2n\u0103 la gradul IV inclusiv, cu minorul \u2013 persoana poate fi bunic, unchi\/m\u0103tu\u015f\u0103, v\u0103r, nepot, frate\/sor\u0103, str\u0103bunic, frate al unui bunic), la v\u00e2rst\u0103 &#8211; s\u0103 aib\u0103 minimum 18 ani \u00eemplini\u0163i.<\/p>\n<p style=\"text-align: justify;\"><strong><em><u>\u00cen ceea ce prive\u015fte termenul de 40 de zile men\u0163ionat \u00een lege<\/u><\/em><\/strong> ca termen \u00een interiorul c\u0103ruia urmeaz\u0103 a fi depus\u0103 de c\u0103tre p\u0103rinte\/p\u0103rin\u021bi notificarea, apreciem c\u0103 <strong><em><u>acesta trebuie s\u0103 fie interpretat ca un termen de recomandare \u015fi nu ca unul imperativ, a c\u0103rui nerespectare s\u0103 atrag\u0103 dup\u0103 sine ne\u00eendeplinirea acestei obliga\u021bii.<\/u><\/em><\/strong><\/p>\n<p style=\"text-align: justify;\"><strong><em><u>!!! Astfel, notificarea poate fi depus\u0103 \u0219i cu mai pu\u021bin de 40 de zile \u00eenainte de plecarea p\u0103rintelui\/p\u0103rin\u021bilor din \u021bar\u0103.<\/u><\/em><\/strong><\/p>\n<p><strong><em><u>\u00a0<\/u><\/em><\/strong><\/p>\n<p style=\"text-align: justify;\">Mai mult, scopul introducerii acestor prevederi legale a fost \u0219i acela de a asigura o monitorizare c\u00e2t mai exact\u0103 a tuturor cazurilor copiilor ai c\u0103ror p\u0103rin\u021bi sunt pleca\u021bi la munc\u0103 \u00een str\u0103in\u0103tate \u0219i sprijinirea autorit\u0103\u021bilor de la nivel local \u00een realizarea unor eviden\u021be c\u00e2t mai complete ale num\u0103rului real al copiilor care intr\u0103 \u00een aceast\u0103 categorie.<\/p>\n<ol style=\"text-align: justify;\">\n<li><strong> Obliga\u0163iile Serviciului de Asisten\u0163\u0103 Social\u0103 \u015fi procedura \u00een fa\u0163a instan\u0163ei<\/strong><\/li>\n<\/ol>\n<p style=\"text-align: justify;\">Instan\u0163a de tutel\u0103 sau judec\u0103toria din raza domiciliului va analiza persoana propus\u0103, \u00een urma verific\u0103rii posibilit\u0103\u0163ilor materiale \u015fi a garan\u0163iilor morale. \u00cen acest sens, se vor putea depune \u00eenscrisuri care s\u0103 dovedeasc\u0103 c\u0103 persoana c\u0103reia i se preda exercitarea autorit\u0103\u0163ii p\u0103rinte\u015fti are venituri care s\u0103-i ofere posibilitatea de a \u00eentre\u0163ine minorul, precum \u015fi c\u0103 are un comportament adecvat cre\u015fterii unui copil.<\/p>\n<p style=\"text-align: justify;\">De asemenea, trebuie stiut c\u0103 perioada maxim\u0103 pentru care instan\u0163a poate \u00eencredin\u0163a cre\u015fterea copilului \u015fi supravegherea sa unei alte persoane este de maxim 1 an de zile. Instan\u0163a va \u00eentreba persoana desemnat\u0103 dac\u0103 este de acord s\u0103 preia exercitarea autorit\u0103\u0163ii p\u0103rinte\u015fti, fapt ce impune o obliga\u0163ie \u00een sarcina persoanei respective, aceea de a se prezenta personal la instan\u0163\u0103, \u00eentruc\u00e2t acordul poate fi exprimat doar verbal, \u00een fa\u0163a instan\u0163ei.<\/p>\n<p style=\"text-align: justify;\">Procedura \u00een fa\u0163\u0103 instan\u0163ei este necontencioas\u0103 \u015fi, conform legii, se solu\u0163ioneaz\u0103 \u00een maxim 3 zile de la depunerea cererii.<\/p>\n<p style=\"text-align: justify;\">Instan\u0163a va enumera \u00een hot\u0103r\u00e2re care sunt drepturile \u015fi \u00eendatoririle ce trebuie respectate de c\u0103tre persoana ce a preluat exercitarea autorit\u0103\u0163ii p\u0103rinte\u015fti. De asemenea, persoana respectiv\u0103 va trebui s\u0103 urmeze obligatoriu, un program de consiliere organizat de c\u0103tre Serviciul Public de Asisten\u0163\u0103 Social\u0103 din cadrul Prim\u0103riei unde domiciliaz\u0103.<\/p>\n<p style=\"text-align: justify;\">Acest lucru va fi asigurat prin luarea \u00een eviden\u0163\u0103 a cazurilor semnalate, \u00een urm\u0103 comunic\u0103rii de c\u0103tre instan\u0163a de judecat\u0103 a unei copii de pe hot\u0103r\u00e2rea pronun\u0163at\u0103 c\u0103tre primarul de la domiciliul copilului precum \u015fi a alteia c\u0103tre primarul de la domiciliul persoanei c\u0103reia i-au fost \u00eencredin\u0163ate drepturile.<\/p>\n<p style=\"text-align: justify;\">\u00cen primele 6 luni dup\u0103 primirea hot\u0103r\u00e2rii de c\u0103tre primarii men\u0163iona\u0163i anterior, Serviciul Public de Asisten\u0163\u0103 Social\u0103 va efectua vizite la domiciliul persoanei care are \u00een supraveghere minorul, din dou\u0103 \u00een dou\u0103 luni, pentru a verifica dac\u0103 sunt respectate drepturile \u015fi obliga\u0163iile inserate \u00een hot\u0103r\u00e2rea instan\u0163ei de delegare a autorit\u0103\u0163ii p\u0103rinte\u015fti, aspecte privind situa\u0163ia \u015fcolar\u0103 a minorului, grupurile de persoane cu care intr\u0103 \u00een contact, precum \u015fi modalitatea \u015fi consecven\u0163a men\u0163inerii leg\u0103turii cu p\u0103rin\u0163ii.<\/p>\n<p style=\"text-align: justify;\">\u00cen urma acestor vizite, reprezentantul Serviciului Public de Asisten\u0163\u0103 Social\u0103 va \u00eentocmi c\u00e2te un raport care s\u0103 con\u0163in\u0103 analizarea aspectelor de mai sus.<\/p>\n<p style=\"text-align: justify;\">\u00cen cazul \u00een care constat\u0103 probleme ale minorului privind situa\u0163ia \u015fcolar\u0103, anturajul d\u0103un\u0103tor, starea medical\u0103 sau alte aspecte negative care au intervenit pe parcursul supravegherii, serviciul public de asisten\u0163\u0103 social\u0103 are obliga\u0163ia de a anun\u0163a de \u00eendat\u0103 \u015fi de a solicita sprijin, consilierului \u015fcolar, psihologului, direc\u0163iei generale de asisten\u0163\u0103 social\u0103 \u015fi protec\u0163ie a copilului, medicului de familie, sau oric\u0103rei alte autorit\u0103\u021bi\/institu\u0163ii publice locale.<\/p>\n<p style=\"text-align: justify;\">Totodat\u0103, v\u0103 inform\u0103m c\u0103 Legea prevede \u015fi o sanc\u0163iune contraven\u0163ional\u0103 (amenda de la 500 la 1,000 ron) pentru p\u0103rin\u0163i, pentru nerespectarea obliga\u0163iei de a notifica Serviciului Public de Asisten\u021b\u0103 Social\u0103 plecarea la munc\u0103 \u00een str\u0103in\u0103tate.<\/p>\n<p style=\"text-align: justify;\">Men\u021bion\u0103m c\u0103 in \u00a0conformitate cu \u00a0Sec\u021biunea 4 din Legea 272\/2004 modificat\u0103, notificarea SPAS cu privire la persoana \u00een care grija c\u0103reia va r\u0103m\u00e2ne copilul este doar o etap\u0103 \u00een procedura de delegare a autorit\u0103\u021bii p\u0103rinte\u0219ti, neav\u00e2nd nicio valoare juridic\u0103 \u00een sine, procedura fiind definitivat\u0103 doar de instan\u021ba de judecat\u0103.<\/p>\n<p style=\"text-align: justify;\">\u00cen aceast\u0103 etap\u0103, personalul din cadrul Serviciului Public de Asisten\u0163\u0103 Social\u0103 consiliaz\u0103 \u015fi informeaz\u0103 persoanele \u00een cauz\u0103 cu privire la reglement\u0103rile legale \u00een vigoare \u015fi pa\u015fii ce trebuie urma\u0163i, solicit\u00e2nd totodat\u0103 \u015fi documentele relevante necesare parcurgerii procedurii de delegare temporar\u0103 a drepturilor p\u0103rinte\u015fti, pentru instan\u021ba de judecat\u0103, \u00een conformitate cu prevederile art. 105, alin. (3) din Legea 272\/2004.<\/p>\n<p style=\"text-align: justify;\">Tot \u00een aceast\u0103 etap\u0103 consider\u0103m util s\u0103 \u00eenm\u00e2nam p\u0103rintelui interesat, <strong><em><u>un model orientativ de cerere adresat\u0103 instan\u021bei<\/u><\/em><\/strong> (vezi <strong><em>Anexa 2), <\/em><\/strong>s\u0103 \u00eel \u00eendrumam \u00een completarea acesteia, \u015fi s\u0103 \u00eei oferim o list\u0103 cu documentele conexe care trebuie depuse la SPAS \u0219i implicit la instan\u021b\u0103, \u00eempreun\u0103 cu cererea respectiv\u0103 (vezi\u00a0 <strong><em>Anexa 3<\/em><\/strong>).<\/p>\n<p style=\"text-align: justify;\">Dup\u0103 primirea notific\u0103rii, <strong><em>reprezentan\u0163ii Serviciului Public de Asisten\u0163\u0103 Social\u0103 vor efectua o anchet\u0103 social\u0103 la domiciliul persoanei la care copilul va locui pe perioada deleg\u0103rii, document care s\u0103 fie inclus \u00een dosarul care va fi transmis instan\u021bei.<\/em><\/strong><\/p>\n<p style=\"text-align: justify;\">Raportul de anchet\u0103 social\u0103 va trebui s\u0103 con\u021bin\u0103 informa\u021bii relevante \u0219i complete despre situa\u021bia persoanei c\u0103reia i se deleag\u0103 autoritatea p\u0103rinteasc\u0103 \u0219i rela\u021bia acesteia cu copilul\/copiii, despre situa\u021bia copilului \u0219i a p\u0103rin\u021bilor acestora.<\/p>\n<ol start=\"3\">\n<li><strong><u> \u00cenaintarea actelor la instan\u021b\u0103 (judec\u0103toria competent\u0103 teritorial)<\/u><\/strong><\/li>\n<\/ol>\n<p style=\"text-align: justify;\">De\u015fi Serviciul Public de Asisten\u0163\u0103 Social\u0103 nu are calitate procesual\u0103 expres prevazut\u0103 \u00een prezenta procedur\u0103, acesta are un rol determinant \u00een ini\u0163ierea \u015fi celeritatea ei, precum \u015fi \u00een ob\u0163inerea unei finalit\u0103\u0163i \u00een interesul copilului.<\/p>\n<p style=\"text-align: justify;\"><strong><em>Av\u00e2nd \u00een vedere c\u0103 transmiterea propriu-zis\u0103 a cererii formulate de p\u0103rinte \u015fi a actelor la instan\u0163\u0103 nu impune o anumit\u0103 calitate procesual\u0103 sau vreo formalitate suplimentar\u0103 ulterioar\u0103 complet\u0103rii \u015fi semn\u0103rii cererii, aceasta se poate face fie de c\u0103tre p\u0103rinte, fie de c\u0103tre alt\u0103 persoan\u0103 interesat\u0103 (ex: persoana c\u0103reia urmeaz\u0103 s\u0103-i fie delegat\u0103 autoritatea p\u0103rinteasc\u0103), fie de c\u0103tre reprezentan\u0163ii SPAS, <u>prin depunerea acestora direct\u0103 sau prin transmiterea lor prin po\u015ft\u0103\/curierat, mail, fax.<\/u> <\/em><\/strong><\/p>\n<ol start=\"4\">\n<li><strong><u> Judecarea cererii \u0219i definitivarea procedurii<\/u><\/strong><\/li>\n<\/ol>\n<p style=\"text-align: justify;\">Un aspect important care trebuie luat \u00een considerare \u00een aceast\u0103 etap\u0103 \u00eel reprezint\u0103 ascultarea copilului. \u00cen conformitate cu prevederile art. 29 din Legea 272\/2004, \u201d\u00cen orice procedur\u0103 judiciar\u0103 sau administrativ\u0103 care \u00eel prive\u015fte, copilul are dreptul de a fi ascultat. Este obligatorie ascultarea copilului care a \u00eemplinit v\u00e2rsta de 10 ani. Cu toate acestea, poate fi ascultat \u015fi copilul care nu a \u00eemplinit v\u00e2rsta de 10 ani, dac\u0103 autoritatea competent\u0103 apreciaz\u0103 c\u0103 audierea lui este necesar\u0103 pentru solu\u0163ionarea cauzei.\u201d<\/p>\n<p style=\"text-align: justify;\">Cererea f\u0103cut\u0103 \u00een materie necontencioas\u0103 se solu\u0163ioneaz\u0103 printr-o \u00eencheiere, care \u00een conformitate cu art. 535 Cod procedura Civil\u0103 nu are autoritate de lucru judecat, instan\u0163a put\u00e2nd reveni asupra acestei \u00eencheieri, la cererea celui interesat, dac\u0103 situa\u0163ia de fapt avut\u0103 \u00een vedere la pronun\u0163are s-a schimbat.<\/p>\n<p style=\"text-align: justify;\">Astfel, p\u0103rintele \u00eentors \u00een \u021bar\u0103 \u00eentr-o perioad\u0103 mai scurt\u0103 dec\u00e2t cea pentru care a fost pronun\u021bat\u0103 delegarea, poate \u00eenainta o cerere pentru revocarea deleg\u0103rii autorit\u0103\u021bii p\u0103rinte\u0219ti. De asemenea, este posibil\u0103 men\u021binerea perioadei \u00een care a fost f\u0103cut\u0103 delegarea, cu \u00eenlocuirea persoanei c\u0103reia i-au fost delegate drepturile.<\/p>\n<p style=\"text-align: justify;\">\u00cen ceea ce prive\u0219te termenul de 3 zile \u00een care instan\u0163a ar trebui s\u0103 se pronun\u021be, potrivit prevederilor Sec\u021biunii IV din Legea 272\/2004, jurispruden\u021ba existent\u0103 p\u00e2n\u0103 \u00een prezent demonstreaz\u0103 o practic\u0103 neunitar\u0103 la nivelul instan\u021belor de judecat\u0103, motiv pentru care \u00een func\u021bie de situa\u021bie, termenele din aceste dosare pot fi \u0219i mai mari de 3 zile.<\/p>\n<p style=\"text-align: justify;\">\u00cen multe situa\u021bii, dep\u0103\u015firea de c\u0103tre instan\u021b\u0103 a acestui termen poate fi determinat\u0103 de insuficien\u0163a informa\u0163iilor puse la dispozi\u0163ia judec\u0103torului care trebuie s\u0103 dispun\u0103 \u00eentr-o procedur\u0103 care exclude contradictorialitatea.<\/p>\n<p style=\"text-align: justify;\">\u00cencheierea de delegare a autorit\u0103\u0163ii p\u0103rinte\u015fti trebuie s\u0103 cuprind\u0103 atribu\u0163iile autorit\u0103\u0163ii p\u0103rinte\u015fti care au fost delegate, perioada deleg\u0103rii, precum \u015fi domiciliul unde urmeaz\u0103 s\u0103 locuiasc\u0103 minorul \u00een aceast\u0103 perioad\u0103.<\/p>\n<p style=\"text-align: justify;\"><strong><em><u>P\u0103rin\u0163ii trebuie informa\u0163i cu privire la faptul c\u0103 delegarea autorit\u0103\u0163ii p\u0103rinte\u0219ti pentru o anumit\u0103 perioad\u0103 de timp (maxim 1 an, conf Sec\u0163iunii IV, minimul nefiind prev\u0103zut expres) nu este echivalent\u0103 cu dec\u0103derea lor din drepturile p\u0103rinte\u015fti sau cu o limitare a exerci\u021biului acestora. <\/u><\/em><\/strong><\/p>\n<p style=\"text-align: justify;\">\u00cen cazul <strong><em>familiilor divor\u021bate<\/em><\/strong>, \u00een care p\u0103rintele nerezident nu este de acord ca p\u0103rintele rezident (la care locuie\u0219te minorul) s\u0103-\u0219i delege autoritatea c\u0103tre o anumit\u0103 rud\u0103 a copilului, facem urm\u0103toarele preciz\u0103ri:<\/p>\n<p style=\"text-align: justify;\">P\u0103rintele nerezident poate solicita instan\u021bei de judecat\u0103 modificarea hot\u0103r\u00e2rii privind \u00eencuviin\u021barea deleg\u0103rii (apel), c\u00e2t \u0219i a modalit\u0103\u021bii de exercitare a autorit\u0103\u021bii p\u0103rinte\u0219ti \u0219i a locuin\u021bei minorului stabilite prin hot\u0103r\u00e2rea de divor\u021b (chiar dac\u0103 \u00een leg\u0103tur\u0103 cu copilul s\u0103u a fost dispus\u0103 delegarea anumitor drepturi p\u0103rinte\u0219ti). Astfel, exist\u0103 posibilitatea celuilalt p\u0103rinte (p\u0103rintele nerezident) de a prelua el \u00eensu\u015fi exerci\u0163iul deplin al autorit\u0103\u0163ii p\u0103rinte\u0219ti.<\/p>\n<p><strong><em><u>\u00a0<\/u><\/em><\/strong><\/p>\n<p><strong><em><u>\u00a0<\/u><\/em><\/strong><\/p>\n<p><strong><em><u>Anexa 1<\/u><\/em><\/strong><\/p>\n<p>&nbsp;<\/p>\n<p>Nr\u2026\u2026\u2026\u2026\/\u2026\u2026\u2026\u2026\u2026\u2026\u2026\u2026\u2026<\/p>\n<p><strong><u>\u00a0<\/u><\/strong><\/p>\n<p><u>NOTIFICARE<\/u><\/p>\n<p style=\"text-align: center;\">CATRE<\/p>\n<p style=\"text-align: center;\">SERVICIUL PUBLIC\u00a0\u00a0 DE ASISTENTA SOCIALA\u00a0 TURDA<\/p>\n<p>&nbsp;<\/p>\n<p>AUTORITATEA TUTELARA<\/p>\n<p>Subsemnatul\/a\u2026\u2026\u2026\u2026\u2026\u2026\u2026\u2026\u2026\u2026\u2026\u2026\u2026\u2026\u2026\u2026\u2026\u2026\u2026\u2026\u2026\u2026\u2026\u2026\u2026, domiciliat\/a in Turda, str\u2026&#8230;&#8230;&#8230;&#8230;&#8230;&#8230;&#8230;&#8230;&#8230;&#8230;&#8230;&#8230;&#8230;&#8230;&#8230;., nr \u2026\u2026\u2026\u2026, bl \u2026\u2026\u2026\u2026.., sc \u2026\u2026\u2026., ap \u2026. legitimat\/a cu \u2026\u2026seria\u2026\u2026., nr\u2026\u2026\u2026\u2026.., CNP\u2026\u2026\u2026\u2026\u2026\u2026\u2026\u2026\u2026\u2026\u2026\u2026\u2026\u2026\u2026\u2026 , telefon\u2026\u2026\u2026\u2026\u2026\u2026\u2026\u2026\u2026, \u00a0\u00een calitate de p\u0103rinte\/reprezentant legal\u00a0 a\/al\u2026\u2026\u2026\u2026\u2026\u2026\u2026\u2026\u2026\u2026\u2026\u2026\u2026\u2026\u2026\u2026\u2026\u2026\u2026\u2026\u2026\u2026\u2026\u2026CNP\u2026\u2026\u2026\u2026\u2026\u2026\u2026\u2026\u2026\u2026\u2026\u2026\u2026\u2026\u2026\u2026\u2026\u2026\u2026\u2026\u2026\u2026\u2026\u2026\u2026\u2026\u2026\u2026\u2026\u2026\u2026\u2026\u2026\u2026\u2026\u2026. CNP\u2026\u2026\u2026\u2026\u2026\u2026\u2026\u2026\u2026\u2026\u2026<\/p>\n<p>\u2026\u2026\u2026\u2026\u2026\u2026\u2026\u2026\u2026\u2026\u2026\u2026\u2026\u2026\u2026\u2026\u2026\u2026\u2026\u2026\u2026\u2026\u2026\u2026\u2026 CNP \u2026\u2026\u2026\u2026\u2026\u2026\u2026\u2026\u2026\u2026\u2026..<\/p>\n<p style=\"text-align: justify;\">n<u>otific<\/u> Serviciul Public de Asistenta Sociala Turda cu privire la intentia mea de a pleca la munca in strainatate________________ \u00eencep\u00e2nd din data de______________, pe o perioad\u0103 de _________luni\/an.<\/p>\n<p>&nbsp;<\/p>\n<p>&nbsp;<\/p>\n<p>Precizez faptul ca minorul\/minorii \u2026\u2026\u2026\u2026\u2026\u2026\u2026\u2026\u2026\u2026\u2026\u2026\u2026\u2026\u2026\u2026\u2026\u2026\u2026&#8230;&#8230;&#8230;&#8230;&#8230;&#8230;&#8230;&#8230;&#8230;..<\/p>\n<p>imi sunt incredintati spre crestere si educare, conform \u2026\u2026\u2026\u2026\u2026\u2026\u2026\u2026\u2026\u2026\u2026\u2026\u2026\u2026\u2026\u2026\u2026\u2026\u2026\u2026\u2026\u2026\u2026\u2026\u2026\u2026\u2026\u2026\u2026\u2026&#8230;<\/p>\n<p>&nbsp;<\/p>\n<p style=\"text-align: justify;\">Desemnez pe \u2026\u2026\u2026\u2026\u2026\u2026\u2026\u2026\u2026\u2026\u2026\u2026\u2026\u2026\u2026\u2026\u2026\u2026\u2026\u2026\u2026\u2026\u2026\u2026\u2026.., domiciliat\/a in \u2026\u2026\u2026\u2026\u2026\u2026\u2026\u2026\u2026.. str \u2026&#8230;&#8230;&#8230;&#8230;&#8230;&#8230;&#8230;&#8230;&#8230;&#8230;&#8230;&#8230;&#8230;&#8230;&#8230;&#8230;&#8230;&#8230;&#8230;&#8230;&#8230;&#8230;., nr \u2026\u2026.. bl \u2026.. sc \u2026\u2026\u2026., ap \u2026\u2026.., legitimat\/a cu \u2026\u2026 seria \u2026\u2026., nr \u2026\u2026\u2026\u2026.., CNP \u2026\u2026\u2026\u2026\u2026\u2026&#8230;.\u2026, telefon \u2026\u2026\u2026\u2026\u2026\u2026\u2026\u2026.. in calitate de \u2026\u2026\u2026\u2026\u2026\u2026\u2026\u2026\u2026.., persoana ce face parte din familia extinsa, care se va ocupa de intretinerea minorului\/minorilor .<\/p>\n<p style=\"text-align: justify;\">Am luat la cunostinta de faptul ca pentru confirmarea persoanei in intretinerea careia ramane minorul\/minorii, trebuie sa ma adresez cu cerere catre instanta de tutela , care va stabili totodata, atat drepturile, cat si indatoririle parintesti care se deleaga, precum si perioada pentru care are loc delegarea. Cererea se solutioneaza in procedura necontencioasa, in termen de 3 zile de la depunerea acesteia.<\/p>\n<p>&nbsp;<\/p>\n<p>Anexez prezentei notificari:<\/p>\n<p>&#8211;\u00a0\u00a0\u00a0\u00a0\u00a0\u00a0 Copie act identitate parinte;<\/p>\n<p style=\"text-align: justify;\">&#8211;\u00a0\u00a0\u00a0\u00a0\u00a0\u00a0 Copie act identitate minor\/minori ( certificat nastere)sau CI daca are 14 ani sau peste;<\/p>\n<p>&#8211;\u00a0\u00a0\u00a0 Copie act identitate persoana desemnata;<\/p>\n<p>&#8211;\u00a0\u00a0\u00a0 Copie act de incredintare minor\/minori . (hotarare judecatoreasca,etc)<\/p>\n<p>&#8211;\u00a0\u00a0\u00a0 Copie sentinta judecatoreasca divort<\/p>\n<p>&#8211;\u00a0\u00a0\u00a0 Declaratie pe propria raspundere a persoanei desemnate<\/p>\n<p>&nbsp;<\/p>\n<p>DATA\u00a0\u00a0\u00a0\u00a0\u00a0\u00a0\u00a0\u00a0\u00a0\u00a0\u00a0\u00a0\u00a0\u00a0\u00a0\u00a0\u00a0\u00a0\u00a0\u00a0\u00a0\u00a0\u00a0\u00a0\u00a0\u00a0\u00a0\u00a0\u00a0\u00a0\u00a0\u00a0\u00a0\u00a0\u00a0\u00a0\u00a0\u00a0\u00a0\u00a0\u00a0\u00a0\u00a0\u00a0\u00a0\u00a0\u00a0\u00a0\u00a0\u00a0\u00a0\u00a0\u00a0\u00a0\u00a0\u00a0\u00a0\u00a0\u00a0\u00a0\u00a0\u00a0\u00a0\u00a0\u00a0\u00a0\u00a0\u00a0\u00a0\u00a0\u00a0\u00a0\u00a0\u00a0\u00a0\u00a0\u00a0\u00a0\u00a0\u00a0\u00a0\u00a0\u00a0\u00a0\u00a0\u00a0\u00a0\u00a0\u00a0\u00a0 SEMNATURA<\/p>\n<p>&nbsp;<\/p>\n<p><strong><em><u>\u00a0<\/u><\/em><\/strong><\/p>\n<p><strong><em><u>\u00a0<\/u><\/em><\/strong><\/p>\n<p><strong><em><u>\u00a0<\/u><\/em><\/strong><\/p>\n<p><strong><em><u>Anexa 2 <\/u><\/em><\/strong><\/p>\n<p><strong><em><u>\u00a0<\/u><\/em><\/strong><\/p>\n<p style=\"text-align: center;\"><strong>C\u0103tre Judec\u0103toria\u00ad\u00ad\u00ad\u00ad\u00ad _____________________<\/strong><\/p>\n<p style=\"text-align: center;\"><strong>\u00a0<\/strong><strong><em>Domnule Pre\u015fedinte, <\/em><\/strong><\/p>\n<p><strong><em>\u00a0<\/em><\/strong><\/p>\n<p style=\"text-align: justify;\"><strong>Subsemnatul\/Subsemnata ____________________ <\/strong>(<em>nume, prenume<\/em>), cu domiciliul \u00een _____ _______________________________________, cu domiciliul procesual ales pentru comunicarea actelor de procedur\u0103 la ________________________________________,\u00a0 <strong>solicit citarea \u00een calitate de intimat<\/strong> a\u00a0:<\/p>\n<p style=\"text-align: justify;\">Numitului\/Numitei _______________________ <em>(se men\u021bioneaz\u0103 persoana desemnat\u0103 pentru delegarea autorit\u0103\u021bii p\u0103rinte\u0219ti<\/em>), cu domiciliul \u00een ___________________________________________, av\u00e2nd codul numeric personal___________________<\/p>\n<p style=\"text-align: justify;\">\u00centruc\u00e2t \u00een temeiul dispozi\u021biilor art. 527 \u0219i urm. din C. proc. civ., si art 104-108 din Legea 272\/2004, formulez<\/p>\n<p><strong>Cerere de Delegare a Autorit\u0103\u021bii P\u0103rinte\u0219ti,<\/strong><\/p>\n<p style=\"text-align: justify;\">prin care solicit instan\u0163ei s\u0103 \u00eencuviin\u021beze cererea subsemnatului\/subsemnatei de delegare a autorit\u0103\u021bii p\u0103rinte\u0219ti cu privire la fiul\/fiica meu\/mea minor\/minor\u0103________________________________, \u00een v\u00e2rst\u0103 de __ ani, CNP ___________________________.<\/p>\n<p style=\"text-align: justify;\"><strong>\u00cen fapt<\/strong>, ar\u0103t c\u0103:<\/p>\n<p style=\"text-align: justify;\">Subsemnatul\/Subsemnata, sunt c\u0103s\u0103torit\u0103 cu numita\/numitul ________________, rela\u021bie \u00een urma c\u0103reia a rezultat minorul\/minora, ________________________, care domiciliaz\u0103 al\u0103turi de subsemnatul\/subsemnata la adresa _______________________________________, elev \u00een clasa ____ la \u0218coala ____________________________________<\/p>\n<p><em>Sau <\/em><\/p>\n<p style=\"text-align: justify;\">Subsemnatul\/Subsemnata\u00a0 am fost c\u0103s\u0103torit\/c\u0103s\u0103torit\u0103 cu numita\/numitul ______________________, rela\u021bie \u00een urma c\u0103reia a rezultat minorul\/minora ________________________, care domiciliaz\u0103 al\u0103turi de subsemnatul\/subsemnata la adresa _______________________________________, elev \u00een clasa ____ la \u0218coala __________________________, \u00een prezent fiind divor\u021bat\/divor\u021bat\u0103 de mama\/tat\u0103l copilului, instan\u021ba stabilind exercitarea autorit\u0103\u021bii p\u0103rinte\u0219ti \u00een comun\/exclusiv pentru subsemnatul\/subsemnata \u0219i locuin\u021ba minorului la mine, prin hot\u0103r\u00e2rea judec\u0103toareasc\u0103 nr___ din_________, pronun\u021bat\u0103 de Judec\u0103toria ___________________, r\u0103mas\u0103 definitiv\u0103 la data de___________,<\/p>\n<p><em>\u00a0<\/em><\/p>\n<p><em>Sau<\/em><\/p>\n<p style=\"text-align: justify;\">Subsemnatul\/Subsemnata am avut o rela\u021bie de concubinaj cu numita\/numitul, rela\u021bie \u00een urma c\u0103reia a rezultat minorul\/minora ____________________________ elev \u00een clasa ____ la \u0218coala __________________________, care domiciliaz\u0103 al\u0103turi de subsemnatul\/subsemnata la adresa _______________________________________<\/p>\n<p style=\"text-align: justify;\">Av\u00e2nd \u00een vedere aceste aspecte, doresc s\u0103 deleg autoritatea p\u0103rinteasc\u0103 c\u0103tre ___________________ (<em>numele<\/em>) ________________, \u00een calitate de _____________ a\/al minorului\/minorei (<em>se men\u021bioneaz\u0103 gradul de rudenie exemplu\u00a0: mam\u0103\/tat\u0103\/sora\/fratele\/etc<\/em>), pe perioada de ________(<em>maxim 1 an<\/em>), perioad\u0103 \u00een care voi pleca la munc\u0103 \u00een ora\u0219ul___________________, din _______________(<em>\u021bara<\/em>). Doresc s\u0103 deleg autoritatea p\u0103rinteasc\u0103 cu privire la exercitarea drepturilor copilului, cum ar fi:<\/p>\n<p>&nbsp;<\/p>\n<p>&#8211;\u00a0\u00a0\u00a0\u00a0\u00a0\u00a0 de a-l \u00eenso\u021bi \u0219i reprezenta \u00een fa\u021ba unit\u0103\u021bii \u0219colare pe care o frecventeaz\u0103,<\/p>\n<p>&#8211;\u00a0\u00a0\u00a0\u00a0\u00a0\u00a0 de a-l \u00eenso\u021bi \u0219i reprezenta \u00een fa\u021ba unit\u0103\u021bilor spitalice\u0219ti \u00een caz de nevoie,<\/p>\n<p>&#8211;\u00a0\u00a0\u00a0\u00a0\u00a0\u00a0 de a \u00eencasa aloca\u021bia,<\/p>\n<p style=\"text-align: justify;\">&#8211;\u00a0\u00a0\u00a0\u00a0\u00a0\u00a0 de a-l reprezenta \u00een efectuarea demersurilor necesare protej\u0103rii interesului superior al minorului \u00een fa\u021ba autorit\u0103\u021bilor \u0219i institu\u021biilor publice locale \u0219i jude\u021bene, pe raza jude\u021bului _________\u00a0;<\/p>\n<p style=\"text-align: justify;\">Pe perioada deplas\u0103rii voi putea fi contactat\/contactat\u0103 telefonic la nr. de tel \u00a0___________ sau pe mail _________________ sau la adresa ______________________________.<\/p>\n<p style=\"text-align: justify;\">Copilul locuie\u0219te \u00een prezent la adresa_______________________________________ \u0219i va locui \u00een continuare al\u0103turi de __________________________ la urm\u0103toarea adres\u0103 ______________________________________________________.<\/p>\n<p>&nbsp;<\/p>\n<p style=\"text-align: justify;\"><strong>\u00cen drept, <\/strong>ne \u00eentemeiem cererea pe dispozi\u0163iile: art. 148-151, 530 C.proc.civ. si art 104-108 din Legea 272\/2004.<\/p>\n<p><strong>\u00cen dovedire, <\/strong>solicit\u0103m \u00eencuviin\u0163area probei:<\/p>\n<p>&#8211;\u00a0\u00a0\u00a0\u00a0\u00a0\u00a0 cu \u00eenscrisuri\u00a0;<\/p>\n<p style=\"text-align: justify;\">&#8211;\u00a0\u00a0\u00a0\u00a0\u00a0\u00a0 audierea _________________________, (<em>se indic\u0103 persoana ce se dore\u0219te a fi audiat\u0103<\/em>) ______________________________, CNP ____________________, domiciliat\u0103 _______________________________________\u00a0;<\/p>\n<p>&nbsp;<\/p>\n<p><strong>\u00cen cadrul probei cu \u00eenscrisuri, <\/strong>depun urm\u0103toarele \u00eenscrisuri:<\/p>\n<p><em><u>Pentru p\u0103rinte\/p\u0103rin\u021bi<\/u><\/em><\/p>\n<p>&#8211;\u00a0\u00a0\u00a0\u00a0\u00a0\u00a0 Copie C.I. subsemnatul\/subsemnata;<\/p>\n<p>&#8211;\u00a0\u00a0\u00a0\u00a0\u00a0\u00a0 Copie certificat de c\u0103s\u0103torie;<\/p>\n<p>&#8211;\u00a0\u00a0\u00a0\u00a0\u00a0\u00a0 Copie certificat de deces al so\u021bului <em>(dac\u0103 este cazul);<\/em><\/p>\n<p style=\"text-align: justify;\">&#8211;\u00a0\u00a0\u00a0\u00a0\u00a0\u00a0 Copie hot\u0103r\u00e2re de divor\u021b nr __ pronun\u021bat\u0103 de Judec\u0103toria _________, r\u0103mas\u0103 definitiv\u0103 la data de _____________ <em>(dac\u0103 este cazul)<\/em>;<\/p>\n<p>&#8211;\u00a0\u00a0\u00a0\u00a0\u00a0\u00a0 Copie dovada deplas\u0103rii \u00een interes de serviciu\u00a0<em>(dac\u0103 exist\u0103<\/em>);<\/p>\n<p>&nbsp;<\/p>\n<p><em><u>Pentru copil<\/u><\/em><\/p>\n<p>&#8211;\u00a0\u00a0\u00a0\u00a0\u00a0\u00a0 Copie certificat de na\u0219tere\/carte de identitate al\/a minorului;<\/p>\n<p>&nbsp;<\/p>\n<p><em><u>Pentru persoana indicat\u0103 pentru a prelua autoritatea p\u0103rinteasc\u0103<\/u><\/em><\/p>\n<p>&#8211;\u00a0\u00a0\u00a0\u00a0\u00a0\u00a0 Copie C.I.;<\/p>\n<p>&#8211;\u00a0\u00a0\u00a0\u00a0\u00a0\u00a0 Copie adeverin\u0163\u0103 de salariat, talon de pensie etc.;<\/p>\n<p style=\"text-align: justify;\">&#8211;\u00a0\u00a0\u00a0\u00a0\u00a0\u00a0 Copie dovad\u0103 spa\u021biu de locuit (<em>\u00een cazul \u00een care minorul se va muta la aceast\u0103 persoan\u0103<\/em>);<\/p>\n<p>&#8211;\u00a0\u00a0\u00a0\u00a0\u00a0\u00a0 Declara\u0163ie pe propria r\u0103spundere c\u0103 are \/nu are al\u021bi copii \u00een \u00eentre\u021binere;<\/p>\n<p>&nbsp;<\/p>\n<p style=\"text-align: justify;\">&#8211;\u00a0\u00a0\u00a0\u00a0\u00a0\u00a0 Alte \u00eenscrisuri apreciate ca fiind relevante, \u00een copii certificate pentru conformitate cu originalul, \u00eentr-un singur exemplar, \u00een func\u021bie de situa\u021bie.<\/p>\n<p>&nbsp;<\/p>\n<p>Depunem prezenta cerere de chemare \u00een judecat\u0103, in 3 exemplare.<\/p>\n<p>&nbsp;<\/p>\n<p style=\"text-align: justify;\">Solicit\u0103m judecarea cauzei, \u00een lips\u0103 , \u00een conformitate cu art. 411 alin.(1) pct.2) din C. proc. civ.<\/p>\n<p>&nbsp;<\/p>\n<p><strong>Data,\u00a0\u00a0\u00a0\u00a0\u00a0\u00a0\u00a0\u00a0\u00a0\u00a0\u00a0\u00a0\u00a0\u00a0\u00a0\u00a0\u00a0\u00a0\u00a0\u00a0\u00a0\u00a0\u00a0\u00a0\u00a0\u00a0\u00a0\u00a0\u00a0\u00a0\u00a0\u00a0\u00a0\u00a0\u00a0\u00a0\u00a0\u00a0\u00a0\u00a0\u00a0\u00a0\u00a0\u00a0\u00a0\u00a0\u00a0\u00a0\u00a0\u00a0\u00a0\u00a0\u00a0\u00a0\u00a0\u00a0\u00a0\u00a0\u00a0\u00a0\u00a0\u00a0\u00a0\u00a0\u00a0\u00a0\u00a0\u00a0\u00a0\u00a0\u00a0\u00a0\u00a0\u00a0\u00a0\u00a0\u00a0\u00a0\u00a0\u00a0\u00a0\u00a0\u00a0\u00a0\u00a0\u00a0\u00a0 Semn\u0103tura,<\/strong><\/p>\n<p><strong>\u00a0<\/strong><\/p>\n<p><strong>\u00a0<\/strong><\/p>\n<p><strong><em>Domnului Pre\u015fedinte al Judec\u0103toriei ___________________________<\/em><\/strong><\/p>\n<p><strong><em><u>\u00a0<\/u><\/em><\/strong><\/p>\n<p><strong><em><u>\u00a0<\/u><\/em><\/strong><\/p>\n<p><strong><em><u>\u00a0<\/u><\/em><\/strong><\/p>\n<p><strong><em><u>Anexa 3<\/u><\/em><\/strong><\/p>\n<p><strong><em><u>\u00a0<\/u><\/em><\/strong><\/p>\n<p><strong><em><u>\u00a0<\/u><\/em><\/strong><\/p>\n<p style=\"text-align: justify;\"><strong><em><u>List\u0103 orientativ\u0103 cu documentele necesar a fi incluse \u00een dosarul transmis instan\u021bei, \u00een vederea nominaliz\u0103rii persoanei care va asigura cre\u0219terea \u0219i \u00eengrijirea copilului pe durata absen\u021bei p\u0103rin\u021bilor din \u021bar\u0103:<\/u><\/em><\/strong><\/p>\n<p style=\"text-align: justify;\"><strong><em><u>\u00a0<\/u><\/em><\/strong><\/p>\n<p style=\"text-align: justify;\">\u00fc documente ale p\u0103rintelui\/p\u0103rin\u0163ilor: copie acte de identitate \u015fi de stare civil\u0103 (certificat de c\u0103s\u0103torie),<\/p>\n<p style=\"text-align: justify;\">\u00fc dovada faptului c\u0103 p\u0103rintele respectiv exercit\u0103 singur autoritatea p\u0103rinteasc\u0103 (copie hot\u0103r\u00e2re judec\u0103toreasc\u0103 definitiv\u0103 \u015fi irevocabil\u0103 de divor\u0163, copie certificat de deces al celuilalt p\u0103rinte), dac\u0103 este cazul,<\/p>\n<p style=\"text-align: justify;\">\u00fc alte acte (dac\u0103 acestea exist\u0103) contract de munc\u0103, permis de munc\u0103 care s\u0103 ateste unde va\/vor pleca p\u0103rintele\/p\u0103rin\u021bii \u015fi pentru ce perioad\u0103 etc.<\/p>\n<p style=\"text-align: justify;\">\u00fc documente de stare civil\u0103 ale copilului: copie certificat de na\u0219tere\/carte de identitate;<\/p>\n<p style=\"text-align: justify;\">\u00fc documente pentru persoana \u00een grij\u0103 c\u0103reia va r\u0103m\u00e2ne copilul: copie act de identitate, dovada veniturilor (adeverin\u0163\u0103 de salariat, talon de pensie etc.), dovada spa\u0163iului de locuit, o declara\u0163ie pe propria r\u0103spundere c\u0103 are \/nu are al\u021bi copii \u00een \u00eentre\u021binere;<\/p>\n<p style=\"text-align: justify;\">\u00fc alte acte doveditoare care pot descrie situa\u021bia familial\u0103 sau a copilului, \u00een func\u021bie de situa\u021bie sau la cererea SPAS-ului sau a judec\u0103toriei.<\/p>\n<p style=\"text-align: justify;\"><img loading=\"lazy\" decoding=\"async\" class=\"aligncenter size-medium wp-image-538\" src=\"http:\/\/spasturda.ro\/wp-content\/uploads\/2017\/02\/Memorie-temporara-Clipboard02-300x200.jpg\" alt=\"\" width=\"300\" height=\"200\" srcset=\"http:\/\/asistentasocialaturda.ro\/wp-content\/uploads\/2017\/02\/Memorie-temporara-Clipboard02-300x200.jpg 300w, http:\/\/asistentasocialaturda.ro\/wp-content\/uploads\/2017\/02\/Memorie-temporara-Clipboard02-768x512.jpg 768w, http:\/\/asistentasocialaturda.ro\/wp-content\/uploads\/2017\/02\/Memorie-temporara-Clipboard02-1024x682.jpg 1024w, http:\/\/asistentasocialaturda.ro\/wp-content\/uploads\/2017\/02\/Memorie-temporara-Clipboard02-450x300.jpg 450w, http:\/\/asistentasocialaturda.ro\/wp-content\/uploads\/2017\/02\/Memorie-temporara-Clipboard02.jpg 1280w\" sizes=\"auto, (max-width: 300px) 100vw, 300px\" \/><\/p>\n","protected":false},"excerpt":{"rendered":"<p>DESPRE\u00a0DELEGAREA AUTORITATII PARINTESTI Acest \u00a0ghid este f\u0103cut pentru a veni \u00een sprijinul t\u0103u, \u00een calitate de p\u0103rinte care dore\u015fti s\u0103 pleci la munc\u0103 \u00een str\u0103in\u0103tate, pentru a cunoa\u0219te reglement\u0103rile legale ce garanteaz\u0103 siguran\u0163a \u015fi supravegherea copilului t\u0103u pe timpul c\u00e2t vei fi plecat la munc\u0103, \u00een afara \u0163\u0103rii. Chiar dac\u0103 pleci cu contract sau f\u0103r\u0103 contract de munc\u0103 (\u201ela negru\u201d), statul, prin institu\u0163iile abilitate, are obliga\u0163ia s\u0103 te ajute. Datorit\u0103 importan\u0163ei deosebite pe care o au \u00een via\u0163a noastr\u0103 copiii, aceste dispozi\u0163ii au fost instituite cu titlu de obliga\u0163ii \u00een sarcina p\u0103rin\u0163ilor, fapt ce \u00eent\u0103re\u015fte garan\u0163iile privind grija autorit\u0103\u0163ilor statului asupra supravegherii dezvolt\u0103rii normale a celor ce vor fi viitorul \u0163\u0103rii. Unele informa\u0163ii reg\u0103site \u00een acest \u00eendrumar \u0163i se vor p\u0103rea mai simple, altele mai complicate. Pentru a te l\u0103muri complet asupra aspectelor care te nedumeresc, te sf\u0103tuim s\u0103 contactezi Serviciul Public de Asisten\u0163\u0103 Social\u0103 de la domiciliul t\u0103u. Legea 272\/2004 privind protec\u021bia \u0219i promovarea drepturilor copilului, modificat\u0103 prin Legea 257\/2013 prevede la Cap VI, o Sec\u0163iune special\u0103 ce cuprinde informa\u0163ii referitoare la Protec\u0163ia copilului cu p\u0103rin\u0163ii pleca\u0163i \u00een str\u0103in\u0103tate. Procedura de monitorizare a modului de cre\u015ftere \u015fi \u00eengrijire a copilului se reg\u0103se\u015fte \u00een Hot\u0103r\u00e2rea de Guvern nr 691, publicat\u0103 \u00een Monitorul Oficial la 01.09.2015. Prevederile legale cuprinse \u00een Legea 272\/2004 vizeaz\u0103 urm\u0103toarele categorii de persoane: &#8211; Ambii p\u0103rin\u0163i &#8211; Trebuie avut\u0103 \u00een vedere at\u00e2t situa\u021bia \u00een care cei doi p\u0103rin\u0163i pleac\u0103 \u00een acela\u015fi timp, c\u00e2t \u0219i situa\u021bia cel mai des \u00eent\u00e2lnit\u0103, \u00een care ini\u021bial pleac\u0103 un p\u0103rinte \u015fi ulterior pleac\u0103 \u0219i cel\u0103lalt p\u0103rinte din \u021bar\u0103. &#8211; P\u0103rintele care exercit\u0103 singur autoritatea p\u0103rinteasc\u0103 &#8211; Aceast\u0103 categorie vizeaz\u0103 p\u0103rin\u021bii care exercit\u0103 singuri autoritatea p\u0103rinteasc\u0103, urmare a divor\u021bului sau a altor situa\u021bii \u00een care a fost dispus\u0103 o astfel de m\u0103sur\u0103. &#8211; P\u0103rintele cu care locuie\u015fte copilul \u2013 Aceast\u0103 categorie vizeaz\u0103 p\u0103rin\u021bii care exercit\u0103 autoritatea p\u0103rinteasc\u0103 \u00een comun, iar urmare a divor\u021bului instan\u021ba a stabilit care este p\u0103rintele cu care copilul va locui \u00een mod obi\u0219nuit, urmare desfacerii c\u0103s\u0103toriei. &nbsp; Obliga\u0163iile p\u0103rin\u0163ilor. ETAPE \u00ceN DERULAREA PROCEDURII Transmiterea notific\u0103rii c\u0103tre Serviciul Public de Asisten\u021b\u0103 Social\u0103 din localitatea de la domiciliu P\u0103rintele care se reg\u0103se\u015fte \u00eentr-una din situa\u0163iile enumerate anterior trebuie s\u0103 notifice inten\u0163ia de a pleca la munc\u0103 \u00een str\u0103in\u0103tate Serviciului Public de Asisten\u0163\u0103 Social\u0103 din localitatea de domiciliu. Ca model pentru aceast\u0103 notificare poate fi folosit\u0103 Anexa 2 a Ordinului 219\/2006, tipizat care poate fi pus la dispozi\u021bia p\u0103rin\u021bilor doritori de c\u0103tre SPAS. Obliga\u021bia notific\u0103rii SPAS revine tuturor p\u0103rin\u021bilor care pleac\u0103 la munc\u0103 \u00een str\u0103in\u0103tate din categoriile mai sus men\u021bionate, indiferent dac\u0103 munca \u00een str\u0103in\u0103tate implic\u0103 sau nu \u0219i existen\u021ba unui contract de munc\u0103. Notificarea SPAS poate fi realizat\u0103 prin: &#8211;\u00a0\u00a0\u00a0\u00a0 depunerea notific\u0103rii de c\u0103tre p\u0103rintele interesat direct la sediul Prim\u0103riei de domiciliu, &#8211;\u00a0\u00a0\u00a0\u00a0 prin transmiterea acesteia prin e-mail, fax, scrisoare, po\u0219t\u0103, curier etc. la SPAS \u00cen cazul p\u0103rin\u021bilor afla\u021bi deja \u00een str\u0103in\u0103tate, este considerat\u0103 ca fiind posibil\u0103 transmiterea notific\u0103rii din str\u0103in\u0103tate, prin mijloacele mai sus-men\u021bionate. Indiferent de modelul folosit (pentru p\u0103rin\u021bii care nu ajung \u00een contact direct cu SPAS-ul va fi greu s\u0103 foloseasc\u0103 un tipizat), \u00een cuprinsul notific\u0103rii vor trebui s\u0103 se reg\u0103seasc\u0103 \u00een mod obligatoriu urm\u0103toarele elemente: &#8211; datele de identitate ale persoanei \u00een grija c\u0103reia va fi l\u0103sat copilul pe durata absen\u021bei din \u021bar\u0103 a p\u0103rintelui\/p\u0103rin\u021bilor, &#8211; adresa la care copilul va urma s\u0103 locuiasc\u0103 \u00een viitor, dup\u0103 plecarea p\u0103rintelui\/p\u0103rin\u021bilor, -\u00eendeplinirea de c\u0103tre persoana \u00een grija c\u0103reia urmeaz\u0103 a fi l\u0103sat copilul a condi\u021biilor prev\u0103zute la art. 105, alin. (1) din legea 272\/2004, referitoare la apartenen\u021ba acesteia la familia extins\u0103 (s\u0103 fie rud\u0103 p\u00e2n\u0103 la gradul IV inclusiv, cu minorul \u2013 persoana poate fi bunic, unchi\/m\u0103tu\u015f\u0103, v\u0103r, nepot, frate\/sor\u0103, str\u0103bunic, frate al unui bunic), la v\u00e2rst\u0103 &#8211; s\u0103 aib\u0103 minimum 18 ani \u00eemplini\u0163i. \u00cen ceea ce prive\u015fte termenul de 40 de zile men\u0163ionat \u00een lege ca termen \u00een interiorul c\u0103ruia urmeaz\u0103 a fi depus\u0103 de c\u0103tre p\u0103rinte\/p\u0103rin\u021bi notificarea, apreciem c\u0103 acesta trebuie s\u0103 fie interpretat ca un termen de recomandare \u015fi nu ca unul imperativ, a c\u0103rui nerespectare s\u0103 atrag\u0103 dup\u0103 sine ne\u00eendeplinirea acestei obliga\u021bii. !!! Astfel, notificarea poate fi depus\u0103 \u0219i cu mai pu\u021bin de 40 de zile \u00eenainte de plecarea p\u0103rintelui\/p\u0103rin\u021bilor din \u021bar\u0103. \u00a0 Mai mult, scopul introducerii acestor prevederi legale a fost \u0219i acela de a asigura o monitorizare c\u00e2t mai exact\u0103 a tuturor cazurilor copiilor ai c\u0103ror p\u0103rin\u021bi sunt pleca\u021bi la munc\u0103 \u00een str\u0103in\u0103tate \u0219i sprijinirea autorit\u0103\u021bilor de la nivel local \u00een realizarea unor eviden\u021be c\u00e2t mai complete ale num\u0103rului real al copiilor care intr\u0103 \u00een aceast\u0103 categorie. Obliga\u0163iile Serviciului de Asisten\u0163\u0103 Social\u0103 \u015fi procedura \u00een fa\u0163a instan\u0163ei Instan\u0163a de tutel\u0103 sau judec\u0103toria din raza domiciliului va analiza persoana propus\u0103, \u00een urma verific\u0103rii posibilit\u0103\u0163ilor materiale \u015fi a garan\u0163iilor morale. \u00cen acest sens, se vor putea depune \u00eenscrisuri care s\u0103 dovedeasc\u0103 c\u0103 persoana c\u0103reia i se preda exercitarea autorit\u0103\u0163ii p\u0103rinte\u015fti are venituri care s\u0103-i ofere posibilitatea de a \u00eentre\u0163ine minorul, precum \u015fi c\u0103 are un comportament adecvat cre\u015fterii unui copil. De asemenea, trebuie stiut c\u0103 perioada maxim\u0103 pentru care instan\u0163a poate \u00eencredin\u0163a cre\u015fterea copilului \u015fi supravegherea sa unei alte persoane este de maxim 1 an de zile. Instan\u0163a va \u00eentreba persoana desemnat\u0103 dac\u0103 este de acord s\u0103 preia exercitarea autorit\u0103\u0163ii p\u0103rinte\u015fti, fapt ce impune o obliga\u0163ie \u00een sarcina persoanei respective, aceea de a se prezenta personal la instan\u0163\u0103, \u00eentruc\u00e2t acordul poate fi exprimat doar verbal, \u00een fa\u0163a instan\u0163ei. Procedura \u00een fa\u0163\u0103 instan\u0163ei este necontencioas\u0103 \u015fi, conform legii, se solu\u0163ioneaz\u0103 \u00een maxim 3 zile de la depunerea cererii. Instan\u0163a va enumera \u00een hot\u0103r\u00e2re care sunt drepturile \u015fi \u00eendatoririle ce trebuie respectate de c\u0103tre persoana ce a preluat exercitarea autorit\u0103\u0163ii p\u0103rinte\u015fti. De asemenea, persoana respectiv\u0103 va trebui s\u0103 urmeze obligatoriu, un program de consiliere organizat de c\u0103tre Serviciul Public de Asisten\u0163\u0103 Social\u0103 din cadrul Prim\u0103riei unde domiciliaz\u0103. Acest lucru va fi asigurat prin luarea \u00een eviden\u0163\u0103 a cazurilor semnalate, \u00een urm\u0103 comunic\u0103rii de c\u0103tre instan\u0163a de judecat\u0103 a unei copii de pe hot\u0103r\u00e2rea pronun\u0163at\u0103 c\u0103tre primarul de la domiciliul copilului precum \u015fi a alteia c\u0103tre primarul de la domiciliul persoanei c\u0103reia i-au fost \u00eencredin\u0163ate drepturile. \u00cen primele 6 luni dup\u0103 primirea hot\u0103r\u00e2rii de c\u0103tre primarii men\u0163iona\u0163i anterior, Serviciul Public de Asisten\u0163\u0103 Social\u0103 va efectua vizite la domiciliul persoanei care are \u00een supraveghere minorul, din dou\u0103 \u00een dou\u0103 luni, pentru a verifica dac\u0103 sunt respectate drepturile \u015fi obliga\u0163iile inserate \u00een hot\u0103r\u00e2rea instan\u0163ei de delegare a autorit\u0103\u0163ii p\u0103rinte\u015fti, aspecte privind situa\u0163ia \u015fcolar\u0103 a minorului, grupurile de persoane cu care intr\u0103 \u00een contact, precum \u015fi modalitatea \u015fi consecven\u0163a men\u0163inerii leg\u0103turii cu p\u0103rin\u0163ii. \u00cen urma acestor vizite, reprezentantul Serviciului Public de Asisten\u0163\u0103 Social\u0103 va \u00eentocmi c\u00e2te un raport care s\u0103 con\u0163in\u0103 analizarea aspectelor de mai sus. \u00cen cazul \u00een care constat\u0103 probleme ale minorului privind situa\u0163ia \u015fcolar\u0103, anturajul d\u0103un\u0103tor, starea medical\u0103 sau alte aspecte negative care au intervenit pe parcursul supravegherii, serviciul public de asisten\u0163\u0103 social\u0103 are obliga\u0163ia de a anun\u0163a de \u00eendat\u0103 \u015fi de a solicita sprijin, consilierului \u015fcolar, psihologului, direc\u0163iei generale de asisten\u0163\u0103 social\u0103 \u015fi protec\u0163ie a copilului, medicului de familie, sau oric\u0103rei alte autorit\u0103\u021bi\/institu\u0163ii publice locale. Totodat\u0103, v\u0103 inform\u0103m c\u0103 Legea prevede \u015fi o sanc\u0163iune contraven\u0163ional\u0103 (amenda de la 500 la 1,000 ron) pentru p\u0103rin\u0163i, pentru nerespectarea obliga\u0163iei de a notifica Serviciului Public de Asisten\u021b\u0103 Social\u0103 plecarea la munc\u0103 \u00een str\u0103in\u0103tate. Men\u021bion\u0103m c\u0103 in \u00a0conformitate cu \u00a0Sec\u021biunea 4 din Legea 272\/2004 modificat\u0103, notificarea SPAS cu privire la persoana \u00een care grija c\u0103reia va r\u0103m\u00e2ne copilul este doar o etap\u0103 \u00een procedura de delegare a autorit\u0103\u021bii p\u0103rinte\u0219ti, neav\u00e2nd nicio valoare juridic\u0103 \u00een sine, procedura fiind definitivat\u0103 doar de instan\u021ba de judecat\u0103. \u00cen aceast\u0103 etap\u0103, personalul din cadrul Serviciului Public de Asisten\u0163\u0103 Social\u0103 consiliaz\u0103 \u015fi informeaz\u0103 persoanele \u00een cauz\u0103 cu privire la reglement\u0103rile legale \u00een vigoare \u015fi pa\u015fii ce trebuie urma\u0163i, solicit\u00e2nd totodat\u0103 \u015fi documentele relevante necesare parcurgerii procedurii de delegare temporar\u0103 a drepturilor p\u0103rinte\u015fti, pentru instan\u021ba de judecat\u0103, \u00een conformitate cu prevederile art. 105, alin. (3) din Legea 272\/2004. Tot \u00een aceast\u0103 etap\u0103 consider\u0103m util s\u0103 \u00eenm\u00e2nam p\u0103rintelui interesat, un model orientativ de cerere adresat\u0103 instan\u021bei (vezi Anexa 2), s\u0103 \u00eel \u00eendrumam \u00een completarea acesteia, \u015fi s\u0103 \u00eei oferim o list\u0103 cu documentele conexe care trebuie depuse la SPAS \u0219i implicit la instan\u021b\u0103, \u00eempreun\u0103 cu cererea respectiv\u0103 (vezi\u00a0 Anexa 3). Dup\u0103 primirea notific\u0103rii, reprezentan\u0163ii Serviciului Public de Asisten\u0163\u0103 Social\u0103 vor efectua o anchet\u0103 social\u0103 la domiciliul persoanei la care copilul va locui pe perioada deleg\u0103rii, document care s\u0103 fie inclus \u00een dosarul care va fi transmis instan\u021bei. Raportul de anchet\u0103 social\u0103 va trebui s\u0103 con\u021bin\u0103 informa\u021bii relevante \u0219i complete despre situa\u021bia persoanei c\u0103reia i se deleag\u0103 autoritatea p\u0103rinteasc\u0103 \u0219i rela\u021bia acesteia cu copilul\/copiii, despre situa\u021bia copilului \u0219i a p\u0103rin\u021bilor acestora. \u00cenaintarea actelor la instan\u021b\u0103 (judec\u0103toria competent\u0103 teritorial) De\u015fi Serviciul Public de Asisten\u0163\u0103 Social\u0103 nu are calitate procesual\u0103 expres prevazut\u0103 \u00een prezenta procedur\u0103, acesta are un rol determinant \u00een ini\u0163ierea \u015fi celeritatea ei, precum \u015fi \u00een ob\u0163inerea unei finalit\u0103\u0163i \u00een interesul copilului. Av\u00e2nd \u00een vedere c\u0103 transmiterea propriu-zis\u0103 a cererii formulate de p\u0103rinte \u015fi a actelor la instan\u0163\u0103 nu impune o anumit\u0103 calitate procesual\u0103 sau vreo formalitate suplimentar\u0103 ulterioar\u0103 complet\u0103rii \u015fi semn\u0103rii cererii, aceasta se poate face fie de c\u0103tre p\u0103rinte, fie de c\u0103tre alt\u0103 persoan\u0103 interesat\u0103 (ex: persoana c\u0103reia urmeaz\u0103 s\u0103-i fie delegat\u0103 autoritatea p\u0103rinteasc\u0103), fie de c\u0103tre reprezentan\u0163ii SPAS, prin depunerea acestora direct\u0103 sau prin transmiterea lor prin po\u015ft\u0103\/curierat, mail, fax. Judecarea cererii \u0219i definitivarea procedurii Un aspect important care trebuie luat \u00een considerare \u00een aceast\u0103 etap\u0103 \u00eel reprezint\u0103 ascultarea copilului. \u00cen conformitate cu prevederile art. 29 din Legea 272\/2004, \u201d\u00cen orice procedur\u0103 judiciar\u0103 sau administrativ\u0103 care \u00eel prive\u015fte, copilul are dreptul de a fi ascultat. Este obligatorie ascultarea copilului care a \u00eemplinit v\u00e2rsta de 10 ani. Cu toate acestea, poate fi ascultat \u015fi copilul care nu a \u00eemplinit v\u00e2rsta de 10 ani, dac\u0103 autoritatea competent\u0103 apreciaz\u0103 c\u0103 audierea lui este necesar\u0103 pentru solu\u0163ionarea cauzei.\u201d Cererea f\u0103cut\u0103 \u00een materie necontencioas\u0103 se solu\u0163ioneaz\u0103 printr-o \u00eencheiere, care \u00een conformitate cu art. 535 Cod procedura Civil\u0103 nu are autoritate de lucru judecat, instan\u0163a put\u00e2nd reveni asupra acestei \u00eencheieri, la cererea celui interesat, dac\u0103 situa\u0163ia de fapt avut\u0103 \u00een vedere la pronun\u0163are s-a schimbat. Astfel, p\u0103rintele \u00eentors \u00een \u021bar\u0103 \u00eentr-o perioad\u0103 mai scurt\u0103 dec\u00e2t cea pentru care a fost pronun\u021bat\u0103 delegarea, poate \u00eenainta o cerere pentru revocarea deleg\u0103rii autorit\u0103\u021bii p\u0103rinte\u0219ti. De asemenea, este posibil\u0103 men\u021binerea perioadei \u00een care a fost f\u0103cut\u0103 delegarea, cu \u00eenlocuirea persoanei c\u0103reia i-au fost delegate drepturile. \u00cen ceea ce prive\u0219te termenul de 3 zile \u00een care instan\u0163a ar trebui s\u0103 se pronun\u021be, potrivit prevederilor Sec\u021biunii IV din Legea 272\/2004, jurispruden\u021ba existent\u0103 p\u00e2n\u0103 \u00een prezent demonstreaz\u0103 o practic\u0103 neunitar\u0103 la nivelul instan\u021belor de judecat\u0103, motiv pentru care \u00een func\u021bie de situa\u021bie, termenele din aceste dosare pot fi \u0219i mai mari de 3 zile. \u00cen multe situa\u021bii, dep\u0103\u015firea de c\u0103tre instan\u021b\u0103 a acestui termen poate fi determinat\u0103 de insuficien\u0163a informa\u0163iilor puse la dispozi\u0163ia judec\u0103torului care trebuie s\u0103 dispun\u0103 \u00eentr-o procedur\u0103 care exclude contradictorialitatea. \u00cencheierea de delegare a autorit\u0103\u0163ii p\u0103rinte\u015fti trebuie s\u0103 cuprind\u0103 atribu\u0163iile autorit\u0103\u0163ii p\u0103rinte\u015fti care au fost delegate, perioada deleg\u0103rii, precum \u015fi domiciliul unde urmeaz\u0103 s\u0103 locuiasc\u0103 minorul \u00een aceast\u0103 perioad\u0103. P\u0103rin\u0163ii trebuie informa\u0163i cu privire la faptul c\u0103 delegarea autorit\u0103\u0163ii p\u0103rinte\u0219ti pentru o anumit\u0103 perioad\u0103 de timp (maxim 1 an, conf Sec\u0163iunii IV, minimul nefiind prev\u0103zut expres) nu este echivalent\u0103 cu dec\u0103derea lor din drepturile p\u0103rinte\u015fti sau cu o limitare a exerci\u021biului acestora. \u00cen cazul familiilor divor\u021bate, \u00een care p\u0103rintele nerezident nu este de acord ca p\u0103rintele rezident (la care locuie\u0219te minorul) s\u0103-\u0219i delege autoritatea c\u0103tre o anumit\u0103 rud\u0103 a copilului, facem urm\u0103toarele preciz\u0103ri: P\u0103rintele nerezident poate solicita instan\u021bei de judecat\u0103 modificarea hot\u0103r\u00e2rii privind \u00eencuviin\u021barea deleg\u0103rii (apel), c\u00e2t \u0219i a modalit\u0103\u021bii de exercitare a autorit\u0103\u021bii p\u0103rinte\u0219ti \u0219i a locuin\u021bei minorului stabilite prin hot\u0103r\u00e2rea de divor\u021b (chiar dac\u0103 \u00een leg\u0103tur\u0103 cu copilul s\u0103u a fost dispus\u0103 delegarea anumitor drepturi p\u0103rinte\u0219ti). Astfel, exist\u0103 posibilitatea celuilalt p\u0103rinte (p\u0103rintele nerezident) de a prelua el \u00eensu\u015fi exerci\u0163iul deplin al autorit\u0103\u0163ii p\u0103rinte\u0219ti. \u00a0 \u00a0 Anexa 1 &nbsp; Nr\u2026\u2026\u2026\u2026\/\u2026\u2026\u2026\u2026\u2026\u2026\u2026\u2026\u2026 \u00a0 NOTIFICARE CATRE SERVICIUL PUBLIC\u00a0\u00a0 DE ASISTENTA SOCIALA\u00a0 TURDA &nbsp; AUTORITATEA TUTELARA Subsemnatul\/a\u2026\u2026\u2026\u2026\u2026\u2026\u2026\u2026\u2026\u2026\u2026\u2026\u2026\u2026\u2026\u2026\u2026\u2026\u2026\u2026\u2026\u2026\u2026\u2026\u2026, domiciliat\/a in Turda, str\u2026&#8230;&#8230;&#8230;&#8230;&#8230;&#8230;&#8230;&#8230;&#8230;&#8230;&#8230;&#8230;&#8230;&#8230;&#8230;., nr \u2026\u2026\u2026\u2026, bl \u2026\u2026\u2026\u2026.., sc \u2026\u2026\u2026., ap \u2026. legitimat\/a cu \u2026\u2026seria\u2026\u2026., nr\u2026\u2026\u2026\u2026.., CNP\u2026\u2026\u2026\u2026\u2026\u2026\u2026\u2026\u2026\u2026\u2026\u2026\u2026\u2026\u2026\u2026 , telefon\u2026\u2026\u2026\u2026\u2026\u2026\u2026\u2026\u2026, \u00a0\u00een calitate de p\u0103rinte\/reprezentant&#8230;<\/p>\n","protected":false},"author":1,"featured_media":0,"comment_status":"open","ping_status":"open","sticky":false,"template":"","format":"standard","meta":{"footnotes":""},"categories":[4],"tags":[],"class_list":["post-536","post","type-post","status-publish","format-standard","hentry","category-anunturi"],"aioseo_notices":[],"_links":{"self":[{"href":"http:\/\/asistentasocialaturda.ro\/index.php\/wp-json\/wp\/v2\/posts\/536","targetHints":{"allow":["GET"]}}],"collection":[{"href":"http:\/\/asistentasocialaturda.ro\/index.php\/wp-json\/wp\/v2\/posts"}],"about":[{"href":"http:\/\/asistentasocialaturda.ro\/index.php\/wp-json\/wp\/v2\/types\/post"}],"author":[{"embeddable":true,"href":"http:\/\/asistentasocialaturda.ro\/index.php\/wp-json\/wp\/v2\/users\/1"}],"replies":[{"embeddable":true,"href":"http:\/\/asistentasocialaturda.ro\/index.php\/wp-json\/wp\/v2\/comments?post=536"}],"version-history":[{"count":4,"href":"http:\/\/asistentasocialaturda.ro\/index.php\/wp-json\/wp\/v2\/posts\/536\/revisions"}],"predecessor-version":[{"id":542,"href":"http:\/\/asistentasocialaturda.ro\/index.php\/wp-json\/wp\/v2\/posts\/536\/revisions\/542"}],"wp:attachment":[{"href":"http:\/\/asistentasocialaturda.ro\/index.php\/wp-json\/wp\/v2\/media?parent=536"}],"wp:term":[{"taxonomy":"category","embeddable":true,"href":"http:\/\/asistentasocialaturda.ro\/index.php\/wp-json\/wp\/v2\/categories?post=536"},{"taxonomy":"post_tag","embeddable":true,"href":"http:\/\/asistentasocialaturda.ro\/index.php\/wp-json\/wp\/v2\/tags?post=536"}],"curies":[{"name":"wp","href":"https:\/\/api.w.org\/{rel}","templated":true}]}}