{"id":5197,"date":"2026-09-01T10:00:48","date_gmt":"2026-09-01T07:00:48","guid":{"rendered":"https:\/\/asistentasocialaturda.ro\/?p=5197"},"modified":"2026-09-01T09:12:17","modified_gmt":"2026-09-01T06:12:17","slug":"rezultate-finale-ingrijitor-curatenie","status":"publish","type":"post","link":"http:\/\/asistentasocialaturda.ro\/index.php\/2026\/09\/01\/rezultate-finale-ingrijitor-curatenie\/","title":{"rendered":"REZULTATE FINALE (\u00ceNGRIJITOR CUR\u0102\u021aENIE)"},"content":{"rendered":"<p style=\"text-align: center;\"><strong>TABEL <\/strong><strong>CU REZULTATELE FINALE LA CONCURSUL <\/strong><strong>PENTRU <\/strong><strong>OCUPAREA POSTURILOR CONTRACTUALE DE EXECU<\/strong><strong>\u0162<\/strong><strong>IE <\/strong><strong>VACANTE LA CONCURSUL <\/strong><strong>ORGANIZAT DE DAS TURDA \u00ce<\/strong><strong>NGRIJITOR (CUR\u0102\u021aENIE)<\/strong><strong>\u00a0\u00ceN DATA 26 AUGUST 2026<\/strong><\/p>\n<table style=\"width: 50.6136%; height: 347px;\" width=\"888\">\n<tbody>\n<tr style=\"height: 152px;\">\n<td style=\"width: 4.09945%; height: 152px;\" width=\"48\"><span style=\"font-size: 8pt;\"><strong>NR CRT.<\/strong><\/span><\/td>\n<td style=\"width: 11.2037%; height: 152px;\" width=\"132\"><span style=\"font-size: 8pt;\"><strong>NUM\u0102RUL \u0218I DATA DOSARULUI DE \u00ceNSCRIERE A CANDIDATULUI <\/strong><\/span><\/td>\n<td style=\"width: 8.3733%; height: 152px;\" width=\"208\"><span style=\"font-size: 8pt;\"><strong>FUNC\u021aIA CONTRACTUAL\u0102 <\/strong><\/span><\/td>\n<td style=\"width: 7.5432%; height: 152px;\" width=\"85\"><span style=\"font-size: 8pt;\"><strong>PUNCTAJ PROB\u0102 PRACTICA<\/strong><\/span><\/td>\n<td style=\"width: 8.1919%; height: 152px;\" width=\"85\"><span style=\"font-size: 8pt;\"><strong>REZULTAT PROB\u0102 PRACTICA<\/strong><\/span><\/td>\n<td style=\"width: 7.97868%; height: 152px;\" width=\"76\"><span style=\"font-size: 8pt;\"><strong>PUNCTAJ PROB\u0102\u00a0 INTERVIU<\/strong><\/span><\/td>\n<td style=\"width: 9.06144%; height: 152px;\" width=\"87\"><span style=\"font-size: 8pt;\"><strong>REZULTAT PROB\u0102\u00a0 INTERVIU<\/strong><\/span><\/td>\n<td style=\"width: 8.1975%; height: 152px;\" width=\"78\"><span style=\"font-size: 8pt;\"><strong>PUNCTAJ FINAL CONCURS<\/strong><\/span><\/td>\n<td style=\"width: 8.62668%; height: 152px;\" width=\"90\"><span style=\"font-size: 8pt;\"><strong>REZULTAT CONCURS<\/strong><\/span><\/td>\n<\/tr>\n<tr style=\"height: 96px;\">\n<td style=\"width: 4.09945%; height: 96px;\" width=\"48\"><span style=\"font-size: 8pt;\"><strong>1.<\/strong><\/span><\/td>\n<td style=\"width: 11.2037%; height: 96px;\" width=\"132\"><span style=\"font-size: 8pt;\"><strong>9936 \/ 12.08.2026<\/strong><\/span><\/td>\n<td style=\"width: 8.3733%; height: 96px;\" width=\"208\"><span style=\"font-size: 8pt;\"><strong>\u00ceNGRIJITOR (CUR\u0102\u021aENIE)<\/strong><\/span><\/td>\n<td style=\"width: 7.5432%; height: 96px;\" width=\"85\"><span style=\"font-size: 8pt;\"><strong>95.00<\/strong><\/span><\/td>\n<td style=\"width: 8.1919%; height: 96px;\" width=\"85\"><span style=\"font-size: 8pt;\"><strong>ADMIS<\/strong><\/span><\/td>\n<td style=\"width: 7.97868%; height: 96px;\" width=\"76\"><span style=\"font-size: 8pt;\"><strong>100<\/strong><\/span><\/td>\n<td style=\"width: 9.06144%; height: 96px;\" width=\"87\"><span style=\"font-size: 8pt;\"><strong>ADMIS<\/strong><\/span><\/td>\n<td style=\"width: 8.1975%; height: 96px;\" width=\"78\"><span style=\"font-size: 8pt;\"><strong>97.50<\/strong><\/span><\/td>\n<td style=\"width: 8.62668%; height: 96px;\" width=\"90\"><span style=\"font-size: 8pt;\"><strong>ADMIS<\/strong><\/span><\/td>\n<\/tr>\n<tr style=\"height: 99px;\">\n<td style=\"width: 4.09945%; height: 99px;\" width=\"48\"><span style=\"font-size: 8pt;\"><strong>2.<\/strong><\/span><\/td>\n<td style=\"width: 11.2037%; height: 99px;\" width=\"132\"><span style=\"font-size: 8pt;\"><strong>10088 \/ 17.08.2026<\/strong><\/span><\/td>\n<td style=\"width: 8.3733%; height: 99px;\" width=\"208\"><span style=\"font-size: 8pt;\"><strong>\u00ceNGRIJITOR (CUR\u0102\u021aENIE)<\/strong><\/span><\/td>\n<td style=\"width: 7.5432%; height: 99px;\" width=\"85\"><span style=\"font-size: 8pt;\"><strong>90.00<\/strong><\/span><\/td>\n<td style=\"width: 8.1919%; height: 99px;\" width=\"85\"><span style=\"font-size: 8pt;\"><strong>ADMIS<\/strong><\/span><\/td>\n<td style=\"width: 7.97868%; height: 99px;\" width=\"76\"><span style=\"font-size: 8pt;\"><strong>58.33<\/strong><\/span><\/td>\n<td style=\"width: 9.06144%; height: 99px;\" width=\"87\"><span style=\"font-size: 8pt;\"><strong>ADMIS<\/strong><\/span><\/td>\n<td style=\"width: 8.1975%; height: 99px;\" width=\"78\"><span style=\"font-size: 8pt;\"><strong>74.17<\/strong><\/span><\/td>\n<td style=\"width: 8.62668%; height: 99px;\" width=\"90\"><span style=\"font-size: 8pt;\"><strong>RESPINS<\/strong><\/span><\/td>\n<\/tr>\n<\/tbody>\n<\/table>\n<ul>\n<li style=\"text-align: justify;\">Rezultatele finale ale concursului au fost afi\u0219ate la sediul DAS Turda \u0219i pe site-ul institu\u021biei \u00een data 01.09.2026 ORA 10.00<\/li>\n<\/ul>\n","protected":false},"excerpt":{"rendered":"<p>TABEL CU REZULTATELE FINALE LA CONCURSUL PENTRU OCUPAREA POSTURILOR CONTRACTUALE DE EXECU\u0162IE VACANTE LA CONCURSUL ORGANIZAT DE DAS TURDA \u00ceNGRIJITOR (CUR\u0102\u021aENIE)\u00a0\u00ceN DATA 26 AUGUST 2026 NR CRT. NUM\u0102RUL \u0218I DATA DOSARULUI DE \u00ceNSCRIERE A CANDIDATULUI FUNC\u021aIA CONTRACTUAL\u0102 PUNCTAJ PROB\u0102 PRACTICA REZULTAT PROB\u0102 PRACTICA PUNCTAJ PROB\u0102\u00a0 INTERVIU REZULTAT PROB\u0102\u00a0 INTERVIU PUNCTAJ FINAL CONCURS REZULTAT CONCURS 1. 9936 \/ 12.08.2026 \u00ceNGRIJITOR (CUR\u0102\u021aENIE) 95.00 ADMIS 100 ADMIS 97.50 ADMIS 2. 10088 \/ 17.08.2026 \u00ceNGRIJITOR (CUR\u0102\u021aENIE) 90.00 ADMIS 58.33 ADMIS 74.17 RESPINS Rezultatele finale ale concursului au fost afi\u0219ate la sediul DAS Turda \u0219i pe site-ul institu\u021biei \u00een data 01.09.2026 ORA 10.00<\/p>\n","protected":false},"author":1,"featured_media":0,"comment_status":"open","ping_status":"open","sticky":false,"template":"","format":"standard","meta":{"footnotes":""},"categories":[5],"tags":[],"class_list":["post-5197","post","type-post","status-publish","format-standard","hentry","category-concurs"],"aioseo_notices":[],"aioseo_head":"\n\t\t<!-- All in One SEO 5.0.1.1 - aioseo.com -->\n\t<meta name=\"description\" content=\"TABEL CU REZULTATELE FINALE LA CONCURSUL PENTRU OCUPAREA POSTURILOR CONTRACTUALE DE EXECU\u0162IE VACANTE LA CONCURSUL ORGANIZAT DE DAS TURDA \u00ceNGRIJITOR (CUR\u0102\u021aENIE) \u00ceN DATA 26 AUGUST 2026 NR CRT. NUM\u0102RUL \u0218I DATA DOSARULUI DE \u00ceNSCRIERE A CANDIDATULUI FUNC\u021aIA CONTRACTUAL\u0102 PUNCTAJ PROB\u0102 PRACTICA REZULTAT PROB\u0102 PRACTICA PUNCTAJ PROB\u0102 INTERVIU REZULTAT PROB\u0102 INTERVIU PUNCTAJ FINAL CONCURS REZULTAT CONCURS 1.\" \/>\n\t<meta name=\"robots\" content=\"max-image-preview:large\" \/>\n\t<meta name=\"author\" content=\"admin\"\/>\n\t<link rel=\"canonical\" href=\"http:\/\/asistentasocialaturda.ro\/index.php\/2026\/09\/01\/rezultate-finale-ingrijitor-curatenie\/\" \/>\n\t<meta name=\"generator\" content=\"All in One SEO (AIOSEO) 5.0.1.1\" \/>\n\t\t<meta property=\"og:locale\" content=\"ro_RO\" \/>\n\t\t<meta property=\"og:site_name\" content=\"|\" \/>\n\t\t<meta property=\"og:type\" content=\"article\" \/>\n\t\t<meta property=\"og:title\" content=\"REZULTATE FINALE (\u00ceNGRIJITOR CUR\u0102\u021aENIE) |\" \/>\n\t\t<meta property=\"og:description\" content=\"TABEL CU REZULTATELE FINALE LA CONCURSUL PENTRU OCUPAREA POSTURILOR CONTRACTUALE DE EXECU\u0162IE VACANTE LA CONCURSUL ORGANIZAT DE DAS TURDA \u00ceNGRIJITOR (CUR\u0102\u021aENIE) \u00ceN DATA 26 AUGUST 2026 NR CRT. NUM\u0102RUL \u0218I DATA DOSARULUI DE \u00ceNSCRIERE A CANDIDATULUI FUNC\u021aIA CONTRACTUAL\u0102 PUNCTAJ PROB\u0102 PRACTICA REZULTAT PROB\u0102 PRACTICA PUNCTAJ PROB\u0102 INTERVIU REZULTAT PROB\u0102 INTERVIU PUNCTAJ FINAL CONCURS REZULTAT CONCURS 1.\" \/>\n\t\t<meta property=\"og:url\" content=\"http:\/\/asistentasocialaturda.ro\/index.php\/2026\/09\/01\/rezultate-finale-ingrijitor-curatenie\/\" \/>\n\t\t<meta property=\"article:published_time\" content=\"2026-09-01T07:00:48+00:00\" \/>\n\t\t<meta property=\"article:modified_time\" content=\"2026-09-01T06:12:17+00:00\" \/>\n\t\t<meta name=\"twitter:card\" content=\"summary\" \/>\n\t\t<meta name=\"twitter:title\" content=\"REZULTATE FINALE (\u00ceNGRIJITOR CUR\u0102\u021aENIE) |\" \/>\n\t\t<meta name=\"twitter:description\" content=\"TABEL CU REZULTATELE FINALE LA CONCURSUL PENTRU OCUPAREA POSTURILOR CONTRACTUALE DE EXECU\u0162IE VACANTE LA CONCURSUL ORGANIZAT DE DAS TURDA \u00ceNGRIJITOR (CUR\u0102\u021aENIE) \u00ceN DATA 26 AUGUST 2026 NR CRT. NUM\u0102RUL \u0218I DATA DOSARULUI DE \u00ceNSCRIERE A CANDIDATULUI FUNC\u021aIA CONTRACTUAL\u0102 PUNCTAJ PROB\u0102 PRACTICA REZULTAT PROB\u0102 PRACTICA PUNCTAJ PROB\u0102 INTERVIU REZULTAT PROB\u0102 INTERVIU PUNCTAJ FINAL CONCURS REZULTAT CONCURS 1.\" \/>\n\t\t<script type=\"application\/ld+json\" class=\"aioseo-schema\">\n\t\t\t{\"@context\":\"https:\\\/\\\/schema.org\",\"@graph\":[{\"@type\":\"Article\",\"@id\":\"http:\\\/\\\/asistentasocialaturda.ro\\\/index.php\\\/2026\\\/09\\\/01\\\/rezultate-finale-ingrijitor-curatenie\\\/#article\",\"name\":\"REZULTATE FINALE (\\u00ceNGRIJITOR CUR\\u0102\\u021aENIE) |\",\"headline\":\"REZULTATE FINALE (\\u00ceNGRIJITOR CUR\\u0102\\u021aENIE)\",\"author\":{\"@id\":\"http:\\\/\\\/asistentasocialaturda.ro\\\/index.php\\\/author\\\/admin\\\/#author\"},\"publisher\":{\"@id\":\"http:\\\/\\\/asistentasocialaturda.ro\\\/#organization\"},\"datePublished\":\"2026-09-01T10:00:48+03:00\",\"dateModified\":\"2026-09-01T09:12:17+03:00\",\"inLanguage\":\"ro-RO\",\"mainEntityOfPage\":{\"@id\":\"http:\\\/\\\/asistentasocialaturda.ro\\\/index.php\\\/2026\\\/09\\\/01\\\/rezultate-finale-ingrijitor-curatenie\\\/#webpage\"},\"isPartOf\":{\"@id\":\"http:\\\/\\\/asistentasocialaturda.ro\\\/index.php\\\/2026\\\/09\\\/01\\\/rezultate-finale-ingrijitor-curatenie\\\/#webpage\"},\"articleSection\":\"Concurs\"},{\"@type\":\"BreadcrumbList\",\"@id\":\"http:\\\/\\\/asistentasocialaturda.ro\\\/index.php\\\/2026\\\/09\\\/01\\\/rezultate-finale-ingrijitor-curatenie\\\/#breadcrumblist\",\"itemListElement\":[{\"@type\":\"ListItem\",\"@id\":\"http:\\\/\\\/asistentasocialaturda.ro#listItem\",\"position\":1,\"name\":\"Home\",\"item\":\"http:\\\/\\\/asistentasocialaturda.ro\",\"nextItem\":{\"@type\":\"ListItem\",\"@id\":\"http:\\\/\\\/asistentasocialaturda.ro\\\/index.php\\\/category\\\/concurs\\\/#listItem\",\"name\":\"Concurs\"}},{\"@type\":\"ListItem\",\"@id\":\"http:\\\/\\\/asistentasocialaturda.ro\\\/index.php\\\/category\\\/concurs\\\/#listItem\",\"position\":2,\"name\":\"Concurs\",\"item\":\"http:\\\/\\\/asistentasocialaturda.ro\\\/index.php\\\/category\\\/concurs\\\/\",\"nextItem\":{\"@type\":\"ListItem\",\"@id\":\"http:\\\/\\\/asistentasocialaturda.ro\\\/index.php\\\/2026\\\/09\\\/01\\\/rezultate-finale-ingrijitor-curatenie\\\/#listItem\",\"name\":\"REZULTATE FINALE (\\u00ceNGRIJITOR CUR\\u0102\\u021aENIE)\"},\"previousItem\":{\"@type\":\"ListItem\",\"@id\":\"http:\\\/\\\/asistentasocialaturda.ro#listItem\",\"name\":\"Home\"}},{\"@type\":\"ListItem\",\"@id\":\"http:\\\/\\\/asistentasocialaturda.ro\\\/index.php\\\/2026\\\/09\\\/01\\\/rezultate-finale-ingrijitor-curatenie\\\/#listItem\",\"position\":3,\"name\":\"REZULTATE FINALE (\\u00ceNGRIJITOR CUR\\u0102\\u021aENIE)\",\"previousItem\":{\"@type\":\"ListItem\",\"@id\":\"http:\\\/\\\/asistentasocialaturda.ro\\\/index.php\\\/category\\\/concurs\\\/#listItem\",\"name\":\"Concurs\"}}]},{\"@type\":\"Organization\",\"@id\":\"http:\\\/\\\/asistentasocialaturda.ro\\\/#organization\",\"url\":\"http:\\\/\\\/asistentasocialaturda.ro\\\/\"},{\"@type\":\"Person\",\"@id\":\"http:\\\/\\\/asistentasocialaturda.ro\\\/index.php\\\/author\\\/admin\\\/#author\",\"url\":\"http:\\\/\\\/asistentasocialaturda.ro\\\/index.php\\\/author\\\/admin\\\/\",\"name\":\"admin\",\"image\":{\"@type\":\"ImageObject\",\"@id\":\"http:\\\/\\\/asistentasocialaturda.ro\\\/index.php\\\/2026\\\/09\\\/01\\\/rezultate-finale-ingrijitor-curatenie\\\/#authorImage\",\"url\":\"https:\\\/\\\/secure.gravatar.com\\\/avatar\\\/7c087047749683b63dcf8b0d32f8243a4283e2e4be28947e75614858d420b86a?s=96&d=mm&r=g\",\"width\":96,\"height\":96,\"caption\":\"admin\"}},{\"@type\":\"WebPage\",\"@id\":\"http:\\\/\\\/asistentasocialaturda.ro\\\/index.php\\\/2026\\\/09\\\/01\\\/rezultate-finale-ingrijitor-curatenie\\\/#webpage\",\"url\":\"http:\\\/\\\/asistentasocialaturda.ro\\\/index.php\\\/2026\\\/09\\\/01\\\/rezultate-finale-ingrijitor-curatenie\\\/\",\"name\":\"REZULTATE FINALE (\\u00ceNGRIJITOR CUR\\u0102\\u021aENIE) |\",\"description\":\"TABEL CU REZULTATELE FINALE LA CONCURSUL PENTRU OCUPAREA POSTURILOR CONTRACTUALE DE EXECU\\u0162IE VACANTE LA CONCURSUL ORGANIZAT DE DAS TURDA \\u00ceNGRIJITOR (CUR\\u0102\\u021aENIE) \\u00ceN DATA 26 AUGUST 2026 NR CRT. NUM\\u0102RUL \\u0218I DATA DOSARULUI DE \\u00ceNSCRIERE A CANDIDATULUI FUNC\\u021aIA CONTRACTUAL\\u0102 PUNCTAJ PROB\\u0102 PRACTICA REZULTAT PROB\\u0102 PRACTICA PUNCTAJ PROB\\u0102 INTERVIU REZULTAT PROB\\u0102 INTERVIU PUNCTAJ FINAL CONCURS REZULTAT CONCURS 1.\",\"inLanguage\":\"ro-RO\",\"isPartOf\":{\"@id\":\"http:\\\/\\\/asistentasocialaturda.ro\\\/#website\"},\"breadcrumb\":{\"@id\":\"http:\\\/\\\/asistentasocialaturda.ro\\\/index.php\\\/2026\\\/09\\\/01\\\/rezultate-finale-ingrijitor-curatenie\\\/#breadcrumblist\"},\"author\":{\"@id\":\"http:\\\/\\\/asistentasocialaturda.ro\\\/index.php\\\/author\\\/admin\\\/#author\"},\"creator\":{\"@id\":\"http:\\\/\\\/asistentasocialaturda.ro\\\/index.php\\\/author\\\/admin\\\/#author\"},\"datePublished\":\"2026-09-01T10:00:48+03:00\",\"dateModified\":\"2026-09-01T09:12:17+03:00\"},{\"@type\":\"WebSite\",\"@id\":\"http:\\\/\\\/asistentasocialaturda.ro\\\/#website\",\"url\":\"http:\\\/\\\/asistentasocialaturda.ro\\\/\",\"name\":\"Direc\\u021bia de Asisten\\u021b\\u0103 Social\\u0103 Turda\",\"inLanguage\":\"ro-RO\",\"publisher\":{\"@id\":\"http:\\\/\\\/asistentasocialaturda.ro\\\/#organization\"}}]}\n\t\t<\/script>\n\t\t<!-- All in One SEO -->\n\n","aioseo_head_json":{"title":"REZULTATE FINALE (\u00ceNGRIJITOR CUR\u0102\u021aENIE) |","description":"TABEL CU REZULTATELE FINALE LA CONCURSUL PENTRU OCUPAREA POSTURILOR CONTRACTUALE DE EXECU\u0162IE VACANTE LA CONCURSUL ORGANIZAT DE DAS TURDA \u00ceNGRIJITOR (CUR\u0102\u021aENIE) \u00ceN DATA 26 AUGUST 2026 NR CRT. NUM\u0102RUL \u0218I DATA DOSARULUI DE \u00ceNSCRIERE A CANDIDATULUI FUNC\u021aIA CONTRACTUAL\u0102 PUNCTAJ PROB\u0102 PRACTICA REZULTAT PROB\u0102 PRACTICA PUNCTAJ PROB\u0102 INTERVIU REZULTAT PROB\u0102 INTERVIU PUNCTAJ FINAL CONCURS REZULTAT CONCURS 1.","canonical_url":"http:\/\/asistentasocialaturda.ro\/index.php\/2026\/09\/01\/rezultate-finale-ingrijitor-curatenie\/","robots":"max-image-preview:large","keywords":"","webmasterTools":{"miscellaneous":""},"schema":{"@context":"https:\/\/schema.org","@graph":[{"@type":"Article","@id":"http:\/\/asistentasocialaturda.ro\/index.php\/2026\/09\/01\/rezultate-finale-ingrijitor-curatenie\/#article","name":"REZULTATE FINALE (\u00ceNGRIJITOR CUR\u0102\u021aENIE) |","headline":"REZULTATE FINALE (\u00ceNGRIJITOR CUR\u0102\u021aENIE)","author":{"@id":"http:\/\/asistentasocialaturda.ro\/index.php\/author\/admin\/#author"},"publisher":{"@id":"http:\/\/asistentasocialaturda.ro\/#organization"},"datePublished":"2026-09-01T10:00:48+03:00","dateModified":"2026-09-01T09:12:17+03:00","inLanguage":"ro-RO","mainEntityOfPage":{"@id":"http:\/\/asistentasocialaturda.ro\/index.php\/2026\/09\/01\/rezultate-finale-ingrijitor-curatenie\/#webpage"},"isPartOf":{"@id":"http:\/\/asistentasocialaturda.ro\/index.php\/2026\/09\/01\/rezultate-finale-ingrijitor-curatenie\/#webpage"},"articleSection":"Concurs"},{"@type":"BreadcrumbList","@id":"http:\/\/asistentasocialaturda.ro\/index.php\/2026\/09\/01\/rezultate-finale-ingrijitor-curatenie\/#breadcrumblist","itemListElement":[{"@type":"ListItem","@id":"http:\/\/asistentasocialaturda.ro#listItem","position":1,"name":"Home","item":"http:\/\/asistentasocialaturda.ro","nextItem":{"@type":"ListItem","@id":"http:\/\/asistentasocialaturda.ro\/index.php\/category\/concurs\/#listItem","name":"Concurs"}},{"@type":"ListItem","@id":"http:\/\/asistentasocialaturda.ro\/index.php\/category\/concurs\/#listItem","position":2,"name":"Concurs","item":"http:\/\/asistentasocialaturda.ro\/index.php\/category\/concurs\/","nextItem":{"@type":"ListItem","@id":"http:\/\/asistentasocialaturda.ro\/index.php\/2026\/09\/01\/rezultate-finale-ingrijitor-curatenie\/#listItem","name":"REZULTATE FINALE (\u00ceNGRIJITOR CUR\u0102\u021aENIE)"},"previousItem":{"@type":"ListItem","@id":"http:\/\/asistentasocialaturda.ro#listItem","name":"Home"}},{"@type":"ListItem","@id":"http:\/\/asistentasocialaturda.ro\/index.php\/2026\/09\/01\/rezultate-finale-ingrijitor-curatenie\/#listItem","position":3,"name":"REZULTATE FINALE (\u00ceNGRIJITOR CUR\u0102\u021aENIE)","previousItem":{"@type":"ListItem","@id":"http:\/\/asistentasocialaturda.ro\/index.php\/category\/concurs\/#listItem","name":"Concurs"}}]},{"@type":"Organization","@id":"http:\/\/asistentasocialaturda.ro\/#organization","url":"http:\/\/asistentasocialaturda.ro\/"},{"@type":"Person","@id":"http:\/\/asistentasocialaturda.ro\/index.php\/author\/admin\/#author","url":"http:\/\/asistentasocialaturda.ro\/index.php\/author\/admin\/","name":"admin","image":{"@type":"ImageObject","@id":"http:\/\/asistentasocialaturda.ro\/index.php\/2026\/09\/01\/rezultate-finale-ingrijitor-curatenie\/#authorImage","url":"https:\/\/secure.gravatar.com\/avatar\/7c087047749683b63dcf8b0d32f8243a4283e2e4be28947e75614858d420b86a?s=96&d=mm&r=g","width":96,"height":96,"caption":"admin"}},{"@type":"WebPage","@id":"http:\/\/asistentasocialaturda.ro\/index.php\/2026\/09\/01\/rezultate-finale-ingrijitor-curatenie\/#webpage","url":"http:\/\/asistentasocialaturda.ro\/index.php\/2026\/09\/01\/rezultate-finale-ingrijitor-curatenie\/","name":"REZULTATE FINALE (\u00ceNGRIJITOR CUR\u0102\u021aENIE) |","description":"TABEL CU REZULTATELE FINALE LA CONCURSUL PENTRU OCUPAREA POSTURILOR CONTRACTUALE DE EXECU\u0162IE VACANTE LA CONCURSUL ORGANIZAT DE DAS TURDA \u00ceNGRIJITOR (CUR\u0102\u021aENIE) \u00ceN DATA 26 AUGUST 2026 NR CRT. NUM\u0102RUL \u0218I DATA DOSARULUI DE \u00ceNSCRIERE A CANDIDATULUI FUNC\u021aIA CONTRACTUAL\u0102 PUNCTAJ PROB\u0102 PRACTICA REZULTAT PROB\u0102 PRACTICA PUNCTAJ PROB\u0102 INTERVIU REZULTAT PROB\u0102 INTERVIU PUNCTAJ FINAL CONCURS REZULTAT CONCURS 1.","inLanguage":"ro-RO","isPartOf":{"@id":"http:\/\/asistentasocialaturda.ro\/#website"},"breadcrumb":{"@id":"http:\/\/asistentasocialaturda.ro\/index.php\/2026\/09\/01\/rezultate-finale-ingrijitor-curatenie\/#breadcrumblist"},"author":{"@id":"http:\/\/asistentasocialaturda.ro\/index.php\/author\/admin\/#author"},"creator":{"@id":"http:\/\/asistentasocialaturda.ro\/index.php\/author\/admin\/#author"},"datePublished":"2026-09-01T10:00:48+03:00","dateModified":"2026-09-01T09:12:17+03:00"},{"@type":"WebSite","@id":"http:\/\/asistentasocialaturda.ro\/#website","url":"http:\/\/asistentasocialaturda.ro\/","name":"Direc\u021bia de Asisten\u021b\u0103 Social\u0103 Turda","inLanguage":"ro-RO","publisher":{"@id":"http:\/\/asistentasocialaturda.ro\/#organization"}}]},"og:locale":"ro_RO","og:site_name":"|","og:type":"article","og:title":"REZULTATE FINALE (\u00ceNGRIJITOR CUR\u0102\u021aENIE) |","og:description":"TABEL CU REZULTATELE FINALE LA CONCURSUL PENTRU OCUPAREA POSTURILOR CONTRACTUALE DE EXECU\u0162IE VACANTE LA CONCURSUL ORGANIZAT DE DAS TURDA \u00ceNGRIJITOR (CUR\u0102\u021aENIE) \u00ceN DATA 26 AUGUST 2026 NR CRT. NUM\u0102RUL \u0218I DATA DOSARULUI DE \u00ceNSCRIERE A CANDIDATULUI FUNC\u021aIA CONTRACTUAL\u0102 PUNCTAJ PROB\u0102 PRACTICA REZULTAT PROB\u0102 PRACTICA PUNCTAJ PROB\u0102 INTERVIU REZULTAT PROB\u0102 INTERVIU PUNCTAJ FINAL CONCURS REZULTAT CONCURS 1.","og:url":"http:\/\/asistentasocialaturda.ro\/index.php\/2026\/09\/01\/rezultate-finale-ingrijitor-curatenie\/","article:published_time":"2026-09-01T07:00:48+00:00","article:modified_time":"2026-09-01T06:12:17+00:00","twitter:card":"summary","twitter:title":"REZULTATE FINALE (\u00ceNGRIJITOR CUR\u0102\u021aENIE) |","twitter:description":"TABEL CU REZULTATELE FINALE LA CONCURSUL PENTRU OCUPAREA POSTURILOR CONTRACTUALE DE EXECU\u0162IE VACANTE LA CONCURSUL ORGANIZAT DE DAS TURDA \u00ceNGRIJITOR (CUR\u0102\u021aENIE) \u00ceN DATA 26 AUGUST 2026 NR CRT. NUM\u0102RUL \u0218I DATA DOSARULUI DE \u00ceNSCRIERE A CANDIDATULUI FUNC\u021aIA CONTRACTUAL\u0102 PUNCTAJ PROB\u0102 PRACTICA REZULTAT PROB\u0102 PRACTICA PUNCTAJ PROB\u0102 INTERVIU REZULTAT PROB\u0102 INTERVIU PUNCTAJ FINAL CONCURS REZULTAT CONCURS 1."},"aioseo_meta_data":{"post_id":"5197","title":null,"description":null,"keywords":null,"keyphrases":{"focus":{"keyphrase":"","score":0,"analysis":{"keyphraseInTitle":{"score":0,"maxScore":9,"error":1}}},"additional":[]},"primary_term":null,"canonical_url":null,"og_title":null,"og_description":null,"og_object_type":"default","og_image_type":"default","og_image_url":null,"og_image_width":null,"og_image_height":null,"og_image_custom_url":null,"og_image_custom_fields":null,"og_video":"","og_custom_url":null,"og_article_section":null,"og_article_tags":null,"twitter_use_og":false,"twitter_card":"default","twitter_image_type":"default","twitter_image_url":null,"twitter_image_custom_url":null,"twitter_image_custom_fields":null,"twitter_title":null,"twitter_description":null,"schema":{"blockGraphs":[],"customGraphs":[],"default":{"data":{"Article":[],"Course":[],"Dataset":[],"FAQPage":[],"Movie":[],"Person":[],"Product":[],"ProductReview":[],"Car":[],"Recipe":[],"Service":[],"SoftwareApplication":[],"WebPage":[]},"graphName":"Article","isEnabled":true},"graphs":[]},"schema_type":"default","schema_type_options":null,"pillar_content":false,"robots_default":true,"robots_noindex":false,"robots_noarchive":false,"robots_nosnippet":false,"robots_nofollow":false,"robots_noimageindex":false,"robots_noodp":false,"robots_notranslate":false,"robots_max_snippet":"-1","robots_max_videopreview":"-1","robots_max_imagepreview":"large","priority":null,"frequency":"default","local_seo":null,"breadcrumb_settings":null,"limit_modified_date":false,"ai":{"faqs":[],"keyPoints":[],"schemas":[],"titles":[],"descriptions":[],"socialPosts":{"email":{"subject":"","preview":"","content":""},"linkedin":[],"twitter":[],"facebook":[],"instagram":[]}},"created":"2026-09-01 06:07:48","updated":"2026-09-01 07:58:36","seo_analyzer_scan_date":null,"focus_keyword":null,"additional_keywords":null,"truseo_locale":null},"aioseo_breadcrumb":"<div class=\"aioseo-breadcrumbs\"><span class=\"aioseo-breadcrumb\">\n\t\t\t<a href=\"http:\/\/asistentasocialaturda.ro\" title=\"Home\">Home<\/a>\n\t\t<\/span><span class=\"aioseo-breadcrumb-separator\">&raquo;<\/span><span class=\"aioseo-breadcrumb\">\n\t\t\t<a href=\"http:\/\/asistentasocialaturda.ro\/index.php\/category\/concurs\/\" title=\"Concurs\">Concurs<\/a>\n\t\t<\/span><span class=\"aioseo-breadcrumb-separator\">&raquo;<\/span><span class=\"aioseo-breadcrumb\">\n\t\t\tREZULTATE FINALE (\u00ceNGRIJITOR CUR\u0102\u021aENIE)\n\t\t<\/span><\/div>","aioseo_breadcrumb_json":[{"label":"Home","link":"http:\/\/asistentasocialaturda.ro"},{"label":"Concurs","link":"http:\/\/asistentasocialaturda.ro\/index.php\/category\/concurs\/"},{"label":"REZULTATE FINALE (\u00ceNGRIJITOR CUR\u0102\u021aENIE)","link":"http:\/\/asistentasocialaturda.ro\/index.php\/2026\/09\/01\/rezultate-finale-ingrijitor-curatenie\/"}],"_links":{"self":[{"href":"http:\/\/asistentasocialaturda.ro\/index.php\/wp-json\/wp\/v2\/posts\/5197","targetHints":{"allow":["GET"]}}],"collection":[{"href":"http:\/\/asistentasocialaturda.ro\/index.php\/wp-json\/wp\/v2\/posts"}],"about":[{"href":"http:\/\/asistentasocialaturda.ro\/index.php\/wp-json\/wp\/v2\/types\/post"}],"author":[{"embeddable":true,"href":"http:\/\/asistentasocialaturda.ro\/index.php\/wp-json\/wp\/v2\/users\/1"}],"replies":[{"embeddable":true,"href":"http:\/\/asistentasocialaturda.ro\/index.php\/wp-json\/wp\/v2\/comments?post=5197"}],"version-history":[{"count":1,"href":"http:\/\/asistentasocialaturda.ro\/index.php\/wp-json\/wp\/v2\/posts\/5197\/revisions"}],"predecessor-version":[{"id":5198,"href":"http:\/\/asistentasocialaturda.ro\/index.php\/wp-json\/wp\/v2\/posts\/5197\/revisions\/5198"}],"wp:attachment":[{"href":"http:\/\/asistentasocialaturda.ro\/index.php\/wp-json\/wp\/v2\/media?parent=5197"}],"wp:term":[{"taxonomy":"category","embeddable":true,"href":"http:\/\/asistentasocialaturda.ro\/index.php\/wp-json\/wp\/v2\/categories?post=5197"},{"taxonomy":"post_tag","embeddable":true,"href":"http:\/\/asistentasocialaturda.ro\/index.php\/wp-json\/wp\/v2\/tags?post=5197"}],"curies":[{"name":"wp","href":"https:\/\/api.w.org\/{rel}","templated":true}]}}