{"id":5189,"date":"2026-08-28T14:01:39","date_gmt":"2026-08-28T11:01:39","guid":{"rendered":"https:\/\/asistentasocialaturda.ro\/?p=5189"},"modified":"2026-08-28T13:48:55","modified_gmt":"2026-08-28T10:48:55","slug":"rezultatele-probei-de-interviu-ingrijitor-curaaenie","status":"publish","type":"post","link":"http:\/\/asistentasocialaturda.ro\/index.php\/2026\/08\/28\/rezultatele-probei-de-interviu-ingrijitor-curaaenie\/","title":{"rendered":"REZULTATELE PROBEI DE INTERVIU (INGRIJITOR CUR\u0102\u021aENIE)"},"content":{"rendered":"<h4 style=\"text-align: center;\"><strong>TABEL <\/strong><strong>CU REZULTATELE PROBEI DE INTERVIU <\/strong><strong>PENTRU <\/strong><strong>OCUPAREA POSTULUI CONTRACTUAL DE EXECU<\/strong><strong>\u0162<\/strong><strong>IE VACANT<\/strong> <strong>\u00ceNGRIJITOR (CUR\u0102\u021aENIE) <\/strong><strong>LA CONCURSUL <\/strong><strong>ORGANIZAT DE DAS TURDA <\/strong><strong>\u00ceN DATA 26 AUGUST 2026<\/strong><\/h4>\n<table style=\"width: 61.1637%;\" width=\"960\">\n<tbody>\n<tr>\n<td style=\"width: 5.87002%;\" width=\"54\"><strong>NR CRT.<\/strong><\/td>\n<td style=\"width: 16.5618%;\" width=\"156\"><strong>NUM\u0102RUL \u0218I DATA DOSARULUI DE \u00ceNSCRIERE A CANDIDATULUI <\/strong><\/td>\n<td style=\"width: 17.7149%;\" width=\"306\"><strong>FUNC\u021aIA CONTRACTUAL\u0102 <\/strong><\/td>\n<td style=\"width: 13.8651%;\" width=\"150\"><strong>PUNCTAJUL <\/strong><strong>PROBEI\u00a0 DE INTERVIU<\/strong><\/td>\n<td style=\"width: 15.1809%;\" width=\"180\"><strong>REZULTATELE <\/strong><strong>PROBEI DE INTERVIU <\/strong><\/td>\n<td style=\"width: 7.31604%;\" width=\"114\"><strong>OBS.<\/strong><\/td>\n<\/tr>\n<tr>\n<td style=\"width: 5.87002%;\" width=\"54\">1<\/td>\n<td style=\"width: 16.5618%;\" width=\"156\">9936\u00a0 \/ 12.08.2026<\/td>\n<td style=\"width: 17.7149%;\" width=\"306\">\u00ceNGRIJITOR CUR\u0102\u021aENIE<\/td>\n<td style=\"width: 13.8651%;\" width=\"150\">100<\/td>\n<td style=\"width: 15.1809%;\" width=\"180\">ADMIS<\/td>\n<td style=\"width: 7.31604%;\" width=\"114\">&#8211;<\/td>\n<\/tr>\n<tr>\n<td style=\"width: 5.87002%;\" width=\"54\">2<\/td>\n<td style=\"width: 16.5618%;\" width=\"156\">10088 \/ 17.08.2026<\/td>\n<td style=\"width: 17.7149%;\" width=\"306\">\u00ceNGRIJITOR CUR\u0102\u021aENIE<\/td>\n<td style=\"width: 13.8651%;\" width=\"150\">58.33<\/td>\n<td style=\"width: 15.1809%;\" width=\"180\">ADMIS<\/td>\n<td style=\"width: 7.31604%;\" width=\"114\"><\/td>\n<\/tr>\n<\/tbody>\n<\/table>\n<p style=\"text-align: justify;\">Rezultatele probei de interviu au fost afi\u0219ate la sediul DAS Turda \u0219i pe site-ul DAS\u00a0 \u00een data de28.08.2026, orele <strong>14.00<\/strong>.<\/p>\n<p style=\"text-align: justify;\">Contesta\u021bia la proba de interviu a concursului se poate depune la Registratura DAS Turda, str. Avram Iancu, nr. 12 p\u00e2n\u0103 la data de 31.08.2026, orele <strong>14.00.<\/strong><\/p>\n","protected":false},"excerpt":{"rendered":"<p>TABEL CU REZULTATELE PROBEI DE INTERVIU PENTRU OCUPAREA POSTULUI CONTRACTUAL DE EXECU\u0162IE VACANT \u00ceNGRIJITOR (CUR\u0102\u021aENIE) LA CONCURSUL ORGANIZAT DE DAS TURDA \u00ceN DATA 26 AUGUST 2026 NR CRT. NUM\u0102RUL \u0218I DATA DOSARULUI DE \u00ceNSCRIERE A CANDIDATULUI FUNC\u021aIA CONTRACTUAL\u0102 PUNCTAJUL PROBEI\u00a0 DE INTERVIU REZULTATELE PROBEI DE INTERVIU OBS. 1 9936\u00a0 \/ 12.08.2026 \u00ceNGRIJITOR CUR\u0102\u021aENIE 100 ADMIS &#8211; 2 10088 \/ 17.08.2026 \u00ceNGRIJITOR CUR\u0102\u021aENIE 58.33 ADMIS Rezultatele probei de interviu au fost afi\u0219ate la sediul DAS Turda \u0219i pe site-ul DAS\u00a0 \u00een data de28.08.2026, orele 14.00. Contesta\u021bia la proba de interviu a concursului se poate depune la Registratura DAS Turda, str. Avram Iancu, nr. 12 p\u00e2n\u0103 la data de 31.08.2026, orele 14.00.<\/p>\n","protected":false},"author":1,"featured_media":0,"comment_status":"open","ping_status":"open","sticky":false,"template":"","format":"standard","meta":{"footnotes":""},"categories":[5],"tags":[],"class_list":["post-5189","post","type-post","status-publish","format-standard","hentry","category-concurs"],"aioseo_notices":[],"aioseo_head":"\n\t\t<!-- All in One SEO 5.0.1.1 - aioseo.com -->\n\t<meta name=\"description\" content=\"TABEL CU REZULTATELE PROBEI DE INTERVIU PENTRU OCUPAREA POSTULUI CONTRACTUAL DE EXECU\u0162IE VACANT \u00ceNGRIJITOR (CUR\u0102\u021aENIE) LA CONCURSUL ORGANIZAT DE DAS TURDA \u00ceN DATA 26 AUGUST 2026 NR CRT. NUM\u0102RUL \u0218I DATA DOSARULUI DE \u00ceNSCRIERE A CANDIDATULUI FUNC\u021aIA CONTRACTUAL\u0102 PUNCTAJUL PROBEI DE INTERVIU REZULTATELE PROBEI DE INTERVIU OBS. 1 9936 \/ 12.08.2026 \u00ceNGRIJITOR CUR\u0102\u021aENIE 100 ADMIS\" \/>\n\t<meta name=\"robots\" content=\"max-image-preview:large\" \/>\n\t<meta name=\"author\" content=\"admin\"\/>\n\t<link rel=\"canonical\" href=\"http:\/\/asistentasocialaturda.ro\/index.php\/2026\/08\/28\/rezultatele-probei-de-interviu-ingrijitor-curaaenie\/\" \/>\n\t<meta name=\"generator\" content=\"All in One SEO (AIOSEO) 5.0.1.1\" \/>\n\t\t<meta property=\"og:locale\" content=\"ro_RO\" \/>\n\t\t<meta property=\"og:site_name\" content=\"|\" \/>\n\t\t<meta property=\"og:type\" content=\"article\" \/>\n\t\t<meta property=\"og:title\" content=\"REZULTATELE PROBEI DE INTERVIU (INGRIJITOR CUR\u0102\u021aENIE) |\" \/>\n\t\t<meta property=\"og:description\" content=\"TABEL CU REZULTATELE PROBEI DE INTERVIU PENTRU OCUPAREA POSTULUI CONTRACTUAL DE EXECU\u0162IE VACANT \u00ceNGRIJITOR (CUR\u0102\u021aENIE) LA CONCURSUL ORGANIZAT DE DAS TURDA \u00ceN DATA 26 AUGUST 2026 NR CRT. NUM\u0102RUL \u0218I DATA DOSARULUI DE \u00ceNSCRIERE A CANDIDATULUI FUNC\u021aIA CONTRACTUAL\u0102 PUNCTAJUL PROBEI DE INTERVIU REZULTATELE PROBEI DE INTERVIU OBS. 1 9936 \/ 12.08.2026 \u00ceNGRIJITOR CUR\u0102\u021aENIE 100 ADMIS\" \/>\n\t\t<meta property=\"og:url\" content=\"http:\/\/asistentasocialaturda.ro\/index.php\/2026\/08\/28\/rezultatele-probei-de-interviu-ingrijitor-curaaenie\/\" \/>\n\t\t<meta property=\"article:published_time\" content=\"2026-08-28T11:01:39+00:00\" \/>\n\t\t<meta property=\"article:modified_time\" content=\"2026-08-28T10:48:55+00:00\" \/>\n\t\t<meta name=\"twitter:card\" content=\"summary\" \/>\n\t\t<meta name=\"twitter:title\" content=\"REZULTATELE PROBEI DE INTERVIU (INGRIJITOR CUR\u0102\u021aENIE) |\" \/>\n\t\t<meta name=\"twitter:description\" content=\"TABEL CU REZULTATELE PROBEI DE INTERVIU PENTRU OCUPAREA POSTULUI CONTRACTUAL DE EXECU\u0162IE VACANT \u00ceNGRIJITOR (CUR\u0102\u021aENIE) LA CONCURSUL ORGANIZAT DE DAS TURDA \u00ceN DATA 26 AUGUST 2026 NR CRT. NUM\u0102RUL \u0218I DATA DOSARULUI DE \u00ceNSCRIERE A CANDIDATULUI FUNC\u021aIA CONTRACTUAL\u0102 PUNCTAJUL PROBEI DE INTERVIU REZULTATELE PROBEI DE INTERVIU OBS. 1 9936 \/ 12.08.2026 \u00ceNGRIJITOR CUR\u0102\u021aENIE 100 ADMIS\" \/>\n\t\t<script type=\"application\/ld+json\" class=\"aioseo-schema\">\n\t\t\t{\"@context\":\"https:\\\/\\\/schema.org\",\"@graph\":[{\"@type\":\"Article\",\"@id\":\"http:\\\/\\\/asistentasocialaturda.ro\\\/index.php\\\/2026\\\/08\\\/28\\\/rezultatele-probei-de-interviu-ingrijitor-curaaenie\\\/#article\",\"name\":\"REZULTATELE PROBEI DE INTERVIU (INGRIJITOR CUR\\u0102\\u021aENIE) |\",\"headline\":\"REZULTATELE PROBEI DE INTERVIU (INGRIJITOR CUR\\u0102\\u021aENIE)\",\"author\":{\"@id\":\"http:\\\/\\\/asistentasocialaturda.ro\\\/index.php\\\/author\\\/admin\\\/#author\"},\"publisher\":{\"@id\":\"http:\\\/\\\/asistentasocialaturda.ro\\\/#organization\"},\"datePublished\":\"2026-08-28T14:01:39+03:00\",\"dateModified\":\"2026-08-28T13:48:55+03:00\",\"inLanguage\":\"ro-RO\",\"mainEntityOfPage\":{\"@id\":\"http:\\\/\\\/asistentasocialaturda.ro\\\/index.php\\\/2026\\\/08\\\/28\\\/rezultatele-probei-de-interviu-ingrijitor-curaaenie\\\/#webpage\"},\"isPartOf\":{\"@id\":\"http:\\\/\\\/asistentasocialaturda.ro\\\/index.php\\\/2026\\\/08\\\/28\\\/rezultatele-probei-de-interviu-ingrijitor-curaaenie\\\/#webpage\"},\"articleSection\":\"Concurs\"},{\"@type\":\"BreadcrumbList\",\"@id\":\"http:\\\/\\\/asistentasocialaturda.ro\\\/index.php\\\/2026\\\/08\\\/28\\\/rezultatele-probei-de-interviu-ingrijitor-curaaenie\\\/#breadcrumblist\",\"itemListElement\":[{\"@type\":\"ListItem\",\"@id\":\"http:\\\/\\\/asistentasocialaturda.ro#listItem\",\"position\":1,\"name\":\"Home\",\"item\":\"http:\\\/\\\/asistentasocialaturda.ro\",\"nextItem\":{\"@type\":\"ListItem\",\"@id\":\"http:\\\/\\\/asistentasocialaturda.ro\\\/index.php\\\/category\\\/concurs\\\/#listItem\",\"name\":\"Concurs\"}},{\"@type\":\"ListItem\",\"@id\":\"http:\\\/\\\/asistentasocialaturda.ro\\\/index.php\\\/category\\\/concurs\\\/#listItem\",\"position\":2,\"name\":\"Concurs\",\"item\":\"http:\\\/\\\/asistentasocialaturda.ro\\\/index.php\\\/category\\\/concurs\\\/\",\"nextItem\":{\"@type\":\"ListItem\",\"@id\":\"http:\\\/\\\/asistentasocialaturda.ro\\\/index.php\\\/2026\\\/08\\\/28\\\/rezultatele-probei-de-interviu-ingrijitor-curaaenie\\\/#listItem\",\"name\":\"REZULTATELE PROBEI DE INTERVIU (INGRIJITOR CUR\\u0102\\u021aENIE)\"},\"previousItem\":{\"@type\":\"ListItem\",\"@id\":\"http:\\\/\\\/asistentasocialaturda.ro#listItem\",\"name\":\"Home\"}},{\"@type\":\"ListItem\",\"@id\":\"http:\\\/\\\/asistentasocialaturda.ro\\\/index.php\\\/2026\\\/08\\\/28\\\/rezultatele-probei-de-interviu-ingrijitor-curaaenie\\\/#listItem\",\"position\":3,\"name\":\"REZULTATELE PROBEI DE INTERVIU (INGRIJITOR CUR\\u0102\\u021aENIE)\",\"previousItem\":{\"@type\":\"ListItem\",\"@id\":\"http:\\\/\\\/asistentasocialaturda.ro\\\/index.php\\\/category\\\/concurs\\\/#listItem\",\"name\":\"Concurs\"}}]},{\"@type\":\"Organization\",\"@id\":\"http:\\\/\\\/asistentasocialaturda.ro\\\/#organization\",\"url\":\"http:\\\/\\\/asistentasocialaturda.ro\\\/\"},{\"@type\":\"Person\",\"@id\":\"http:\\\/\\\/asistentasocialaturda.ro\\\/index.php\\\/author\\\/admin\\\/#author\",\"url\":\"http:\\\/\\\/asistentasocialaturda.ro\\\/index.php\\\/author\\\/admin\\\/\",\"name\":\"admin\",\"image\":{\"@type\":\"ImageObject\",\"@id\":\"http:\\\/\\\/asistentasocialaturda.ro\\\/index.php\\\/2026\\\/08\\\/28\\\/rezultatele-probei-de-interviu-ingrijitor-curaaenie\\\/#authorImage\",\"url\":\"https:\\\/\\\/secure.gravatar.com\\\/avatar\\\/7c087047749683b63dcf8b0d32f8243a4283e2e4be28947e75614858d420b86a?s=96&d=mm&r=g\",\"width\":96,\"height\":96,\"caption\":\"admin\"}},{\"@type\":\"WebPage\",\"@id\":\"http:\\\/\\\/asistentasocialaturda.ro\\\/index.php\\\/2026\\\/08\\\/28\\\/rezultatele-probei-de-interviu-ingrijitor-curaaenie\\\/#webpage\",\"url\":\"http:\\\/\\\/asistentasocialaturda.ro\\\/index.php\\\/2026\\\/08\\\/28\\\/rezultatele-probei-de-interviu-ingrijitor-curaaenie\\\/\",\"name\":\"REZULTATELE PROBEI DE INTERVIU (INGRIJITOR CUR\\u0102\\u021aENIE) |\",\"description\":\"TABEL CU REZULTATELE PROBEI DE INTERVIU PENTRU OCUPAREA POSTULUI CONTRACTUAL DE EXECU\\u0162IE VACANT \\u00ceNGRIJITOR (CUR\\u0102\\u021aENIE) LA CONCURSUL ORGANIZAT DE DAS TURDA \\u00ceN DATA 26 AUGUST 2026 NR CRT. NUM\\u0102RUL \\u0218I DATA DOSARULUI DE \\u00ceNSCRIERE A CANDIDATULUI FUNC\\u021aIA CONTRACTUAL\\u0102 PUNCTAJUL PROBEI DE INTERVIU REZULTATELE PROBEI DE INTERVIU OBS. 1 9936 \\\/ 12.08.2026 \\u00ceNGRIJITOR CUR\\u0102\\u021aENIE 100 ADMIS\",\"inLanguage\":\"ro-RO\",\"isPartOf\":{\"@id\":\"http:\\\/\\\/asistentasocialaturda.ro\\\/#website\"},\"breadcrumb\":{\"@id\":\"http:\\\/\\\/asistentasocialaturda.ro\\\/index.php\\\/2026\\\/08\\\/28\\\/rezultatele-probei-de-interviu-ingrijitor-curaaenie\\\/#breadcrumblist\"},\"author\":{\"@id\":\"http:\\\/\\\/asistentasocialaturda.ro\\\/index.php\\\/author\\\/admin\\\/#author\"},\"creator\":{\"@id\":\"http:\\\/\\\/asistentasocialaturda.ro\\\/index.php\\\/author\\\/admin\\\/#author\"},\"datePublished\":\"2026-08-28T14:01:39+03:00\",\"dateModified\":\"2026-08-28T13:48:55+03:00\"},{\"@type\":\"WebSite\",\"@id\":\"http:\\\/\\\/asistentasocialaturda.ro\\\/#website\",\"url\":\"http:\\\/\\\/asistentasocialaturda.ro\\\/\",\"name\":\"Direc\\u021bia de Asisten\\u021b\\u0103 Social\\u0103 Turda\",\"inLanguage\":\"ro-RO\",\"publisher\":{\"@id\":\"http:\\\/\\\/asistentasocialaturda.ro\\\/#organization\"}}]}\n\t\t<\/script>\n\t\t<!-- All in One SEO -->\n\n","aioseo_head_json":{"title":"REZULTATELE PROBEI DE INTERVIU (INGRIJITOR CUR\u0102\u021aENIE) |","description":"TABEL CU REZULTATELE PROBEI DE INTERVIU PENTRU OCUPAREA POSTULUI CONTRACTUAL DE EXECU\u0162IE VACANT \u00ceNGRIJITOR (CUR\u0102\u021aENIE) LA CONCURSUL ORGANIZAT DE DAS TURDA \u00ceN DATA 26 AUGUST 2026 NR CRT. NUM\u0102RUL \u0218I DATA DOSARULUI DE \u00ceNSCRIERE A CANDIDATULUI FUNC\u021aIA CONTRACTUAL\u0102 PUNCTAJUL PROBEI DE INTERVIU REZULTATELE PROBEI DE INTERVIU OBS. 1 9936 \/ 12.08.2026 \u00ceNGRIJITOR CUR\u0102\u021aENIE 100 ADMIS","canonical_url":"http:\/\/asistentasocialaturda.ro\/index.php\/2026\/08\/28\/rezultatele-probei-de-interviu-ingrijitor-curaaenie\/","robots":"max-image-preview:large","keywords":"","webmasterTools":{"miscellaneous":""},"schema":{"@context":"https:\/\/schema.org","@graph":[{"@type":"Article","@id":"http:\/\/asistentasocialaturda.ro\/index.php\/2026\/08\/28\/rezultatele-probei-de-interviu-ingrijitor-curaaenie\/#article","name":"REZULTATELE PROBEI DE INTERVIU (INGRIJITOR CUR\u0102\u021aENIE) |","headline":"REZULTATELE PROBEI DE INTERVIU (INGRIJITOR CUR\u0102\u021aENIE)","author":{"@id":"http:\/\/asistentasocialaturda.ro\/index.php\/author\/admin\/#author"},"publisher":{"@id":"http:\/\/asistentasocialaturda.ro\/#organization"},"datePublished":"2026-08-28T14:01:39+03:00","dateModified":"2026-08-28T13:48:55+03:00","inLanguage":"ro-RO","mainEntityOfPage":{"@id":"http:\/\/asistentasocialaturda.ro\/index.php\/2026\/08\/28\/rezultatele-probei-de-interviu-ingrijitor-curaaenie\/#webpage"},"isPartOf":{"@id":"http:\/\/asistentasocialaturda.ro\/index.php\/2026\/08\/28\/rezultatele-probei-de-interviu-ingrijitor-curaaenie\/#webpage"},"articleSection":"Concurs"},{"@type":"BreadcrumbList","@id":"http:\/\/asistentasocialaturda.ro\/index.php\/2026\/08\/28\/rezultatele-probei-de-interviu-ingrijitor-curaaenie\/#breadcrumblist","itemListElement":[{"@type":"ListItem","@id":"http:\/\/asistentasocialaturda.ro#listItem","position":1,"name":"Home","item":"http:\/\/asistentasocialaturda.ro","nextItem":{"@type":"ListItem","@id":"http:\/\/asistentasocialaturda.ro\/index.php\/category\/concurs\/#listItem","name":"Concurs"}},{"@type":"ListItem","@id":"http:\/\/asistentasocialaturda.ro\/index.php\/category\/concurs\/#listItem","position":2,"name":"Concurs","item":"http:\/\/asistentasocialaturda.ro\/index.php\/category\/concurs\/","nextItem":{"@type":"ListItem","@id":"http:\/\/asistentasocialaturda.ro\/index.php\/2026\/08\/28\/rezultatele-probei-de-interviu-ingrijitor-curaaenie\/#listItem","name":"REZULTATELE PROBEI DE INTERVIU (INGRIJITOR CUR\u0102\u021aENIE)"},"previousItem":{"@type":"ListItem","@id":"http:\/\/asistentasocialaturda.ro#listItem","name":"Home"}},{"@type":"ListItem","@id":"http:\/\/asistentasocialaturda.ro\/index.php\/2026\/08\/28\/rezultatele-probei-de-interviu-ingrijitor-curaaenie\/#listItem","position":3,"name":"REZULTATELE PROBEI DE INTERVIU (INGRIJITOR CUR\u0102\u021aENIE)","previousItem":{"@type":"ListItem","@id":"http:\/\/asistentasocialaturda.ro\/index.php\/category\/concurs\/#listItem","name":"Concurs"}}]},{"@type":"Organization","@id":"http:\/\/asistentasocialaturda.ro\/#organization","url":"http:\/\/asistentasocialaturda.ro\/"},{"@type":"Person","@id":"http:\/\/asistentasocialaturda.ro\/index.php\/author\/admin\/#author","url":"http:\/\/asistentasocialaturda.ro\/index.php\/author\/admin\/","name":"admin","image":{"@type":"ImageObject","@id":"http:\/\/asistentasocialaturda.ro\/index.php\/2026\/08\/28\/rezultatele-probei-de-interviu-ingrijitor-curaaenie\/#authorImage","url":"https:\/\/secure.gravatar.com\/avatar\/7c087047749683b63dcf8b0d32f8243a4283e2e4be28947e75614858d420b86a?s=96&d=mm&r=g","width":96,"height":96,"caption":"admin"}},{"@type":"WebPage","@id":"http:\/\/asistentasocialaturda.ro\/index.php\/2026\/08\/28\/rezultatele-probei-de-interviu-ingrijitor-curaaenie\/#webpage","url":"http:\/\/asistentasocialaturda.ro\/index.php\/2026\/08\/28\/rezultatele-probei-de-interviu-ingrijitor-curaaenie\/","name":"REZULTATELE PROBEI DE INTERVIU (INGRIJITOR CUR\u0102\u021aENIE) |","description":"TABEL CU REZULTATELE PROBEI DE INTERVIU PENTRU OCUPAREA POSTULUI CONTRACTUAL DE EXECU\u0162IE VACANT \u00ceNGRIJITOR (CUR\u0102\u021aENIE) LA CONCURSUL ORGANIZAT DE DAS TURDA \u00ceN DATA 26 AUGUST 2026 NR CRT. NUM\u0102RUL \u0218I DATA DOSARULUI DE \u00ceNSCRIERE A CANDIDATULUI FUNC\u021aIA CONTRACTUAL\u0102 PUNCTAJUL PROBEI DE INTERVIU REZULTATELE PROBEI DE INTERVIU OBS. 1 9936 \/ 12.08.2026 \u00ceNGRIJITOR CUR\u0102\u021aENIE 100 ADMIS","inLanguage":"ro-RO","isPartOf":{"@id":"http:\/\/asistentasocialaturda.ro\/#website"},"breadcrumb":{"@id":"http:\/\/asistentasocialaturda.ro\/index.php\/2026\/08\/28\/rezultatele-probei-de-interviu-ingrijitor-curaaenie\/#breadcrumblist"},"author":{"@id":"http:\/\/asistentasocialaturda.ro\/index.php\/author\/admin\/#author"},"creator":{"@id":"http:\/\/asistentasocialaturda.ro\/index.php\/author\/admin\/#author"},"datePublished":"2026-08-28T14:01:39+03:00","dateModified":"2026-08-28T13:48:55+03:00"},{"@type":"WebSite","@id":"http:\/\/asistentasocialaturda.ro\/#website","url":"http:\/\/asistentasocialaturda.ro\/","name":"Direc\u021bia de Asisten\u021b\u0103 Social\u0103 Turda","inLanguage":"ro-RO","publisher":{"@id":"http:\/\/asistentasocialaturda.ro\/#organization"}}]},"og:locale":"ro_RO","og:site_name":"|","og:type":"article","og:title":"REZULTATELE PROBEI DE INTERVIU (INGRIJITOR CUR\u0102\u021aENIE) |","og:description":"TABEL CU REZULTATELE PROBEI DE INTERVIU PENTRU OCUPAREA POSTULUI CONTRACTUAL DE EXECU\u0162IE VACANT \u00ceNGRIJITOR (CUR\u0102\u021aENIE) LA CONCURSUL ORGANIZAT DE DAS TURDA \u00ceN DATA 26 AUGUST 2026 NR CRT. NUM\u0102RUL \u0218I DATA DOSARULUI DE \u00ceNSCRIERE A CANDIDATULUI FUNC\u021aIA CONTRACTUAL\u0102 PUNCTAJUL PROBEI DE INTERVIU REZULTATELE PROBEI DE INTERVIU OBS. 1 9936 \/ 12.08.2026 \u00ceNGRIJITOR CUR\u0102\u021aENIE 100 ADMIS","og:url":"http:\/\/asistentasocialaturda.ro\/index.php\/2026\/08\/28\/rezultatele-probei-de-interviu-ingrijitor-curaaenie\/","article:published_time":"2026-08-28T11:01:39+00:00","article:modified_time":"2026-08-28T10:48:55+00:00","twitter:card":"summary","twitter:title":"REZULTATELE PROBEI DE INTERVIU (INGRIJITOR CUR\u0102\u021aENIE) |","twitter:description":"TABEL CU REZULTATELE PROBEI DE INTERVIU PENTRU OCUPAREA POSTULUI CONTRACTUAL DE EXECU\u0162IE VACANT \u00ceNGRIJITOR (CUR\u0102\u021aENIE) LA CONCURSUL ORGANIZAT DE DAS TURDA \u00ceN DATA 26 AUGUST 2026 NR CRT. NUM\u0102RUL \u0218I DATA DOSARULUI DE \u00ceNSCRIERE A CANDIDATULUI FUNC\u021aIA CONTRACTUAL\u0102 PUNCTAJUL PROBEI DE INTERVIU REZULTATELE PROBEI DE INTERVIU OBS. 1 9936 \/ 12.08.2026 \u00ceNGRIJITOR CUR\u0102\u021aENIE 100 ADMIS"},"aioseo_meta_data":{"post_id":"5189","title":null,"description":null,"keywords":null,"keyphrases":{"focus":{"keyphrase":"","score":0,"analysis":{"keyphraseInTitle":{"score":0,"maxScore":9,"error":1}}},"additional":[]},"primary_term":null,"canonical_url":null,"og_title":null,"og_description":null,"og_object_type":"default","og_image_type":"default","og_image_url":null,"og_image_width":null,"og_image_height":null,"og_image_custom_url":null,"og_image_custom_fields":null,"og_video":"","og_custom_url":null,"og_article_section":null,"og_article_tags":null,"twitter_use_og":false,"twitter_card":"default","twitter_image_type":"default","twitter_image_url":null,"twitter_image_custom_url":null,"twitter_image_custom_fields":null,"twitter_title":null,"twitter_description":null,"schema":{"blockGraphs":[],"customGraphs":[],"default":{"data":{"Article":[],"Course":[],"Dataset":[],"FAQPage":[],"Movie":[],"Person":[],"Product":[],"ProductReview":[],"Car":[],"Recipe":[],"Service":[],"SoftwareApplication":[],"WebPage":[]},"graphName":"Article","isEnabled":true},"graphs":[]},"schema_type":"default","schema_type_options":null,"pillar_content":false,"robots_default":true,"robots_noindex":false,"robots_noarchive":false,"robots_nosnippet":false,"robots_nofollow":false,"robots_noimageindex":false,"robots_noodp":false,"robots_notranslate":false,"robots_max_snippet":"-1","robots_max_videopreview":"-1","robots_max_imagepreview":"large","priority":null,"frequency":"default","local_seo":null,"breadcrumb_settings":null,"limit_modified_date":false,"ai":{"faqs":[],"keyPoints":[],"schemas":[],"titles":[],"descriptions":[],"socialPosts":{"email":{"subject":"","preview":"","content":""},"linkedin":[],"twitter":[],"facebook":[],"instagram":[]}},"created":"2026-08-28 10:43:39","updated":"2026-08-28 11:09:23","seo_analyzer_scan_date":null,"focus_keyword":null,"additional_keywords":null,"truseo_locale":null},"aioseo_breadcrumb":"<div class=\"aioseo-breadcrumbs\"><span class=\"aioseo-breadcrumb\">\n\t\t\t<a href=\"http:\/\/asistentasocialaturda.ro\" title=\"Home\">Home<\/a>\n\t\t<\/span><span class=\"aioseo-breadcrumb-separator\">&raquo;<\/span><span class=\"aioseo-breadcrumb\">\n\t\t\t<a href=\"http:\/\/asistentasocialaturda.ro\/index.php\/category\/concurs\/\" title=\"Concurs\">Concurs<\/a>\n\t\t<\/span><span class=\"aioseo-breadcrumb-separator\">&raquo;<\/span><span class=\"aioseo-breadcrumb\">\n\t\t\tREZULTATELE PROBEI DE INTERVIU (INGRIJITOR CUR\u0102\u021aENIE)\n\t\t<\/span><\/div>","aioseo_breadcrumb_json":[{"label":"Home","link":"http:\/\/asistentasocialaturda.ro"},{"label":"Concurs","link":"http:\/\/asistentasocialaturda.ro\/index.php\/category\/concurs\/"},{"label":"REZULTATELE PROBEI DE INTERVIU (INGRIJITOR CUR\u0102\u021aENIE)","link":"http:\/\/asistentasocialaturda.ro\/index.php\/2026\/08\/28\/rezultatele-probei-de-interviu-ingrijitor-curaaenie\/"}],"_links":{"self":[{"href":"http:\/\/asistentasocialaturda.ro\/index.php\/wp-json\/wp\/v2\/posts\/5189","targetHints":{"allow":["GET"]}}],"collection":[{"href":"http:\/\/asistentasocialaturda.ro\/index.php\/wp-json\/wp\/v2\/posts"}],"about":[{"href":"http:\/\/asistentasocialaturda.ro\/index.php\/wp-json\/wp\/v2\/types\/post"}],"author":[{"embeddable":true,"href":"http:\/\/asistentasocialaturda.ro\/index.php\/wp-json\/wp\/v2\/users\/1"}],"replies":[{"embeddable":true,"href":"http:\/\/asistentasocialaturda.ro\/index.php\/wp-json\/wp\/v2\/comments?post=5189"}],"version-history":[{"count":3,"href":"http:\/\/asistentasocialaturda.ro\/index.php\/wp-json\/wp\/v2\/posts\/5189\/revisions"}],"predecessor-version":[{"id":5192,"href":"http:\/\/asistentasocialaturda.ro\/index.php\/wp-json\/wp\/v2\/posts\/5189\/revisions\/5192"}],"wp:attachment":[{"href":"http:\/\/asistentasocialaturda.ro\/index.php\/wp-json\/wp\/v2\/media?parent=5189"}],"wp:term":[{"taxonomy":"category","embeddable":true,"href":"http:\/\/asistentasocialaturda.ro\/index.php\/wp-json\/wp\/v2\/categories?post=5189"},{"taxonomy":"post_tag","embeddable":true,"href":"http:\/\/asistentasocialaturda.ro\/index.php\/wp-json\/wp\/v2\/tags?post=5189"}],"curies":[{"name":"wp","href":"https:\/\/api.w.org\/{rel}","templated":true}]}}