{"id":5177,"date":"2026-08-28T10:00:23","date_gmt":"2026-08-28T07:00:23","guid":{"rendered":"https:\/\/asistentasocialaturda.ro\/?p=5177"},"modified":"2026-08-28T09:05:07","modified_gmt":"2026-08-28T06:05:07","slug":"rezultatele-finale-13","status":"publish","type":"post","link":"http:\/\/asistentasocialaturda.ro\/index.php\/2026\/08\/28\/rezultatele-finale-13\/","title":{"rendered":"REZULTATELE FINALE"},"content":{"rendered":"<p style=\"text-align: center;\"><strong>TABEL <\/strong><strong>CU REZULTATELE FINALE LA CONCURSUL <\/strong><strong>PENTRU <\/strong><strong>OCUPAREA POSTURILOR CONTRACTUALE DE EXECU<\/strong><strong>\u0162<\/strong><strong>IE <\/strong><strong>VACANTE LA CONCURSUL <\/strong><strong>ORGANIZAT DE DAS TURDA <\/strong><strong>MUNCITOR CALIFICAT IV<\/strong><strong>\u00a0\u00ceN DATA 26 AUGUST 2026<\/strong><\/p>\n<table style=\"width: 51.1765%;\" width=\"888\">\n<tbody>\n<tr>\n<td style=\"width: 4.18552%;\" width=\"48\"><span style=\"font-size: 8pt;\"><strong>NR CRT.<\/strong><\/span><\/td>\n<td style=\"width: 11.8604%;\" width=\"132\"><span style=\"font-size: 8pt;\"><strong>NUM\u0102RUL \u0218I DATA DOSARULUI DE \u00ceNSCRIERE A CANDIDATULUI <\/strong><\/span><\/td>\n<td style=\"width: 8.20234%;\" width=\"198\"><span style=\"font-size: 8pt;\"><strong>FUNC\u021aIA CONTRACTUAL\u0102 <\/strong><\/span><\/td>\n<td style=\"width: 9.16186%;\" width=\"84\"><span style=\"font-size: 8pt;\"><strong>PUNCTAJ <\/strong><strong>PROB\u0102\u00a0 PRACTIC\u0102<\/strong><\/span><\/td>\n<td style=\"width: 9.15876%;\" width=\"90\"><span style=\"font-size: 8pt;\"><strong>REZULTAT <\/strong><strong>PROB\u0102 <\/strong><strong>PRACTIC\u0102<\/strong><\/span><\/td>\n<td style=\"width: 8.48256%;\" width=\"78\"><span style=\"font-size: 8pt;\"><strong>PUNCTAJ <\/strong><strong>PROB\u0102\u00a0 INTERVIU<\/strong><\/span><\/td>\n<td style=\"width: 9.0451%;\" width=\"90\"><span style=\"font-size: 8pt;\"><strong>REZULTAT <\/strong><strong>PROB\u0102\u00a0 INTERVIU<\/strong><\/span><\/td>\n<td style=\"width: 7.91445%;\" width=\"78\"><span style=\"font-size: 8pt;\"><strong>PUNCTAJ <\/strong><strong>FINAL <\/strong><strong>CONCURS<\/strong><\/span><\/td>\n<td style=\"width: 9.84111%;\" width=\"90\"><span style=\"font-size: 8pt;\"><strong>R<\/strong><strong>EZULTAT <\/strong><strong>CONCURS<\/strong><\/span><\/td>\n<\/tr>\n<tr>\n<td style=\"width: 4.18552%;\" width=\"48\">&nbsp;<\/p>\n<p><span style=\"font-size: 8pt;\">1<\/span><\/td>\n<td style=\"width: 11.8604%;\" width=\"132\"><span style=\"font-size: 8pt;\">10143 \/ 18.08.2026<\/span><\/td>\n<td style=\"width: 8.20234%;\" width=\"198\"><span style=\"font-size: 8pt;\">MUNCITOR CALIFICAT IV<\/span><\/td>\n<td style=\"width: 9.16186%;\" width=\"84\"><span style=\"font-size: 8pt;\">100<\/span><\/td>\n<td style=\"width: 9.15876%;\" width=\"90\"><span style=\"font-size: 8pt;\">ADMIS<\/span><\/td>\n<td style=\"width: 8.48256%;\" width=\"78\"><span style=\"font-size: 8pt;\">90.00<\/span><\/td>\n<td style=\"width: 9.0451%;\" width=\"90\"><span style=\"font-size: 8pt;\">ADMIS<\/span><\/td>\n<td style=\"width: 7.91445%;\" width=\"78\"><span style=\"font-size: 8pt;\">95.00<\/span><\/td>\n<td style=\"width: 9.84111%;\" width=\"90\"><span style=\"font-size: 8pt;\">ADMIS<\/span><\/td>\n<\/tr>\n<\/tbody>\n<\/table>\n<ul>\n<li style=\"text-align: justify;\">Rezultatele finale ale concursului au fost afi\u0219ate la sediul DAS Turda \u0219i pe site-ul institu\u021biei \u00een data 28.08.2026 ora 10.00<\/li>\n<\/ul>\n","protected":false},"excerpt":{"rendered":"<p>TABEL CU REZULTATELE FINALE LA CONCURSUL PENTRU OCUPAREA POSTURILOR CONTRACTUALE DE EXECU\u0162IE VACANTE LA CONCURSUL ORGANIZAT DE DAS TURDA MUNCITOR CALIFICAT IV\u00a0\u00ceN DATA 26 AUGUST 2026 NR CRT. NUM\u0102RUL \u0218I DATA DOSARULUI DE \u00ceNSCRIERE A CANDIDATULUI FUNC\u021aIA CONTRACTUAL\u0102 PUNCTAJ PROB\u0102\u00a0 PRACTIC\u0102 REZULTAT PROB\u0102 PRACTIC\u0102 PUNCTAJ PROB\u0102\u00a0 INTERVIU REZULTAT PROB\u0102\u00a0 INTERVIU PUNCTAJ FINAL CONCURS REZULTAT CONCURS &nbsp; 1 10143 \/ 18.08.2026 MUNCITOR CALIFICAT IV 100 ADMIS 90.00 ADMIS 95.00 ADMIS Rezultatele finale ale concursului au fost afi\u0219ate la sediul DAS Turda \u0219i pe site-ul institu\u021biei \u00een data 28.08.2026 ora 10.00<\/p>\n","protected":false},"author":1,"featured_media":0,"comment_status":"open","ping_status":"open","sticky":false,"template":"","format":"standard","meta":{"footnotes":""},"categories":[5],"tags":[],"class_list":["post-5177","post","type-post","status-publish","format-standard","hentry","category-concurs"],"aioseo_notices":[],"aioseo_head":"\n\t\t<!-- All in One SEO 5.0.1.1 - aioseo.com -->\n\t<meta name=\"description\" content=\"TABEL CU REZULTATELE FINALE LA CONCURSUL PENTRU OCUPAREA POSTURILOR CONTRACTUALE DE EXECU\u0162IE VACANTE LA CONCURSUL ORGANIZAT DE DAS TURDA MUNCITOR CALIFICAT IV \u00ceN DATA 26 AUGUST 2026 NR CRT. NUM\u0102RUL \u0218I DATA DOSARULUI DE \u00ceNSCRIERE A CANDIDATULUI FUNC\u021aIA CONTRACTUAL\u0102 PUNCTAJ PROB\u0102 PRACTIC\u0102 REZULTAT PROB\u0102 PRACTIC\u0102 PUNCTAJ PROB\u0102 INTERVIU REZULTAT PROB\u0102 INTERVIU PUNCTAJ FINAL CONCURS REZULTAT CONCURS\" \/>\n\t<meta name=\"robots\" content=\"max-image-preview:large\" \/>\n\t<meta name=\"author\" content=\"admin\"\/>\n\t<link rel=\"canonical\" href=\"http:\/\/asistentasocialaturda.ro\/index.php\/2026\/08\/28\/rezultatele-finale-13\/\" \/>\n\t<meta name=\"generator\" content=\"All in One SEO (AIOSEO) 5.0.1.1\" \/>\n\t\t<meta property=\"og:locale\" content=\"ro_RO\" \/>\n\t\t<meta property=\"og:site_name\" content=\"|\" \/>\n\t\t<meta property=\"og:type\" content=\"article\" \/>\n\t\t<meta property=\"og:title\" content=\"REZULTATELE FINALE |\" \/>\n\t\t<meta property=\"og:description\" content=\"TABEL CU REZULTATELE FINALE LA CONCURSUL PENTRU OCUPAREA POSTURILOR CONTRACTUALE DE EXECU\u0162IE VACANTE LA CONCURSUL ORGANIZAT DE DAS TURDA MUNCITOR CALIFICAT IV \u00ceN DATA 26 AUGUST 2026 NR CRT. NUM\u0102RUL \u0218I DATA DOSARULUI DE \u00ceNSCRIERE A CANDIDATULUI FUNC\u021aIA CONTRACTUAL\u0102 PUNCTAJ PROB\u0102 PRACTIC\u0102 REZULTAT PROB\u0102 PRACTIC\u0102 PUNCTAJ PROB\u0102 INTERVIU REZULTAT PROB\u0102 INTERVIU PUNCTAJ FINAL CONCURS REZULTAT CONCURS\" \/>\n\t\t<meta property=\"og:url\" content=\"http:\/\/asistentasocialaturda.ro\/index.php\/2026\/08\/28\/rezultatele-finale-13\/\" \/>\n\t\t<meta property=\"article:published_time\" content=\"2026-08-28T07:00:23+00:00\" \/>\n\t\t<meta property=\"article:modified_time\" content=\"2026-08-28T06:05:07+00:00\" \/>\n\t\t<meta name=\"twitter:card\" content=\"summary\" \/>\n\t\t<meta name=\"twitter:title\" content=\"REZULTATELE FINALE |\" \/>\n\t\t<meta name=\"twitter:description\" content=\"TABEL CU REZULTATELE FINALE LA CONCURSUL PENTRU OCUPAREA POSTURILOR CONTRACTUALE DE EXECU\u0162IE VACANTE LA CONCURSUL ORGANIZAT DE DAS TURDA MUNCITOR CALIFICAT IV \u00ceN DATA 26 AUGUST 2026 NR CRT. NUM\u0102RUL \u0218I DATA DOSARULUI DE \u00ceNSCRIERE A CANDIDATULUI FUNC\u021aIA CONTRACTUAL\u0102 PUNCTAJ PROB\u0102 PRACTIC\u0102 REZULTAT PROB\u0102 PRACTIC\u0102 PUNCTAJ PROB\u0102 INTERVIU REZULTAT PROB\u0102 INTERVIU PUNCTAJ FINAL CONCURS REZULTAT CONCURS\" \/>\n\t\t<script type=\"application\/ld+json\" class=\"aioseo-schema\">\n\t\t\t{\"@context\":\"https:\\\/\\\/schema.org\",\"@graph\":[{\"@type\":\"Article\",\"@id\":\"http:\\\/\\\/asistentasocialaturda.ro\\\/index.php\\\/2026\\\/08\\\/28\\\/rezultatele-finale-13\\\/#article\",\"name\":\"REZULTATELE FINALE |\",\"headline\":\"REZULTATELE FINALE\",\"author\":{\"@id\":\"http:\\\/\\\/asistentasocialaturda.ro\\\/index.php\\\/author\\\/admin\\\/#author\"},\"publisher\":{\"@id\":\"http:\\\/\\\/asistentasocialaturda.ro\\\/#organization\"},\"datePublished\":\"2026-08-28T10:00:23+03:00\",\"dateModified\":\"2026-08-28T09:05:07+03:00\",\"inLanguage\":\"ro-RO\",\"mainEntityOfPage\":{\"@id\":\"http:\\\/\\\/asistentasocialaturda.ro\\\/index.php\\\/2026\\\/08\\\/28\\\/rezultatele-finale-13\\\/#webpage\"},\"isPartOf\":{\"@id\":\"http:\\\/\\\/asistentasocialaturda.ro\\\/index.php\\\/2026\\\/08\\\/28\\\/rezultatele-finale-13\\\/#webpage\"},\"articleSection\":\"Concurs\"},{\"@type\":\"BreadcrumbList\",\"@id\":\"http:\\\/\\\/asistentasocialaturda.ro\\\/index.php\\\/2026\\\/08\\\/28\\\/rezultatele-finale-13\\\/#breadcrumblist\",\"itemListElement\":[{\"@type\":\"ListItem\",\"@id\":\"http:\\\/\\\/asistentasocialaturda.ro#listItem\",\"position\":1,\"name\":\"Home\",\"item\":\"http:\\\/\\\/asistentasocialaturda.ro\",\"nextItem\":{\"@type\":\"ListItem\",\"@id\":\"http:\\\/\\\/asistentasocialaturda.ro\\\/index.php\\\/category\\\/concurs\\\/#listItem\",\"name\":\"Concurs\"}},{\"@type\":\"ListItem\",\"@id\":\"http:\\\/\\\/asistentasocialaturda.ro\\\/index.php\\\/category\\\/concurs\\\/#listItem\",\"position\":2,\"name\":\"Concurs\",\"item\":\"http:\\\/\\\/asistentasocialaturda.ro\\\/index.php\\\/category\\\/concurs\\\/\",\"nextItem\":{\"@type\":\"ListItem\",\"@id\":\"http:\\\/\\\/asistentasocialaturda.ro\\\/index.php\\\/2026\\\/08\\\/28\\\/rezultatele-finale-13\\\/#listItem\",\"name\":\"REZULTATELE FINALE\"},\"previousItem\":{\"@type\":\"ListItem\",\"@id\":\"http:\\\/\\\/asistentasocialaturda.ro#listItem\",\"name\":\"Home\"}},{\"@type\":\"ListItem\",\"@id\":\"http:\\\/\\\/asistentasocialaturda.ro\\\/index.php\\\/2026\\\/08\\\/28\\\/rezultatele-finale-13\\\/#listItem\",\"position\":3,\"name\":\"REZULTATELE FINALE\",\"previousItem\":{\"@type\":\"ListItem\",\"@id\":\"http:\\\/\\\/asistentasocialaturda.ro\\\/index.php\\\/category\\\/concurs\\\/#listItem\",\"name\":\"Concurs\"}}]},{\"@type\":\"Organization\",\"@id\":\"http:\\\/\\\/asistentasocialaturda.ro\\\/#organization\",\"url\":\"http:\\\/\\\/asistentasocialaturda.ro\\\/\"},{\"@type\":\"Person\",\"@id\":\"http:\\\/\\\/asistentasocialaturda.ro\\\/index.php\\\/author\\\/admin\\\/#author\",\"url\":\"http:\\\/\\\/asistentasocialaturda.ro\\\/index.php\\\/author\\\/admin\\\/\",\"name\":\"admin\",\"image\":{\"@type\":\"ImageObject\",\"@id\":\"http:\\\/\\\/asistentasocialaturda.ro\\\/index.php\\\/2026\\\/08\\\/28\\\/rezultatele-finale-13\\\/#authorImage\",\"url\":\"https:\\\/\\\/secure.gravatar.com\\\/avatar\\\/7c087047749683b63dcf8b0d32f8243a4283e2e4be28947e75614858d420b86a?s=96&d=mm&r=g\",\"width\":96,\"height\":96,\"caption\":\"admin\"}},{\"@type\":\"WebPage\",\"@id\":\"http:\\\/\\\/asistentasocialaturda.ro\\\/index.php\\\/2026\\\/08\\\/28\\\/rezultatele-finale-13\\\/#webpage\",\"url\":\"http:\\\/\\\/asistentasocialaturda.ro\\\/index.php\\\/2026\\\/08\\\/28\\\/rezultatele-finale-13\\\/\",\"name\":\"REZULTATELE FINALE |\",\"description\":\"TABEL CU REZULTATELE FINALE LA CONCURSUL PENTRU OCUPAREA POSTURILOR CONTRACTUALE DE EXECU\\u0162IE VACANTE LA CONCURSUL ORGANIZAT DE DAS TURDA MUNCITOR CALIFICAT IV \\u00ceN DATA 26 AUGUST 2026 NR CRT. NUM\\u0102RUL \\u0218I DATA DOSARULUI DE \\u00ceNSCRIERE A CANDIDATULUI FUNC\\u021aIA CONTRACTUAL\\u0102 PUNCTAJ PROB\\u0102 PRACTIC\\u0102 REZULTAT PROB\\u0102 PRACTIC\\u0102 PUNCTAJ PROB\\u0102 INTERVIU REZULTAT PROB\\u0102 INTERVIU PUNCTAJ FINAL CONCURS REZULTAT CONCURS\",\"inLanguage\":\"ro-RO\",\"isPartOf\":{\"@id\":\"http:\\\/\\\/asistentasocialaturda.ro\\\/#website\"},\"breadcrumb\":{\"@id\":\"http:\\\/\\\/asistentasocialaturda.ro\\\/index.php\\\/2026\\\/08\\\/28\\\/rezultatele-finale-13\\\/#breadcrumblist\"},\"author\":{\"@id\":\"http:\\\/\\\/asistentasocialaturda.ro\\\/index.php\\\/author\\\/admin\\\/#author\"},\"creator\":{\"@id\":\"http:\\\/\\\/asistentasocialaturda.ro\\\/index.php\\\/author\\\/admin\\\/#author\"},\"datePublished\":\"2026-08-28T10:00:23+03:00\",\"dateModified\":\"2026-08-28T09:05:07+03:00\"},{\"@type\":\"WebSite\",\"@id\":\"http:\\\/\\\/asistentasocialaturda.ro\\\/#website\",\"url\":\"http:\\\/\\\/asistentasocialaturda.ro\\\/\",\"name\":\"Direc\\u021bia de Asisten\\u021b\\u0103 Social\\u0103 Turda\",\"inLanguage\":\"ro-RO\",\"publisher\":{\"@id\":\"http:\\\/\\\/asistentasocialaturda.ro\\\/#organization\"}}]}\n\t\t<\/script>\n\t\t<!-- All in One SEO -->\n\n","aioseo_head_json":{"title":"REZULTATELE FINALE |","description":"TABEL CU REZULTATELE FINALE LA CONCURSUL PENTRU OCUPAREA POSTURILOR CONTRACTUALE DE EXECU\u0162IE VACANTE LA CONCURSUL ORGANIZAT DE DAS TURDA MUNCITOR CALIFICAT IV \u00ceN DATA 26 AUGUST 2026 NR CRT. NUM\u0102RUL \u0218I DATA DOSARULUI DE \u00ceNSCRIERE A CANDIDATULUI FUNC\u021aIA CONTRACTUAL\u0102 PUNCTAJ PROB\u0102 PRACTIC\u0102 REZULTAT PROB\u0102 PRACTIC\u0102 PUNCTAJ PROB\u0102 INTERVIU REZULTAT PROB\u0102 INTERVIU PUNCTAJ FINAL CONCURS REZULTAT CONCURS","canonical_url":"http:\/\/asistentasocialaturda.ro\/index.php\/2026\/08\/28\/rezultatele-finale-13\/","robots":"max-image-preview:large","keywords":"","webmasterTools":{"miscellaneous":""},"schema":{"@context":"https:\/\/schema.org","@graph":[{"@type":"Article","@id":"http:\/\/asistentasocialaturda.ro\/index.php\/2026\/08\/28\/rezultatele-finale-13\/#article","name":"REZULTATELE FINALE |","headline":"REZULTATELE FINALE","author":{"@id":"http:\/\/asistentasocialaturda.ro\/index.php\/author\/admin\/#author"},"publisher":{"@id":"http:\/\/asistentasocialaturda.ro\/#organization"},"datePublished":"2026-08-28T10:00:23+03:00","dateModified":"2026-08-28T09:05:07+03:00","inLanguage":"ro-RO","mainEntityOfPage":{"@id":"http:\/\/asistentasocialaturda.ro\/index.php\/2026\/08\/28\/rezultatele-finale-13\/#webpage"},"isPartOf":{"@id":"http:\/\/asistentasocialaturda.ro\/index.php\/2026\/08\/28\/rezultatele-finale-13\/#webpage"},"articleSection":"Concurs"},{"@type":"BreadcrumbList","@id":"http:\/\/asistentasocialaturda.ro\/index.php\/2026\/08\/28\/rezultatele-finale-13\/#breadcrumblist","itemListElement":[{"@type":"ListItem","@id":"http:\/\/asistentasocialaturda.ro#listItem","position":1,"name":"Home","item":"http:\/\/asistentasocialaturda.ro","nextItem":{"@type":"ListItem","@id":"http:\/\/asistentasocialaturda.ro\/index.php\/category\/concurs\/#listItem","name":"Concurs"}},{"@type":"ListItem","@id":"http:\/\/asistentasocialaturda.ro\/index.php\/category\/concurs\/#listItem","position":2,"name":"Concurs","item":"http:\/\/asistentasocialaturda.ro\/index.php\/category\/concurs\/","nextItem":{"@type":"ListItem","@id":"http:\/\/asistentasocialaturda.ro\/index.php\/2026\/08\/28\/rezultatele-finale-13\/#listItem","name":"REZULTATELE FINALE"},"previousItem":{"@type":"ListItem","@id":"http:\/\/asistentasocialaturda.ro#listItem","name":"Home"}},{"@type":"ListItem","@id":"http:\/\/asistentasocialaturda.ro\/index.php\/2026\/08\/28\/rezultatele-finale-13\/#listItem","position":3,"name":"REZULTATELE FINALE","previousItem":{"@type":"ListItem","@id":"http:\/\/asistentasocialaturda.ro\/index.php\/category\/concurs\/#listItem","name":"Concurs"}}]},{"@type":"Organization","@id":"http:\/\/asistentasocialaturda.ro\/#organization","url":"http:\/\/asistentasocialaturda.ro\/"},{"@type":"Person","@id":"http:\/\/asistentasocialaturda.ro\/index.php\/author\/admin\/#author","url":"http:\/\/asistentasocialaturda.ro\/index.php\/author\/admin\/","name":"admin","image":{"@type":"ImageObject","@id":"http:\/\/asistentasocialaturda.ro\/index.php\/2026\/08\/28\/rezultatele-finale-13\/#authorImage","url":"https:\/\/secure.gravatar.com\/avatar\/7c087047749683b63dcf8b0d32f8243a4283e2e4be28947e75614858d420b86a?s=96&d=mm&r=g","width":96,"height":96,"caption":"admin"}},{"@type":"WebPage","@id":"http:\/\/asistentasocialaturda.ro\/index.php\/2026\/08\/28\/rezultatele-finale-13\/#webpage","url":"http:\/\/asistentasocialaturda.ro\/index.php\/2026\/08\/28\/rezultatele-finale-13\/","name":"REZULTATELE FINALE |","description":"TABEL CU REZULTATELE FINALE LA CONCURSUL PENTRU OCUPAREA POSTURILOR CONTRACTUALE DE EXECU\u0162IE VACANTE LA CONCURSUL ORGANIZAT DE DAS TURDA MUNCITOR CALIFICAT IV \u00ceN DATA 26 AUGUST 2026 NR CRT. NUM\u0102RUL \u0218I DATA DOSARULUI DE \u00ceNSCRIERE A CANDIDATULUI FUNC\u021aIA CONTRACTUAL\u0102 PUNCTAJ PROB\u0102 PRACTIC\u0102 REZULTAT PROB\u0102 PRACTIC\u0102 PUNCTAJ PROB\u0102 INTERVIU REZULTAT PROB\u0102 INTERVIU PUNCTAJ FINAL CONCURS REZULTAT CONCURS","inLanguage":"ro-RO","isPartOf":{"@id":"http:\/\/asistentasocialaturda.ro\/#website"},"breadcrumb":{"@id":"http:\/\/asistentasocialaturda.ro\/index.php\/2026\/08\/28\/rezultatele-finale-13\/#breadcrumblist"},"author":{"@id":"http:\/\/asistentasocialaturda.ro\/index.php\/author\/admin\/#author"},"creator":{"@id":"http:\/\/asistentasocialaturda.ro\/index.php\/author\/admin\/#author"},"datePublished":"2026-08-28T10:00:23+03:00","dateModified":"2026-08-28T09:05:07+03:00"},{"@type":"WebSite","@id":"http:\/\/asistentasocialaturda.ro\/#website","url":"http:\/\/asistentasocialaturda.ro\/","name":"Direc\u021bia de Asisten\u021b\u0103 Social\u0103 Turda","inLanguage":"ro-RO","publisher":{"@id":"http:\/\/asistentasocialaturda.ro\/#organization"}}]},"og:locale":"ro_RO","og:site_name":"|","og:type":"article","og:title":"REZULTATELE FINALE |","og:description":"TABEL CU REZULTATELE FINALE LA CONCURSUL PENTRU OCUPAREA POSTURILOR CONTRACTUALE DE EXECU\u0162IE VACANTE LA CONCURSUL ORGANIZAT DE DAS TURDA MUNCITOR CALIFICAT IV \u00ceN DATA 26 AUGUST 2026 NR CRT. NUM\u0102RUL \u0218I DATA DOSARULUI DE \u00ceNSCRIERE A CANDIDATULUI FUNC\u021aIA CONTRACTUAL\u0102 PUNCTAJ PROB\u0102 PRACTIC\u0102 REZULTAT PROB\u0102 PRACTIC\u0102 PUNCTAJ PROB\u0102 INTERVIU REZULTAT PROB\u0102 INTERVIU PUNCTAJ FINAL CONCURS REZULTAT CONCURS","og:url":"http:\/\/asistentasocialaturda.ro\/index.php\/2026\/08\/28\/rezultatele-finale-13\/","article:published_time":"2026-08-28T07:00:23+00:00","article:modified_time":"2026-08-28T06:05:07+00:00","twitter:card":"summary","twitter:title":"REZULTATELE FINALE |","twitter:description":"TABEL CU REZULTATELE FINALE LA CONCURSUL PENTRU OCUPAREA POSTURILOR CONTRACTUALE DE EXECU\u0162IE VACANTE LA CONCURSUL ORGANIZAT DE DAS TURDA MUNCITOR CALIFICAT IV \u00ceN DATA 26 AUGUST 2026 NR CRT. NUM\u0102RUL \u0218I DATA DOSARULUI DE \u00ceNSCRIERE A CANDIDATULUI FUNC\u021aIA CONTRACTUAL\u0102 PUNCTAJ PROB\u0102 PRACTIC\u0102 REZULTAT PROB\u0102 PRACTIC\u0102 PUNCTAJ PROB\u0102 INTERVIU REZULTAT PROB\u0102 INTERVIU PUNCTAJ FINAL CONCURS REZULTAT CONCURS"},"aioseo_meta_data":{"post_id":"5177","title":null,"description":null,"keywords":null,"keyphrases":{"focus":{"keyphrase":"","score":0,"analysis":{"keyphraseInTitle":{"score":0,"maxScore":9,"error":1}}},"additional":[]},"primary_term":null,"canonical_url":null,"og_title":null,"og_description":null,"og_object_type":"default","og_image_type":"default","og_image_url":null,"og_image_width":null,"og_image_height":null,"og_image_custom_url":null,"og_image_custom_fields":null,"og_video":"","og_custom_url":null,"og_article_section":null,"og_article_tags":null,"twitter_use_og":false,"twitter_card":"default","twitter_image_type":"default","twitter_image_url":null,"twitter_image_custom_url":null,"twitter_image_custom_fields":null,"twitter_title":null,"twitter_description":null,"schema":{"blockGraphs":[],"customGraphs":[],"default":{"data":{"Article":[],"Course":[],"Dataset":[],"FAQPage":[],"Movie":[],"Person":[],"Product":[],"ProductReview":[],"Car":[],"Recipe":[],"Service":[],"SoftwareApplication":[],"WebPage":[]},"graphName":"Article","isEnabled":true},"graphs":[]},"schema_type":"default","schema_type_options":null,"pillar_content":false,"robots_default":true,"robots_noindex":false,"robots_noarchive":false,"robots_nosnippet":false,"robots_nofollow":false,"robots_noimageindex":false,"robots_noodp":false,"robots_notranslate":false,"robots_max_snippet":"-1","robots_max_videopreview":"-1","robots_max_imagepreview":"large","priority":null,"frequency":"default","local_seo":null,"breadcrumb_settings":null,"limit_modified_date":false,"ai":{"faqs":[],"keyPoints":[],"schemas":[],"titles":[],"descriptions":[],"socialPosts":{"email":{"subject":"","preview":"","content":""},"linkedin":[],"twitter":[],"facebook":[],"instagram":[]}},"created":"2026-08-28 05:56:23","updated":"2026-08-28 07:55:54","seo_analyzer_scan_date":null,"focus_keyword":null,"additional_keywords":null,"truseo_locale":null},"aioseo_breadcrumb":"<div class=\"aioseo-breadcrumbs\"><span class=\"aioseo-breadcrumb\">\n\t\t\t<a href=\"http:\/\/asistentasocialaturda.ro\" title=\"Home\">Home<\/a>\n\t\t<\/span><span class=\"aioseo-breadcrumb-separator\">&raquo;<\/span><span class=\"aioseo-breadcrumb\">\n\t\t\t<a href=\"http:\/\/asistentasocialaturda.ro\/index.php\/category\/concurs\/\" title=\"Concurs\">Concurs<\/a>\n\t\t<\/span><span class=\"aioseo-breadcrumb-separator\">&raquo;<\/span><span class=\"aioseo-breadcrumb\">\n\t\t\tREZULTATELE FINALE\n\t\t<\/span><\/div>","aioseo_breadcrumb_json":[{"label":"Home","link":"http:\/\/asistentasocialaturda.ro"},{"label":"Concurs","link":"http:\/\/asistentasocialaturda.ro\/index.php\/category\/concurs\/"},{"label":"REZULTATELE FINALE","link":"http:\/\/asistentasocialaturda.ro\/index.php\/2026\/08\/28\/rezultatele-finale-13\/"}],"_links":{"self":[{"href":"http:\/\/asistentasocialaturda.ro\/index.php\/wp-json\/wp\/v2\/posts\/5177","targetHints":{"allow":["GET"]}}],"collection":[{"href":"http:\/\/asistentasocialaturda.ro\/index.php\/wp-json\/wp\/v2\/posts"}],"about":[{"href":"http:\/\/asistentasocialaturda.ro\/index.php\/wp-json\/wp\/v2\/types\/post"}],"author":[{"embeddable":true,"href":"http:\/\/asistentasocialaturda.ro\/index.php\/wp-json\/wp\/v2\/users\/1"}],"replies":[{"embeddable":true,"href":"http:\/\/asistentasocialaturda.ro\/index.php\/wp-json\/wp\/v2\/comments?post=5177"}],"version-history":[{"count":6,"href":"http:\/\/asistentasocialaturda.ro\/index.php\/wp-json\/wp\/v2\/posts\/5177\/revisions"}],"predecessor-version":[{"id":5183,"href":"http:\/\/asistentasocialaturda.ro\/index.php\/wp-json\/wp\/v2\/posts\/5177\/revisions\/5183"}],"wp:attachment":[{"href":"http:\/\/asistentasocialaturda.ro\/index.php\/wp-json\/wp\/v2\/media?parent=5177"}],"wp:term":[{"taxonomy":"category","embeddable":true,"href":"http:\/\/asistentasocialaturda.ro\/index.php\/wp-json\/wp\/v2\/categories?post=5177"},{"taxonomy":"post_tag","embeddable":true,"href":"http:\/\/asistentasocialaturda.ro\/index.php\/wp-json\/wp\/v2\/tags?post=5177"}],"curies":[{"name":"wp","href":"https:\/\/api.w.org\/{rel}","templated":true}]}}