{"id":2229,"date":"2023-12-06T15:00:36","date_gmt":"2023-12-06T13:00:36","guid":{"rendered":"https:\/\/asistentasocialaturda.ro\/?p=2229"},"modified":"2023-12-06T09:42:24","modified_gmt":"2023-12-06T07:42:24","slug":"rezultatele-finale-la-concursul-de-promovare","status":"publish","type":"post","link":"http:\/\/asistentasocialaturda.ro\/index.php\/2023\/12\/06\/rezultatele-finale-la-concursul-de-promovare\/","title":{"rendered":"REZULTATELE FINALE LA CONCURSUL DE PROMOVARE"},"content":{"rendered":"<p style=\"text-align: center;\"><strong>TABEL <\/strong><strong>CU REZULTATELE FINALE LA CONCURSUL <\/strong><strong>DE PROMOVAREA \u00ceN GRAD PROFESIONAL <\/strong><strong>ORGANIZAT<\/strong><strong>\u00a0\u00ceN DATA DE 4 DECEMBRIE 2023 PENTRU PERSONALUL DIN CADRUL DIREC\u021aIEI DE ASISTEN\u021a\u0102 SOCIAL\u0102 TURDA<\/strong><\/p>\n<table style=\"width: 114.878%;\" width=\"888\">\n<tbody>\n<tr>\n<td style=\"width: 9.7811%;\" width=\"132\"><span style=\"font-size: 8pt;\"><strong>NUM\u0102RUL \u0218I DATA DOSARULUI DE \u00ceNSCRIERE A CANDIDATULUI <\/strong><\/span><\/td>\n<td style=\"width: 18.564%;\" width=\"210\"><span style=\"font-size: 8pt;\"><strong>FUNC\u021aIA \/ SERVICIUL PT CARE ORGANIZEAZA CONCURS DE PROMOVARE<\/strong><\/span><\/td>\n<td style=\"width: 9.67519%;\" width=\"72\"><span style=\"font-size: 8pt;\"><strong>PUNCTAJ <\/strong><strong>PROB\u0102\u00a0 SCRIS\u0102<\/strong><\/span><\/td>\n<td style=\"width: 10.8005%;\" width=\"90\"><span style=\"font-size: 8pt;\"><strong>REZULTAT <\/strong><strong>PROB\u0102 <\/strong><strong>SCRIS\u0102<\/strong><\/span><\/td>\n<td style=\"width: 8.66327%;\" width=\"78\"><span style=\"font-size: 8pt;\"><strong>PUNCTAJ <\/strong><strong>PROB\u0102\u00a0 INTERVIU<\/strong><\/span><\/td>\n<td style=\"width: 10.4613%;\" width=\"90\"><span style=\"font-size: 8pt;\"><strong>REZULTAT <\/strong><\/span><span style=\"font-size: 8pt;\"><strong>PROB\u0102\u00a0 INTERVIU<\/strong><\/span><\/td>\n<td style=\"width: 11.023%;\" width=\"78\"><span style=\"font-size: 8pt;\"><strong>PUNCTAJ <\/strong><\/span><span style=\"font-size: 8pt;\"><strong>FINAL <\/strong><\/span><span style=\"font-size: 8pt;\"><strong>CONCURS<\/strong><\/span><\/td>\n<td style=\"width: 7.31528%;\" width=\"90\"><span style=\"font-size: 8pt;\"><strong>REZULTAT <\/strong><\/span><span style=\"font-size: 8pt;\"><strong>CONCURS<\/strong><\/span><\/td>\n<\/tr>\n<tr>\n<td style=\"width: 9.7811%;\" width=\"132\"><span style=\"font-size: 8pt;\">Dosar nr. 10.691\/17.11.2023<\/span><\/td>\n<td style=\"width: 18.564%;\" width=\"210\"><span style=\"font-size: 8pt;\">Consilier principal\/<strong> Compartimentului prevenire situa\u021bii de urgen\u021b\u0103 \u0219i marginalizare <\/strong><\/span><\/td>\n<td style=\"width: 9.67519%;\" width=\"72\"><span style=\"font-size: 8pt;\">90<\/span><\/td>\n<td style=\"width: 10.8005%;\" width=\"90\"><span style=\"font-size: 8pt;\">ADMIS<\/span><\/td>\n<td style=\"width: 8.66327%;\" width=\"78\"><span style=\"font-size: 8pt;\">85<\/span><\/td>\n<td style=\"width: 10.4613%;\" width=\"90\"><span style=\"font-size: 8pt;\">ADMIS<\/span><\/td>\n<td style=\"width: 11.023%;\" width=\"78\"><span style=\"font-size: 8pt;\">87.5<\/span><\/td>\n<td style=\"width: 7.31528%;\" width=\"90\"><span style=\"font-size: 8pt;\">ADMIS<\/span><\/td>\n<\/tr>\n<\/tbody>\n<\/table>\n<p style=\"text-align: justify;\">Rezultatele finale ale concursului de promovare au fost afi\u0219ate la sediul DAS Turda \u0219i pe site-ul institu\u021biei \u00een data de 06.12.2023\u00a0 la orele 15.00<\/p>\n","protected":false},"excerpt":{"rendered":"<p>TABEL CU REZULTATELE FINALE LA CONCURSUL DE PROMOVAREA \u00ceN GRAD PROFESIONAL ORGANIZAT\u00a0\u00ceN DATA DE 4 DECEMBRIE 2023 PENTRU PERSONALUL DIN CADRUL DIREC\u021aIEI DE ASISTEN\u021a\u0102 SOCIAL\u0102 TURDA NUM\u0102RUL \u0218I DATA DOSARULUI DE \u00ceNSCRIERE A CANDIDATULUI FUNC\u021aIA \/ SERVICIUL PT CARE ORGANIZEAZA CONCURS DE PROMOVARE PUNCTAJ PROB\u0102\u00a0 SCRIS\u0102 REZULTAT PROB\u0102 SCRIS\u0102 PUNCTAJ PROB\u0102\u00a0 INTERVIU REZULTAT PROB\u0102\u00a0 INTERVIU PUNCTAJ FINAL CONCURS REZULTAT CONCURS Dosar nr. 10.691\/17.11.2023 Consilier principal\/ Compartimentului prevenire situa\u021bii de urgen\u021b\u0103 \u0219i marginalizare 90 ADMIS 85 ADMIS 87.5 ADMIS Rezultatele finale ale concursului de promovare au fost afi\u0219ate la sediul DAS Turda \u0219i pe site-ul institu\u021biei \u00een data de 06.12.2023\u00a0 la orele 15.00<\/p>\n","protected":false},"author":1,"featured_media":0,"comment_status":"open","ping_status":"open","sticky":false,"template":"","format":"standard","meta":{"footnotes":""},"categories":[5],"tags":[],"class_list":["post-2229","post","type-post","status-publish","format-standard","hentry","category-concurs"],"aioseo_notices":[],"_links":{"self":[{"href":"http:\/\/asistentasocialaturda.ro\/index.php\/wp-json\/wp\/v2\/posts\/2229","targetHints":{"allow":["GET"]}}],"collection":[{"href":"http:\/\/asistentasocialaturda.ro\/index.php\/wp-json\/wp\/v2\/posts"}],"about":[{"href":"http:\/\/asistentasocialaturda.ro\/index.php\/wp-json\/wp\/v2\/types\/post"}],"author":[{"embeddable":true,"href":"http:\/\/asistentasocialaturda.ro\/index.php\/wp-json\/wp\/v2\/users\/1"}],"replies":[{"embeddable":true,"href":"http:\/\/asistentasocialaturda.ro\/index.php\/wp-json\/wp\/v2\/comments?post=2229"}],"version-history":[{"count":1,"href":"http:\/\/asistentasocialaturda.ro\/index.php\/wp-json\/wp\/v2\/posts\/2229\/revisions"}],"predecessor-version":[{"id":2230,"href":"http:\/\/asistentasocialaturda.ro\/index.php\/wp-json\/wp\/v2\/posts\/2229\/revisions\/2230"}],"wp:attachment":[{"href":"http:\/\/asistentasocialaturda.ro\/index.php\/wp-json\/wp\/v2\/media?parent=2229"}],"wp:term":[{"taxonomy":"category","embeddable":true,"href":"http:\/\/asistentasocialaturda.ro\/index.php\/wp-json\/wp\/v2\/categories?post=2229"},{"taxonomy":"post_tag","embeddable":true,"href":"http:\/\/asistentasocialaturda.ro\/index.php\/wp-json\/wp\/v2\/tags?post=2229"}],"curies":[{"name":"wp","href":"https:\/\/api.w.org\/{rel}","templated":true}]}}