{"id":1804,"date":"2021-09-29T13:46:05","date_gmt":"2021-09-29T10:46:05","guid":{"rendered":"https:\/\/asistentasocialaturda.ro\/?p=1804"},"modified":"2021-09-29T14:21:53","modified_gmt":"2021-09-29T11:21:53","slug":"program-centru-vaccinare","status":"publish","type":"post","link":"http:\/\/asistentasocialaturda.ro\/index.php\/2021\/09\/29\/program-centru-vaccinare\/","title":{"rendered":"PROGRAM CENTRU VACCINARE"},"content":{"rendered":"<div class=\"kvgmc6g5 cxmmr5t8 oygrvhab hcukyx3x c1et5uql ii04i59q\">\n<div dir=\"auto\" style=\"text-align: justify;\">Direc\u021bia de Asisten\u021b\u0103 Social\u0103 Turda v\u0103 informeaz\u0103 c\u0103 \u00eencep\u00e2nd cu data de 29.09.2021 Centrul de vaccinare din incinta s\u0103lii de sport a Colegiului Na\u021bional Mihai Viteazu din mun. Turda, func\u021bioneaz\u0103 dup\u0103 urm\u0103torul program:<\/div>\n<\/div>\n<div class=\"o9v6fnle cxmmr5t8 oygrvhab hcukyx3x c1et5uql ii04i59q\" style=\"text-align: justify;\">\n<div dir=\"auto\" style=\"text-align: center;\"><strong>Luni-Duminic\u0103 \u00eentre orele 08.00-20.00.<\/strong><\/div>\n<\/div>\n<div class=\"o9v6fnle cxmmr5t8 oygrvhab hcukyx3x c1et5uql ii04i59q\" style=\"text-align: justify;\">\n<div dir=\"auto\">Pentru informa\u021bii pute\u021bi apela la num\u0103rul de telefon: 0720.534.615<\/div>\n<div dir=\"auto\"><span style=\"color: #ff0000;\"><strong>LA ACEST NUM\u0102R DE TELEFON NU SE FAC PROGRAM\u0102RI!!!!!!<\/strong><\/span><\/div>\n<\/div>\n<div class=\"o9v6fnle cxmmr5t8 oygrvhab hcukyx3x c1et5uql ii04i59q\">\n<div dir=\"auto\" style=\"text-align: justify;\">De asemenea aducem la cunostin\u021ba persoanelor nedeplasabile care doresc s\u0103 se vaccineze cu doza 1, 2 sau 3, c\u0103 o pot face prin intermediul echipei mobile existente la nivel de UAT Turda.<\/div>\n<div dir=\"auto\" style=\"text-align: justify;\">\u00cen acest sens doritorii sunt ruga\u021bi s\u0103 ne contacteze la nr. de telefon 0264.317.137, pe adresa de email: office@asistentasocialaturda.ro, sau www.asistentasocialaturda.ro, \u00een vederea program\u0103rii, fiind contacta\u021bi ulterior pentru comunicarea zilei \u0219i orei vaccin\u0103rii.<\/div>\n<div dir=\"auto\"><a href=\"http:\/\/asistentasocialaturda.ro\/wp-content\/uploads\/2021\/09\/vaccin-covid.jpg\"><img loading=\"lazy\" decoding=\"async\" class=\"aligncenter size-full wp-image-1805\" src=\"http:\/\/asistentasocialaturda.ro\/wp-content\/uploads\/2021\/09\/vaccin-covid.jpg\" alt=\"\" width=\"780\" height=\"440\" srcset=\"http:\/\/asistentasocialaturda.ro\/wp-content\/uploads\/2021\/09\/vaccin-covid.jpg 780w, http:\/\/asistentasocialaturda.ro\/wp-content\/uploads\/2021\/09\/vaccin-covid-300x169.jpg 300w, http:\/\/asistentasocialaturda.ro\/wp-content\/uploads\/2021\/09\/vaccin-covid-768x433.jpg 768w\" sizes=\"auto, (max-width: 780px) 100vw, 780px\" \/><\/a><\/div>\n<\/div>\n","protected":false},"excerpt":{"rendered":"<p>Direc\u021bia de Asisten\u021b\u0103 Social\u0103 Turda v\u0103 informeaz\u0103 c\u0103 \u00eencep\u00e2nd cu data de 29.09.2021 Centrul de vaccinare din incinta s\u0103lii de sport a Colegiului Na\u021bional Mihai Viteazu din mun. Turda, func\u021bioneaz\u0103 dup\u0103 urm\u0103torul program: Luni-Duminic\u0103 \u00eentre orele 08.00-20.00. Pentru informa\u021bii pute\u021bi apela la num\u0103rul de telefon: 0720.534.615 LA ACEST NUM\u0102R DE TELEFON NU SE FAC PROGRAM\u0102RI!!!!!! De asemenea aducem la cunostin\u021ba persoanelor nedeplasabile care doresc s\u0103 se vaccineze cu doza 1, 2 sau 3, c\u0103 o pot face prin intermediul echipei mobile existente la nivel de UAT Turda. \u00cen acest sens doritorii sunt ruga\u021bi s\u0103 ne contacteze la nr. de telefon 0264.317.137, pe adresa de email: office@asistentasocialaturda.ro, sau www.asistentasocialaturda.ro, \u00een vederea program\u0103rii, fiind contacta\u021bi ulterior pentru comunicarea zilei \u0219i orei vaccin\u0103rii.<\/p>\n","protected":false},"author":1,"featured_media":0,"comment_status":"open","ping_status":"open","sticky":false,"template":"","format":"standard","meta":{"footnotes":""},"categories":[4],"tags":[],"class_list":["post-1804","post","type-post","status-publish","format-standard","hentry","category-anunturi"],"aioseo_notices":[],"_links":{"self":[{"href":"http:\/\/asistentasocialaturda.ro\/index.php\/wp-json\/wp\/v2\/posts\/1804","targetHints":{"allow":["GET"]}}],"collection":[{"href":"http:\/\/asistentasocialaturda.ro\/index.php\/wp-json\/wp\/v2\/posts"}],"about":[{"href":"http:\/\/asistentasocialaturda.ro\/index.php\/wp-json\/wp\/v2\/types\/post"}],"author":[{"embeddable":true,"href":"http:\/\/asistentasocialaturda.ro\/index.php\/wp-json\/wp\/v2\/users\/1"}],"replies":[{"embeddable":true,"href":"http:\/\/asistentasocialaturda.ro\/index.php\/wp-json\/wp\/v2\/comments?post=1804"}],"version-history":[{"count":4,"href":"http:\/\/asistentasocialaturda.ro\/index.php\/wp-json\/wp\/v2\/posts\/1804\/revisions"}],"predecessor-version":[{"id":1809,"href":"http:\/\/asistentasocialaturda.ro\/index.php\/wp-json\/wp\/v2\/posts\/1804\/revisions\/1809"}],"wp:attachment":[{"href":"http:\/\/asistentasocialaturda.ro\/index.php\/wp-json\/wp\/v2\/media?parent=1804"}],"wp:term":[{"taxonomy":"category","embeddable":true,"href":"http:\/\/asistentasocialaturda.ro\/index.php\/wp-json\/wp\/v2\/categories?post=1804"},{"taxonomy":"post_tag","embeddable":true,"href":"http:\/\/asistentasocialaturda.ro\/index.php\/wp-json\/wp\/v2\/tags?post=1804"}],"curies":[{"name":"wp","href":"https:\/\/api.w.org\/{rel}","templated":true}]}}