{"id":1741,"date":"2021-06-07T10:00:55","date_gmt":"2021-06-07T07:00:55","guid":{"rendered":"https:\/\/asistentasocialaturda.ro\/?p=1741"},"modified":"2021-06-07T10:15:58","modified_gmt":"2021-06-07T07:15:58","slug":"tabel-privind-selectia-dosarelor-depuse-pentru-concursul-de-recrutare-functii-publice-de-executie","status":"publish","type":"post","link":"http:\/\/asistentasocialaturda.ro\/index.php\/2021\/06\/07\/tabel-privind-selectia-dosarelor-depuse-pentru-concursul-de-recrutare-functii-publice-de-executie\/","title":{"rendered":"TABEL PRIVIND SELEC\u021aIA DOSARELOR DEPUSE PENTRU CONCURSUL DE RECRUTARE FUNC\u021aII PUBLICE DE EXECU\u021aIE"},"content":{"rendered":"<p style=\"text-align: center;\"><b>TABEL PRIVIND SELEC\u021aIA DOSARELOR DEPUSE PENTRU CONCURSUL DE RECRUTARE FUNC\u021aII PUBLICE DE EXECU\u021aIE ORGANIZAT DE DAS TURDA \u00ceN DATA DE 10 IUNIE 2021<\/b><\/p>\n<p>&nbsp;<\/p>\n<table>\n<tbody>\n<tr>\n<td colspan=\"3\"><b>Informa\u0163ii privind <\/b><b>selec\u0163ia dosarelor<\/b><\/td>\n<\/tr>\n<tr>\n<td colspan=\"3\"><b>Data selec\u0163iei dosarelor:\u00a0 07.06.2021<\/b><\/td>\n<\/tr>\n<tr>\n<td><b>Numarul si data dosarului de inscriere candidat<\/b><\/td>\n<td><b>Rezultatul selec\u0163iei dosarelor<\/b><\/td>\n<td><b>Motivul respingerii dosarului<\/b><\/td>\n<\/tr>\n<tr>\n<td><span style=\"font-weight: 400;\">5260\/25.05.2021<\/span><\/td>\n<td><span style=\"font-weight: 400;\">Admis<\/span><\/td>\n<td><\/td>\n<\/tr>\n<tr>\n<td><span style=\"font-weight: 400;\">5354\/27.05.2021<\/span><\/td>\n<td><span style=\"font-weight: 400;\">Admis<\/span><\/td>\n<td><\/td>\n<\/tr>\n<tr>\n<td><span style=\"font-weight: 400;\">5427\/28.05.2021<\/span><\/td>\n<td><span style=\"font-weight: 400;\">Admis<\/span><\/td>\n<td><\/td>\n<\/tr>\n<tr>\n<td><span style=\"font-weight: 400;\">5504\/31.05.2021<\/span><\/td>\n<td><span style=\"font-weight: 400;\">Admis<\/span><\/td>\n<td><\/td>\n<\/tr>\n<\/tbody>\n<\/table>\n<p style=\"text-align: justify;\"><span style=\"font-weight: 400;\">Rezultatele selec\u021biei dosarelor au fost afi\u0219ate la sediul DAS Turda, str. Dacia , nr. 1 \u0219i pe site-ul DAS Turda \u00een data de 07.06.2021, orele 10.00.<\/span><\/p>\n","protected":false},"excerpt":{"rendered":"<p>TABEL PRIVIND SELEC\u021aIA DOSARELOR DEPUSE PENTRU CONCURSUL DE RECRUTARE FUNC\u021aII PUBLICE DE EXECU\u021aIE ORGANIZAT DE DAS TURDA \u00ceN DATA DE 10 IUNIE 2021 &nbsp; Informa\u0163ii privind selec\u0163ia dosarelor Data selec\u0163iei dosarelor:\u00a0 07.06.2021 Numarul si data dosarului de inscriere candidat Rezultatul selec\u0163iei dosarelor Motivul respingerii dosarului 5260\/25.05.2021 Admis 5354\/27.05.2021 Admis 5427\/28.05.2021 Admis 5504\/31.05.2021 Admis Rezultatele selec\u021biei dosarelor au fost afi\u0219ate la sediul DAS Turda, str. Dacia , nr. 1 \u0219i pe site-ul DAS Turda \u00een data de 07.06.2021, orele 10.00.<\/p>\n","protected":false},"author":1,"featured_media":0,"comment_status":"open","ping_status":"open","sticky":false,"template":"","format":"standard","meta":{"footnotes":""},"categories":[5],"tags":[],"class_list":["post-1741","post","type-post","status-publish","format-standard","hentry","category-concurs"],"aioseo_notices":[],"_links":{"self":[{"href":"http:\/\/asistentasocialaturda.ro\/index.php\/wp-json\/wp\/v2\/posts\/1741","targetHints":{"allow":["GET"]}}],"collection":[{"href":"http:\/\/asistentasocialaturda.ro\/index.php\/wp-json\/wp\/v2\/posts"}],"about":[{"href":"http:\/\/asistentasocialaturda.ro\/index.php\/wp-json\/wp\/v2\/types\/post"}],"author":[{"embeddable":true,"href":"http:\/\/asistentasocialaturda.ro\/index.php\/wp-json\/wp\/v2\/users\/1"}],"replies":[{"embeddable":true,"href":"http:\/\/asistentasocialaturda.ro\/index.php\/wp-json\/wp\/v2\/comments?post=1741"}],"version-history":[{"count":1,"href":"http:\/\/asistentasocialaturda.ro\/index.php\/wp-json\/wp\/v2\/posts\/1741\/revisions"}],"predecessor-version":[{"id":1742,"href":"http:\/\/asistentasocialaturda.ro\/index.php\/wp-json\/wp\/v2\/posts\/1741\/revisions\/1742"}],"wp:attachment":[{"href":"http:\/\/asistentasocialaturda.ro\/index.php\/wp-json\/wp\/v2\/media?parent=1741"}],"wp:term":[{"taxonomy":"category","embeddable":true,"href":"http:\/\/asistentasocialaturda.ro\/index.php\/wp-json\/wp\/v2\/categories?post=1741"},{"taxonomy":"post_tag","embeddable":true,"href":"http:\/\/asistentasocialaturda.ro\/index.php\/wp-json\/wp\/v2\/tags?post=1741"}],"curies":[{"name":"wp","href":"https:\/\/api.w.org\/{rel}","templated":true}]}}