{"id":1687,"date":"2021-04-08T13:31:01","date_gmt":"2021-04-08T10:31:01","guid":{"rendered":"https:\/\/asistentasocialaturda.ro\/?p=1687"},"modified":"2021-06-01T11:32:00","modified_gmt":"2021-06-01T08:32:00","slug":"centru-nou-de-vaccinare-scoala-horea-closca-si-crisan","status":"publish","type":"post","link":"http:\/\/asistentasocialaturda.ro\/index.php\/2021\/04\/08\/centru-nou-de-vaccinare-scoala-horea-closca-si-crisan\/","title":{"rendered":"Centru nou de vaccinare &#8211;\u0218coala Horea, Clo\u0219ca \u0219i Cri\u0219an&#8211;"},"content":{"rendered":"<div>\n<div class=\"\" dir=\"auto\">\n<div id=\"jsc_c_zh\" class=\"ecm0bbzt hv4rvrfc ihqw7lf3 dati1w0a\" data-ad-comet-preview=\"message\" data-ad-preview=\"message\">\n<div class=\"j83agx80 cbu4d94t ew0dbk1b irj2b8pg\">\n<div class=\"qzhwtbm6 knvmm38d\">\n<div class=\"o9v6fnle cxmmr5t8 oygrvhab hcukyx3x c1et5uql ii04i59q\">\n<div dir=\"auto\" style=\"text-align: justify;\">Direc\u021bia de Asisten\u021b\u0103 Social\u0103 Turda v\u0103 informeaz\u0103 c\u0103 \u00eencep\u00e2nd cu data de 06.04.2021 s-a deschis un nou centru de vaccinare \u00een municipiul Turda, \u00een incinta s\u0103lii de sport a \u0218colii Horea, Clo\u0219ca \u0219i Cri\u0219an, str. Lotus nr. 7, care func\u021bioneaz\u0103 dup\u0103 urm\u0103torul program:<\/div>\n<div dir=\"auto\" style=\"text-align: justify;\">Luni-Duminic\u0103 \u00eentre orele 08.00-20.00.<\/div>\n<div dir=\"auto\" style=\"text-align: justify;\">Pentru informa\u021bii \u0219i program\u0103ri pute\u021bi apela la num\u0103rul de telefon: 0745178930<a href=\"http:\/\/asistentasocialaturda.ro\/wp-content\/uploads\/2021\/04\/56807377_303.jpg\"><img loading=\"lazy\" decoding=\"async\" class=\"aligncenter size-full wp-image-1734\" src=\"http:\/\/asistentasocialaturda.ro\/wp-content\/uploads\/2021\/04\/56807377_303.jpg\" alt=\"\" width=\"700\" height=\"394\" srcset=\"http:\/\/asistentasocialaturda.ro\/wp-content\/uploads\/2021\/04\/56807377_303.jpg 700w, http:\/\/asistentasocialaturda.ro\/wp-content\/uploads\/2021\/04\/56807377_303-300x169.jpg 300w\" sizes=\"auto, (max-width: 700px) 100vw, 700px\" \/><\/a><\/div>\n<\/div>\n<\/div>\n<\/div>\n<\/div>\n<\/div>\n<\/div>\n","protected":false},"excerpt":{"rendered":"<p>Direc\u021bia de Asisten\u021b\u0103 Social\u0103 Turda v\u0103 informeaz\u0103 c\u0103 \u00eencep\u00e2nd cu data de 06.04.2021 s-a deschis un nou centru de vaccinare \u00een municipiul Turda, \u00een incinta s\u0103lii de sport a \u0218colii Horea, Clo\u0219ca \u0219i Cri\u0219an, str. Lotus nr. 7, care func\u021bioneaz\u0103 dup\u0103 urm\u0103torul program: Luni-Duminic\u0103 \u00eentre orele 08.00-20.00. Pentru informa\u021bii \u0219i program\u0103ri pute\u021bi apela la num\u0103rul de telefon: 0745178930<\/p>\n","protected":false},"author":1,"featured_media":0,"comment_status":"open","ping_status":"open","sticky":false,"template":"","format":"standard","meta":{"footnotes":""},"categories":[4],"tags":[],"class_list":["post-1687","post","type-post","status-publish","format-standard","hentry","category-anunturi"],"aioseo_notices":[],"_links":{"self":[{"href":"http:\/\/asistentasocialaturda.ro\/index.php\/wp-json\/wp\/v2\/posts\/1687","targetHints":{"allow":["GET"]}}],"collection":[{"href":"http:\/\/asistentasocialaturda.ro\/index.php\/wp-json\/wp\/v2\/posts"}],"about":[{"href":"http:\/\/asistentasocialaturda.ro\/index.php\/wp-json\/wp\/v2\/types\/post"}],"author":[{"embeddable":true,"href":"http:\/\/asistentasocialaturda.ro\/index.php\/wp-json\/wp\/v2\/users\/1"}],"replies":[{"embeddable":true,"href":"http:\/\/asistentasocialaturda.ro\/index.php\/wp-json\/wp\/v2\/comments?post=1687"}],"version-history":[{"count":5,"href":"http:\/\/asistentasocialaturda.ro\/index.php\/wp-json\/wp\/v2\/posts\/1687\/revisions"}],"predecessor-version":[{"id":1737,"href":"http:\/\/asistentasocialaturda.ro\/index.php\/wp-json\/wp\/v2\/posts\/1687\/revisions\/1737"}],"wp:attachment":[{"href":"http:\/\/asistentasocialaturda.ro\/index.php\/wp-json\/wp\/v2\/media?parent=1687"}],"wp:term":[{"taxonomy":"category","embeddable":true,"href":"http:\/\/asistentasocialaturda.ro\/index.php\/wp-json\/wp\/v2\/categories?post=1687"},{"taxonomy":"post_tag","embeddable":true,"href":"http:\/\/asistentasocialaturda.ro\/index.php\/wp-json\/wp\/v2\/tags?post=1687"}],"curies":[{"name":"wp","href":"https:\/\/api.w.org\/{rel}","templated":true}]}}