{"id":1665,"date":"2021-02-24T09:46:17","date_gmt":"2021-02-24T07:46:17","guid":{"rendered":"http:\/\/asistentasocialaturda.ro\/?p=1665"},"modified":"2021-02-24T09:47:54","modified_gmt":"2021-02-24T07:47:54","slug":"anunt-distribuire-alimente-produse-igiena-in-cadrul-programului-poad","status":"publish","type":"post","link":"http:\/\/asistentasocialaturda.ro\/index.php\/2021\/02\/24\/anunt-distribuire-alimente-produse-igiena-in-cadrul-programului-poad\/","title":{"rendered":"ANUN\u021a DISTRIBUIRE ALIMENTE\/PRODUSE IGIEN\u0102 \u00ceN CADRUL PROGRAMULUI POAD"},"content":{"rendered":"<p style=\"text-align: justify;\">Conform Ordonan\u021bei de urgen\u021b\u0103 84\/2020 pentru stabilirea unor m\u0103suri necesare \u00een vederea implement\u0103rii Programului Opera\u021bional Ajutorarea Persoanelor Defavorizate \u2013 POAD 2019-2021<\/p>\n<p style=\"text-align: justify;\">Direc\u021bia de Asisten\u021b\u0103 Social\u0103 Turda, aduce la cuno\u0219tin\u021ba cet\u0103\u021benilor municipiului Turda, c\u0103 \u00eencep\u00e2nd de luni 01.03.2021 se vor distribui alimente \u0219i produse de igien\u0103 persoanelor\/familiilor aflate temporar \u00een situa\u021bii critice de via\u021b\u0103, respectiv victime ale calamit\u0103\u021bilor, persoane dependente (persoanele cu handicap grav \u0219i accentuat, adul\u021bi \u0219i copii, care nu beneficiaz\u0103 de \u00eengrijire \u00een servicii sociale \u00een regim reziden\u021bial, publice sau private) dar \u0219i \u00een alte situa\u021bii asem\u0103n\u0103toare stabilite prin anchetele sociale \u0219i care se afl\u0103 \u00een situa\u021bii deosebite de vulnerabilitate, precum \u0219i persoanele care locuiesc \u00een a\u0219ez\u0103rile informale, \u00een limita stocurilor disponibile.<\/p>\n<p style=\"text-align: justify;\">Distribuirea produselor se va face pe str. Aurel Vlaicu nr. 3 (fostul Liceu Dr. I. Ra\u021biu \u2013 l\u00e2ng\u0103 prim\u0103rie) dup\u0103 urm\u0103torul program:<\/p>\n<p style=\"text-align: center;\"><strong>Luni-Vineri \u00eentre orele 08.00-12.00 <\/strong><\/p>\n<p style=\"text-align: justify;\">Beneficiarii se vor prezenta \u00een vederea ridic\u0103rii pachetelor, \u00een timpul programului, av\u00e2nd asupra lor actul de identitate valabil \u0219i certificatul de \u00eencadrare in grad de handicap (copie + original)\u00a0 unde este cazul.<\/p>\n<p><a href=\"http:\/\/asistentasocialaturda.ro\/wp-content\/uploads\/2021\/02\/153306217_860670654718470_4409002519474225179_o.jpg\"><img loading=\"lazy\" decoding=\"async\" class=\"aligncenter wp-image-1667 size-full\" src=\"http:\/\/asistentasocialaturda.ro\/wp-content\/uploads\/2021\/02\/153306217_860670654718470_4409002519474225179_o.jpg\" alt=\"\" width=\"960\" height=\"480\" srcset=\"http:\/\/asistentasocialaturda.ro\/wp-content\/uploads\/2021\/02\/153306217_860670654718470_4409002519474225179_o.jpg 960w, http:\/\/asistentasocialaturda.ro\/wp-content\/uploads\/2021\/02\/153306217_860670654718470_4409002519474225179_o-300x150.jpg 300w, http:\/\/asistentasocialaturda.ro\/wp-content\/uploads\/2021\/02\/153306217_860670654718470_4409002519474225179_o-768x384.jpg 768w\" sizes=\"auto, (max-width: 960px) 100vw, 960px\" \/><\/a><\/p>\n","protected":false},"excerpt":{"rendered":"<p>Conform Ordonan\u021bei de urgen\u021b\u0103 84\/2020 pentru stabilirea unor m\u0103suri necesare \u00een vederea implement\u0103rii Programului Opera\u021bional Ajutorarea Persoanelor Defavorizate \u2013 POAD 2019-2021 Direc\u021bia de Asisten\u021b\u0103 Social\u0103 Turda, aduce la cuno\u0219tin\u021ba cet\u0103\u021benilor municipiului Turda, c\u0103 \u00eencep\u00e2nd de luni 01.03.2021 se vor distribui alimente \u0219i produse de igien\u0103 persoanelor\/familiilor aflate temporar \u00een situa\u021bii critice de via\u021b\u0103, respectiv victime ale calamit\u0103\u021bilor, persoane dependente (persoanele cu handicap grav \u0219i accentuat, adul\u021bi \u0219i copii, care nu beneficiaz\u0103 de \u00eengrijire \u00een servicii sociale \u00een regim reziden\u021bial, publice sau private) dar \u0219i \u00een alte situa\u021bii asem\u0103n\u0103toare stabilite prin anchetele sociale \u0219i care se afl\u0103 \u00een situa\u021bii deosebite de vulnerabilitate, precum \u0219i persoanele care locuiesc \u00een a\u0219ez\u0103rile informale, \u00een limita stocurilor disponibile. Distribuirea produselor se va face pe str. Aurel Vlaicu nr. 3 (fostul Liceu Dr. I. Ra\u021biu \u2013 l\u00e2ng\u0103 prim\u0103rie) dup\u0103 urm\u0103torul program: Luni-Vineri \u00eentre orele 08.00-12.00 Beneficiarii se vor prezenta \u00een vederea ridic\u0103rii pachetelor, \u00een timpul programului, av\u00e2nd asupra lor actul de identitate valabil \u0219i certificatul de \u00eencadrare in grad de handicap (copie + original)\u00a0 unde este cazul.<\/p>\n","protected":false},"author":1,"featured_media":0,"comment_status":"open","ping_status":"open","sticky":false,"template":"","format":"standard","meta":{"footnotes":""},"categories":[4],"tags":[],"class_list":["post-1665","post","type-post","status-publish","format-standard","hentry","category-anunturi"],"aioseo_notices":[],"_links":{"self":[{"href":"http:\/\/asistentasocialaturda.ro\/index.php\/wp-json\/wp\/v2\/posts\/1665","targetHints":{"allow":["GET"]}}],"collection":[{"href":"http:\/\/asistentasocialaturda.ro\/index.php\/wp-json\/wp\/v2\/posts"}],"about":[{"href":"http:\/\/asistentasocialaturda.ro\/index.php\/wp-json\/wp\/v2\/types\/post"}],"author":[{"embeddable":true,"href":"http:\/\/asistentasocialaturda.ro\/index.php\/wp-json\/wp\/v2\/users\/1"}],"replies":[{"embeddable":true,"href":"http:\/\/asistentasocialaturda.ro\/index.php\/wp-json\/wp\/v2\/comments?post=1665"}],"version-history":[{"count":3,"href":"http:\/\/asistentasocialaturda.ro\/index.php\/wp-json\/wp\/v2\/posts\/1665\/revisions"}],"predecessor-version":[{"id":1669,"href":"http:\/\/asistentasocialaturda.ro\/index.php\/wp-json\/wp\/v2\/posts\/1665\/revisions\/1669"}],"wp:attachment":[{"href":"http:\/\/asistentasocialaturda.ro\/index.php\/wp-json\/wp\/v2\/media?parent=1665"}],"wp:term":[{"taxonomy":"category","embeddable":true,"href":"http:\/\/asistentasocialaturda.ro\/index.php\/wp-json\/wp\/v2\/categories?post=1665"},{"taxonomy":"post_tag","embeddable":true,"href":"http:\/\/asistentasocialaturda.ro\/index.php\/wp-json\/wp\/v2\/tags?post=1665"}],"curies":[{"name":"wp","href":"https:\/\/api.w.org\/{rel}","templated":true}]}}