{"id":1659,"date":"2021-02-04T23:32:42","date_gmt":"2021-02-04T21:32:42","guid":{"rendered":"http:\/\/asistentasocialaturda.ro\/?p=1659"},"modified":"2021-02-07T23:38:52","modified_gmt":"2021-02-07T21:38:52","slug":"distribuirea-alimentelor-produselor-de-igiena-in-cadrul-programului-poad","status":"publish","type":"post","link":"http:\/\/asistentasocialaturda.ro\/index.php\/2021\/02\/04\/distribuirea-alimentelor-produselor-de-igiena-in-cadrul-programului-poad\/","title":{"rendered":"DISTRIBUIREA ALIMENTELOR\/PRODUSELOR DE IGIEN\u0102 \u00ceN CADRUL PROGRAMULUI POAD"},"content":{"rendered":"<p style=\"text-align: justify;\">Conform Ordonan\u021bei de urgen\u021b\u0103 84\/2020 pentru stabilirea unor m\u0103suri necesare \u00een vederea implement\u0103rii Programului Opera\u021bional Ajutorarea Persoanelor Defavorizate \u2013 POAD 2019-2021<\/p>\n<p style=\"text-align: justify;\">Direc\u021bia de Asisten\u021b\u0103 Social\u0103 Turda, aduce la cuno\u0219tin\u021ba beneficiarilor de venit minim garantat sau aloca\u021bie de sus\u021binere a familiei din cart. Poiana, c\u0103 \u00eencep\u00e2nd de Luni 08.02.2021, pe strada C\u00e2mpiei nr. 57 (Centrul comunitar de Igien\u0103 \u0219i S\u0103n\u0103tate \u2013 cartier Poiana) se vor distribui produsele de igien\u0103 \u0219i alimentare dup\u0103 urm\u0103torul program:<\/p>\n<p style=\"text-align: center;\"><strong>Luni -Vineri \u00eentre orele 08.00-12.00<\/strong><\/p>\n<p style=\"text-align: justify;\">Titularii celor dou\u0103 categorii de beneficii, se vor prezenta \u00een vederea ridic\u0103rii pachetelor, \u00een timpul programului, av\u00e2nd asupra lor actul de identitate valabil.<\/p>\n<p style=\"text-align: justify;\">\u00cencep\u00e2nd cu 15.02.2021, distribuirea alimentelor \u0219i a produselor de igien\u0103 pentru beneficiarii de venit minim garantat sau aloca\u021bie de sus\u021binere a familiei din celelalte cartiere ale municipiului Turda, se va face pe str. Aurel Vlaicu nr. 3 (fostul Liceu Dr. I. Ra\u021biu \u2013 l\u00e2ng\u0103 prim\u0103rie) dup\u0103 urm\u0103torul program:<\/p>\n<p style=\"text-align: center;\"><strong>Luni-Vineri \u00eentre orele 08.00-12.00 <\/strong><\/p>\n<p style=\"text-align: justify;\">Beneficiarii de produse alimentare \u0219i produse de igien\u0103 se vor prezenta \u00een vederea ridic\u0103rii pachetelor, \u00een timpul programului, av\u00e2nd asupra lor actul de identitate valabil.<\/p>\n<p style=\"text-align: center;\"><a href=\"http:\/\/asistentasocialaturda.ro\/wp-content\/uploads\/2021\/02\/Produse-UE.jpg\"><img loading=\"lazy\" decoding=\"async\" class=\"aligncenter wp-image-1661 size-full\" title=\"Ajutoare POAD\" src=\"http:\/\/asistentasocialaturda.ro\/wp-content\/uploads\/2021\/02\/Produse-UE.jpg\" alt=\"\" width=\"800\" height=\"445\" srcset=\"http:\/\/asistentasocialaturda.ro\/wp-content\/uploads\/2021\/02\/Produse-UE.jpg 800w, http:\/\/asistentasocialaturda.ro\/wp-content\/uploads\/2021\/02\/Produse-UE-300x167.jpg 300w, http:\/\/asistentasocialaturda.ro\/wp-content\/uploads\/2021\/02\/Produse-UE-768x427.jpg 768w\" sizes=\"auto, (max-width: 800px) 100vw, 800px\" \/><\/a><\/p>\n","protected":false},"excerpt":{"rendered":"<p>Conform Ordonan\u021bei de urgen\u021b\u0103 84\/2020 pentru stabilirea unor m\u0103suri necesare \u00een vederea implement\u0103rii Programului Opera\u021bional Ajutorarea Persoanelor Defavorizate \u2013 POAD 2019-2021 Direc\u021bia de Asisten\u021b\u0103 Social\u0103 Turda, aduce la cuno\u0219tin\u021ba beneficiarilor de venit minim garantat sau aloca\u021bie de sus\u021binere a familiei din cart. Poiana, c\u0103 \u00eencep\u00e2nd de Luni 08.02.2021, pe strada C\u00e2mpiei nr. 57 (Centrul comunitar de Igien\u0103 \u0219i S\u0103n\u0103tate \u2013 cartier Poiana) se vor distribui produsele de igien\u0103 \u0219i alimentare dup\u0103 urm\u0103torul program: Luni -Vineri \u00eentre orele 08.00-12.00 Titularii celor dou\u0103 categorii de beneficii, se vor prezenta \u00een vederea ridic\u0103rii pachetelor, \u00een timpul programului, av\u00e2nd asupra lor actul de identitate valabil. \u00cencep\u00e2nd cu 15.02.2021, distribuirea alimentelor \u0219i a produselor de igien\u0103 pentru beneficiarii de venit minim garantat sau aloca\u021bie de sus\u021binere a familiei din celelalte cartiere ale municipiului Turda, se va face pe str. Aurel Vlaicu nr. 3 (fostul Liceu Dr. I. Ra\u021biu \u2013 l\u00e2ng\u0103 prim\u0103rie) dup\u0103 urm\u0103torul program: Luni-Vineri \u00eentre orele 08.00-12.00 Beneficiarii de produse alimentare \u0219i produse de igien\u0103 se vor prezenta \u00een vederea ridic\u0103rii pachetelor, \u00een timpul programului, av\u00e2nd asupra lor actul de identitate valabil.<\/p>\n","protected":false},"author":1,"featured_media":0,"comment_status":"open","ping_status":"open","sticky":false,"template":"","format":"standard","meta":{"footnotes":""},"categories":[4],"tags":[],"class_list":["post-1659","post","type-post","status-publish","format-standard","hentry","category-anunturi"],"aioseo_notices":[],"_links":{"self":[{"href":"http:\/\/asistentasocialaturda.ro\/index.php\/wp-json\/wp\/v2\/posts\/1659","targetHints":{"allow":["GET"]}}],"collection":[{"href":"http:\/\/asistentasocialaturda.ro\/index.php\/wp-json\/wp\/v2\/posts"}],"about":[{"href":"http:\/\/asistentasocialaturda.ro\/index.php\/wp-json\/wp\/v2\/types\/post"}],"author":[{"embeddable":true,"href":"http:\/\/asistentasocialaturda.ro\/index.php\/wp-json\/wp\/v2\/users\/1"}],"replies":[{"embeddable":true,"href":"http:\/\/asistentasocialaturda.ro\/index.php\/wp-json\/wp\/v2\/comments?post=1659"}],"version-history":[{"count":3,"href":"http:\/\/asistentasocialaturda.ro\/index.php\/wp-json\/wp\/v2\/posts\/1659\/revisions"}],"predecessor-version":[{"id":1663,"href":"http:\/\/asistentasocialaturda.ro\/index.php\/wp-json\/wp\/v2\/posts\/1659\/revisions\/1663"}],"wp:attachment":[{"href":"http:\/\/asistentasocialaturda.ro\/index.php\/wp-json\/wp\/v2\/media?parent=1659"}],"wp:term":[{"taxonomy":"category","embeddable":true,"href":"http:\/\/asistentasocialaturda.ro\/index.php\/wp-json\/wp\/v2\/categories?post=1659"},{"taxonomy":"post_tag","embeddable":true,"href":"http:\/\/asistentasocialaturda.ro\/index.php\/wp-json\/wp\/v2\/tags?post=1659"}],"curies":[{"name":"wp","href":"https:\/\/api.w.org\/{rel}","templated":true}]}}