{"id":1622,"date":"2021-01-07T12:14:35","date_gmt":"2021-01-07T10:14:35","guid":{"rendered":"http:\/\/asistentasocialaturda.ro\/?p=1622"},"modified":"2021-01-07T12:14:35","modified_gmt":"2021-01-07T10:14:35","slug":"rezultatul-selectiei-dosarelor-depuse-pentru-posturile-vacante-de-educator-puericultor-si-ingrijitoare","status":"publish","type":"post","link":"http:\/\/asistentasocialaturda.ro\/index.php\/2021\/01\/07\/rezultatul-selectiei-dosarelor-depuse-pentru-posturile-vacante-de-educator-puericultor-si-ingrijitoare\/","title":{"rendered":"REZULTATUL SELEC\u021aIEI DOSARELOR DEPUSE PENTRU POSTURILE VACANTE DE EDUCATOR PUERICULTOR \u0218I \u00ceNGRIJITOARE"},"content":{"rendered":"<p>&nbsp;<\/p>\n<table>\n<tbody>\n<tr>\n<td colspan=\"3\"><b>Informa\u0163ii privind <\/b><b>selec\u0163ia dosarelor<\/b><\/td>\n<\/tr>\n<tr>\n<td colspan=\"3\"><b>Data selec\u0163iei dosarelor:\u00a0 07 ianuarie 2021<\/b><\/td>\n<\/tr>\n<tr>\n<td><b>Numele \u015fi prenumele candidatului<\/b><\/td>\n<td><b>Rezultatul selec\u0163iei dosarelor<\/b><\/td>\n<td><b>Observatii<\/b><\/td>\n<\/tr>\n<tr>\n<td><span style=\"font-weight: 400;\">ANGHEL DANIELA SANDA<\/span><\/td>\n<td><b>Admis<\/b><\/td>\n<td><b>Va prezenta pana la data de 13.01.2021 Raportul de evaluare psihologica.<\/b><\/td>\n<\/tr>\n<tr>\n<td><span style=\"font-weight: 400;\">BALLA CSILA IUDITH<\/span><\/td>\n<td><span style=\"font-weight: 400;\">Admis<\/span><\/td>\n<td><\/td>\n<\/tr>\n<tr>\n<td><span style=\"font-weight: 400;\">CSEGEZI ADRIEN<\/span><\/td>\n<td><span style=\"font-weight: 400;\">Admis<\/span><\/td>\n<td><\/td>\n<\/tr>\n<tr>\n<td><span style=\"font-weight: 400;\">HUNYADI MELINDA<\/span><\/td>\n<td><span style=\"font-weight: 400;\">Admis<\/span><\/td>\n<td><\/td>\n<\/tr>\n<tr>\n<td><span style=\"font-weight: 400;\">KRISZBAI DORINA RUBINCA<\/span><\/td>\n<td><span style=\"font-weight: 400;\">Admis<\/span><\/td>\n<td><\/td>\n<\/tr>\n<tr>\n<td><span style=\"font-weight: 400;\">RIGER AMALIA\u00a0<\/span><\/td>\n<td><span style=\"font-weight: 400;\">Admis<\/span><\/td>\n<td><\/td>\n<\/tr>\n<tr>\n<td><span style=\"font-weight: 400;\">SOOS CSILLA\u00a0<\/span><\/td>\n<td><span style=\"font-weight: 400;\">Admis<\/span><\/td>\n<td><\/td>\n<\/tr>\n<\/tbody>\n<\/table>\n<p>&nbsp;<\/p>\n","protected":false},"excerpt":{"rendered":"<p>&nbsp; Informa\u0163ii privind selec\u0163ia dosarelor Data selec\u0163iei dosarelor:\u00a0 07 ianuarie 2021 Numele \u015fi prenumele candidatului Rezultatul selec\u0163iei dosarelor Observatii ANGHEL DANIELA SANDA Admis Va prezenta pana la data de 13.01.2021 Raportul de evaluare psihologica. BALLA CSILA IUDITH Admis CSEGEZI ADRIEN Admis HUNYADI MELINDA Admis KRISZBAI DORINA RUBINCA Admis RIGER AMALIA\u00a0 Admis SOOS CSILLA\u00a0 Admis &nbsp;<\/p>\n","protected":false},"author":1,"featured_media":0,"comment_status":"open","ping_status":"open","sticky":false,"template":"","format":"standard","meta":{"footnotes":""},"categories":[5],"tags":[],"class_list":["post-1622","post","type-post","status-publish","format-standard","hentry","category-concurs"],"aioseo_notices":[],"_links":{"self":[{"href":"http:\/\/asistentasocialaturda.ro\/index.php\/wp-json\/wp\/v2\/posts\/1622","targetHints":{"allow":["GET"]}}],"collection":[{"href":"http:\/\/asistentasocialaturda.ro\/index.php\/wp-json\/wp\/v2\/posts"}],"about":[{"href":"http:\/\/asistentasocialaturda.ro\/index.php\/wp-json\/wp\/v2\/types\/post"}],"author":[{"embeddable":true,"href":"http:\/\/asistentasocialaturda.ro\/index.php\/wp-json\/wp\/v2\/users\/1"}],"replies":[{"embeddable":true,"href":"http:\/\/asistentasocialaturda.ro\/index.php\/wp-json\/wp\/v2\/comments?post=1622"}],"version-history":[{"count":1,"href":"http:\/\/asistentasocialaturda.ro\/index.php\/wp-json\/wp\/v2\/posts\/1622\/revisions"}],"predecessor-version":[{"id":1623,"href":"http:\/\/asistentasocialaturda.ro\/index.php\/wp-json\/wp\/v2\/posts\/1622\/revisions\/1623"}],"wp:attachment":[{"href":"http:\/\/asistentasocialaturda.ro\/index.php\/wp-json\/wp\/v2\/media?parent=1622"}],"wp:term":[{"taxonomy":"category","embeddable":true,"href":"http:\/\/asistentasocialaturda.ro\/index.php\/wp-json\/wp\/v2\/categories?post=1622"},{"taxonomy":"post_tag","embeddable":true,"href":"http:\/\/asistentasocialaturda.ro\/index.php\/wp-json\/wp\/v2\/tags?post=1622"}],"curies":[{"name":"wp","href":"https:\/\/api.w.org\/{rel}","templated":true}]}}