{"id":1615,"date":"2020-12-21T10:33:56","date_gmt":"2020-12-21T08:33:56","guid":{"rendered":"http:\/\/asistentasocialaturda.ro\/?p=1615"},"modified":"2020-12-21T10:35:09","modified_gmt":"2020-12-21T08:35:09","slug":"tichete-sociale-pentru-gradinita","status":"publish","type":"post","link":"http:\/\/asistentasocialaturda.ro\/index.php\/2020\/12\/21\/tichete-sociale-pentru-gradinita\/","title":{"rendered":"TICHETE SOCIALE PENTRU GR\u0102DINI\u021a\u0102"},"content":{"rendered":"<p style=\"text-align: justify;\">Direc\u021bia de Asisten\u021b\u0103 Social\u0103 Turda aduce la cuno\u0219tin\u021b\u0103 faptul c\u0103 \u00eencep\u00e2nd cu 1 ianuarie 2021, intr\u0103 \u00een vigoare Legea 49\/2020 prin care se modific\u0103 o parte din criteriile de acordare a stimulentului educa\u021bional sub form\u0103 de tichete sociale pentru gr\u0103dini\u021b\u0103.<\/p>\n<p style=\"text-align: justify;\">Astfel, potrivit noilor reglement\u0103ri, stimulentul educa\u021bional, se acord\u0103 copiilor din familiile care au stabilit dreptul la aloca\u021bie pentru sus\u021binerea familiei acordat\u0103 \u00een baza Legii nr. 277\/2010 privind aloca\u021bia pentru sus\u021binerea familiei, republicat\u0103, cu modific\u0103rile \u0219i complet\u0103rile ulterioare, indiferent dac\u0103 familia se afl\u0103 \u00een plata acestui drept sau acesta este suspendat.<\/p>\n<p style=\"text-align: justify;\">Stimulentul se acord\u0103 din oficiu, odat\u0103 cu stabilirea dreptului de aloca\u021bie pentru sus\u021binerea familiei, sau dup\u0103 acordarea acestuia, persoanei care este \u0219i titularul aloca\u021biei pentru sus\u021binerea familiei.<\/p>\n<p style=\"text-align: justify;\">Tichetele se acord\u0103 \u0219i copiilor afla\u021bi \u00een \u00eengrijirea persoanei care a fost desemnat\u0103 de p\u0103rinte pentru \u00eentre\u021binerea copilului, pe perioada absen\u021bei p\u0103rin\u021bilor, conform art. 104 din Legea nr. 272\/2004 privind protec\u021bia \u0219i promovarea drepturilor copilului, republicat\u0103, cu modific\u0103rile \u0219i complet\u0103rile ulterioare, dac\u0103 veniturile pe persoan\u0103, inclusiv copilul aflat \u00een \u00eengrijire, nu dep\u0103\u0219esc nivelul maxim de venituri pentru acordarea aloca\u021biei pentru sus\u021binerea familiei (530 lei\/membru de familie). \u00cen acest caz, stimulentul educa\u021bional se acord\u0103 la cerere.<\/p>\n<p style=\"text-align: justify;\">Sprijinul de tip stimulent educa\u021bional se acord\u0103 numai pentru copiii \u00eenscri\u0219i \u00eentr-o unitate de \u00eenv\u0103\u021b\u0103m\u00e2nt pre\u0219colar, conform Legii Educa\u021biei Na\u021bionale nr. 1\/2011, cu modific\u0103rile \u0219i complet\u0103rile ulterioare.<\/p>\n<p style=\"text-align: justify;\">De asemenea, potrivit noilor reglement\u0103ri, valoarea unui tichet social pentru gr\u0103dini\u021b\u0103, va fi de 0,2 ISR exprimat \u00een lei (adic\u0103 100 lei).<\/p>\n<p style=\"text-align: justify;\">Frecventarea regulat\u0103 a gr\u0103dini\u021bei este obligatorie fiind admise numai absen\u021be motivate \u00een baza unor scutiri medicale (care s\u0103 nu dep\u0103\u0219easc\u0103 50% din num\u0103rul total de zile de gr\u0103dini\u021b\u0103 dintr-o lun\u0103) sau \u00eenvoiri de c\u0103tre p\u0103rin\u021bi (cel mult 3 zile pe lun\u0103).<\/p>\n<p style=\"text-align: justify;\">Tichetele vor putea fi folosite exclusiv pentru achizi\u021bionarea de produse alimentare, de igien\u0103, articole de \u00eembr\u0103c\u0103minte \u0219i\/sau rechizite.<\/p>\n<p style=\"text-align: justify;\">Pentru informa\u021bii privind \u00eentocmirea \u0219i depunerea dosarului, p\u0103rin\u021bii sunt ruga\u021bi s\u0103 contacteze Direc\u021bia de Asistenta Social\u0103 Turda, str. Dacia, nr. 1, de Luni p\u00e2n\u0103 Vineri \u00eentre orele 8.00 \u2013 12.00; telefon 0264-317137, e-mail <a href=\"mailto:office@asistentasocialaturda.ro\">office@asistentasocialaturda.ro<\/a>.<\/p>\n","protected":false},"excerpt":{"rendered":"<p>Direc\u021bia de Asisten\u021b\u0103 Social\u0103 Turda aduce la cuno\u0219tin\u021b\u0103 faptul c\u0103 \u00eencep\u00e2nd cu 1 ianuarie 2021, intr\u0103 \u00een vigoare Legea 49\/2020 prin care se modific\u0103 o parte din criteriile de acordare a stimulentului educa\u021bional sub form\u0103 de tichete sociale pentru gr\u0103dini\u021b\u0103. Astfel, potrivit noilor reglement\u0103ri, stimulentul educa\u021bional, se acord\u0103 copiilor din familiile care au stabilit dreptul la aloca\u021bie pentru sus\u021binerea familiei acordat\u0103 \u00een baza Legii nr. 277\/2010 privind aloca\u021bia pentru sus\u021binerea familiei, republicat\u0103, cu modific\u0103rile \u0219i complet\u0103rile ulterioare, indiferent dac\u0103 familia se afl\u0103 \u00een plata acestui drept sau acesta este suspendat. Stimulentul se acord\u0103 din oficiu, odat\u0103 cu stabilirea dreptului de aloca\u021bie pentru sus\u021binerea familiei, sau dup\u0103 acordarea acestuia, persoanei care este \u0219i titularul aloca\u021biei pentru sus\u021binerea familiei. Tichetele se acord\u0103 \u0219i copiilor afla\u021bi \u00een \u00eengrijirea persoanei care a fost desemnat\u0103 de p\u0103rinte pentru \u00eentre\u021binerea copilului, pe perioada absen\u021bei p\u0103rin\u021bilor, conform art. 104 din Legea nr. 272\/2004 privind protec\u021bia \u0219i promovarea drepturilor copilului, republicat\u0103, cu modific\u0103rile \u0219i complet\u0103rile ulterioare, dac\u0103 veniturile pe persoan\u0103, inclusiv copilul aflat \u00een \u00eengrijire, nu dep\u0103\u0219esc nivelul maxim de venituri pentru acordarea aloca\u021biei pentru sus\u021binerea familiei (530 lei\/membru de familie). \u00cen acest caz, stimulentul educa\u021bional se acord\u0103 la cerere. Sprijinul de tip stimulent educa\u021bional se acord\u0103 numai pentru copiii \u00eenscri\u0219i \u00eentr-o unitate de \u00eenv\u0103\u021b\u0103m\u00e2nt pre\u0219colar, conform Legii Educa\u021biei Na\u021bionale nr. 1\/2011, cu modific\u0103rile \u0219i complet\u0103rile ulterioare. De asemenea, potrivit noilor reglement\u0103ri, valoarea unui tichet social pentru gr\u0103dini\u021b\u0103, va fi de 0,2 ISR exprimat \u00een lei (adic\u0103 100 lei). Frecventarea regulat\u0103 a gr\u0103dini\u021bei este obligatorie fiind admise numai absen\u021be motivate \u00een baza unor scutiri medicale (care s\u0103 nu dep\u0103\u0219easc\u0103 50% din num\u0103rul total de zile de gr\u0103dini\u021b\u0103 dintr-o lun\u0103) sau \u00eenvoiri de c\u0103tre p\u0103rin\u021bi (cel mult 3 zile pe lun\u0103). Tichetele vor putea fi folosite exclusiv pentru achizi\u021bionarea de produse alimentare, de igien\u0103, articole de \u00eembr\u0103c\u0103minte \u0219i\/sau rechizite. Pentru informa\u021bii privind \u00eentocmirea \u0219i depunerea dosarului, p\u0103rin\u021bii sunt ruga\u021bi s\u0103 contacteze Direc\u021bia de Asistenta Social\u0103 Turda, str. Dacia, nr. 1, de Luni p\u00e2n\u0103 Vineri \u00eentre orele 8.00 \u2013 12.00; telefon 0264-317137, e-mail office@asistentasocialaturda.ro.<\/p>\n","protected":false},"author":1,"featured_media":0,"comment_status":"open","ping_status":"open","sticky":false,"template":"","format":"standard","meta":{"footnotes":""},"categories":[4],"tags":[],"class_list":["post-1615","post","type-post","status-publish","format-standard","hentry","category-anunturi"],"aioseo_notices":[],"_links":{"self":[{"href":"http:\/\/asistentasocialaturda.ro\/index.php\/wp-json\/wp\/v2\/posts\/1615","targetHints":{"allow":["GET"]}}],"collection":[{"href":"http:\/\/asistentasocialaturda.ro\/index.php\/wp-json\/wp\/v2\/posts"}],"about":[{"href":"http:\/\/asistentasocialaturda.ro\/index.php\/wp-json\/wp\/v2\/types\/post"}],"author":[{"embeddable":true,"href":"http:\/\/asistentasocialaturda.ro\/index.php\/wp-json\/wp\/v2\/users\/1"}],"replies":[{"embeddable":true,"href":"http:\/\/asistentasocialaturda.ro\/index.php\/wp-json\/wp\/v2\/comments?post=1615"}],"version-history":[{"count":2,"href":"http:\/\/asistentasocialaturda.ro\/index.php\/wp-json\/wp\/v2\/posts\/1615\/revisions"}],"predecessor-version":[{"id":1617,"href":"http:\/\/asistentasocialaturda.ro\/index.php\/wp-json\/wp\/v2\/posts\/1615\/revisions\/1617"}],"wp:attachment":[{"href":"http:\/\/asistentasocialaturda.ro\/index.php\/wp-json\/wp\/v2\/media?parent=1615"}],"wp:term":[{"taxonomy":"category","embeddable":true,"href":"http:\/\/asistentasocialaturda.ro\/index.php\/wp-json\/wp\/v2\/categories?post=1615"},{"taxonomy":"post_tag","embeddable":true,"href":"http:\/\/asistentasocialaturda.ro\/index.php\/wp-json\/wp\/v2\/tags?post=1615"}],"curies":[{"name":"wp","href":"https:\/\/api.w.org\/{rel}","templated":true}]}}