{"id":1543,"date":"2020-09-14T14:16:08","date_gmt":"2020-09-14T11:16:08","guid":{"rendered":"http:\/\/asistentasocialaturda.ro\/?p=1543"},"modified":"2020-09-15T13:56:31","modified_gmt":"2020-09-15T10:56:31","slug":"reluare-activitate-dispensare-stomatologice-scolare","status":"publish","type":"post","link":"http:\/\/asistentasocialaturda.ro\/index.php\/2020\/09\/14\/reluare-activitate-dispensare-stomatologice-scolare\/","title":{"rendered":"RELUARE ACTIVITATE DISPENSARE STOMATOLOGICE \u0218COLARE"},"content":{"rendered":"<p style=\"text-align: justify;\">Direc\u021bia de Asisten\u021b\u0103 Social\u0103 Turda v\u0103 aduce la cuno\u0219tin\u021b\u0103 c\u0103 \u00eencep\u00e2nd cu 14.09.2020 se reia activitatea dispensarelor stomatologice \u0219colare care ofer\u0103 tratamente \u0219i consulta\u021bii gratuite tuturor elevilor \u0219i pre\u0219colarilor \u00eenscri\u0219i la o unitate de \u00eenv\u0103\u021b\u0103m\u00e2nt situat\u0103 \u00een municipiul Turda.<\/p>\n<ul>\n<li style=\"text-align: justify;\"><strong>Dispensarul stomatologic nr. 1<\/strong> aflat \u00een incinta Colegiului Na\u021bional Mihai Viteazu (fostul LMV)\n<ul style=\"list-style-type: disc;\">\n<li>Orar de func\u021bionare:\n<ul style=\"list-style-type: circle;\">\n<li>Luni, Miercuri, Joi, Vineri 8<u><sup>00<\/sup><\/u> \u2013 15<u><sup>00<\/sup><\/u>;<\/li>\n<li>Mar\u021bi 11<u><sup>30<\/sup><\/u> \u2013 19<u><sup>30<\/sup><\/u>.<\/li>\n<\/ul>\n<\/li>\n<li>Unit\u0103\u021bile \u0219colare arondate cabinetului stomatologic nr. 1:\n<ul style=\"list-style-type: circle;\">\n<li>Colegiul Na\u021bional Mihai Viteazu;<\/li>\n<li>\u0218coala Andrei \u0218aguna;<\/li>\n<li>Colegiul Emil Negru\u021biu;<\/li>\n<li>\u0218coala Josika Miklos;<\/li>\n<li>\u0218coala Teodor Mur\u0103\u0219anu;<\/li>\n<li>toate gr\u0103dini\u021bele din municipiul Turda.<\/li>\n<\/ul>\n<\/li>\n<li style=\"text-align: justify;\">Pentru program\u0103ri \u0219i urgen\u021be apela\u021bi la num\u0103rul de telefon 0720-534615, de Luni p\u00e2n\u0103 Vineri \u00een intervalul orar 8<u><sup>00<\/sup><\/u> \u2013 16<u><sup>00<\/sup><\/u>. (Dr. Papp Melinda, Asistent Florea Maria)<\/li>\n<\/ul>\n<\/li>\n<\/ul>\n<ul>\n<li style=\"text-align: justify;\"><strong>Dispensarul stomatologic nr. 2<\/strong> aflat \u00een incinta Colegiului Tehnic Turda (fostul Chimie 3)\n<ul style=\"list-style-type: disc;\">\n<li>Orar de func\u021bionare:\n<ul style=\"list-style-type: circle;\">\n<li>Luni 12<u><sup>30<\/sup><\/u> \u2013 19<u><sup>30<\/sup><\/u>;<\/li>\n<li>Mar\u021bi, Miercuri, Joi, Vineri 7<u><sup>45<\/sup><\/u> \u2013 14<u><sup>45<\/sup><\/u>;<\/li>\n<\/ul>\n<\/li>\n<li style=\"text-align: justify;\">Unit\u0103\u021bi \u0219colare arondate cabinetului stomatologic nr. 2: toate unit\u0103\u021bile de \u00eenv\u0103\u021b\u0103m\u00e2nt care nu apar\u021bin cabinetului nr. 1;<\/li>\n<li style=\"text-align: justify;\">Pentru program\u0103ri \u0219i urgen\u021be apela\u021bi la num\u0103rul de telefon 0751-815514 (Dr. \u0218tirbu Iuri, Asistent Mencu Adriana).<\/li>\n<\/ul>\n<\/li>\n<\/ul>\n<p><a href=\"http:\/\/asistentasocialaturda.ro\/wp-content\/uploads\/2020\/09\/fc41a4d1-2239-4b30-87a7-a2694ed4b3a8.jpg\"><img loading=\"lazy\" decoding=\"async\" class=\"aligncenter size-full wp-image-1544\" src=\"http:\/\/asistentasocialaturda.ro\/wp-content\/uploads\/2020\/09\/fc41a4d1-2239-4b30-87a7-a2694ed4b3a8.jpg\" alt=\"\" width=\"1024\" height=\"683\" srcset=\"http:\/\/asistentasocialaturda.ro\/wp-content\/uploads\/2020\/09\/fc41a4d1-2239-4b30-87a7-a2694ed4b3a8.jpg 1024w, http:\/\/asistentasocialaturda.ro\/wp-content\/uploads\/2020\/09\/fc41a4d1-2239-4b30-87a7-a2694ed4b3a8-300x200.jpg 300w, http:\/\/asistentasocialaturda.ro\/wp-content\/uploads\/2020\/09\/fc41a4d1-2239-4b30-87a7-a2694ed4b3a8-768x512.jpg 768w, http:\/\/asistentasocialaturda.ro\/wp-content\/uploads\/2020\/09\/fc41a4d1-2239-4b30-87a7-a2694ed4b3a8-450x300.jpg 450w\" sizes=\"auto, (max-width: 1024px) 100vw, 1024px\" \/><\/a><\/p>\n","protected":false},"excerpt":{"rendered":"<p>Direc\u021bia de Asisten\u021b\u0103 Social\u0103 Turda v\u0103 aduce la cuno\u0219tin\u021b\u0103 c\u0103 \u00eencep\u00e2nd cu 14.09.2020 se reia activitatea dispensarelor stomatologice \u0219colare care ofer\u0103 tratamente \u0219i consulta\u021bii gratuite tuturor elevilor \u0219i pre\u0219colarilor \u00eenscri\u0219i la o unitate de \u00eenv\u0103\u021b\u0103m\u00e2nt situat\u0103 \u00een municipiul Turda. Dispensarul stomatologic nr. 1 aflat \u00een incinta Colegiului Na\u021bional Mihai Viteazu (fostul LMV) Orar de func\u021bionare: Luni, Miercuri, Joi, Vineri 800 \u2013 1500; Mar\u021bi 1130 \u2013 1930. Unit\u0103\u021bile \u0219colare arondate cabinetului stomatologic nr. 1: Colegiul Na\u021bional Mihai Viteazu; \u0218coala Andrei \u0218aguna; Colegiul Emil Negru\u021biu; \u0218coala Josika Miklos; \u0218coala Teodor Mur\u0103\u0219anu; toate gr\u0103dini\u021bele din municipiul Turda. Pentru program\u0103ri \u0219i urgen\u021be apela\u021bi la num\u0103rul de telefon 0720-534615, de Luni p\u00e2n\u0103 Vineri \u00een intervalul orar 800 \u2013 1600. (Dr. Papp Melinda, Asistent Florea Maria) Dispensarul stomatologic nr. 2 aflat \u00een incinta Colegiului Tehnic Turda (fostul Chimie 3) Orar de func\u021bionare: Luni 1230 \u2013 1930; Mar\u021bi, Miercuri, Joi, Vineri 745 \u2013 1445; Unit\u0103\u021bi \u0219colare arondate cabinetului stomatologic nr. 2: toate unit\u0103\u021bile de \u00eenv\u0103\u021b\u0103m\u00e2nt care nu apar\u021bin cabinetului nr. 1; Pentru program\u0103ri \u0219i urgen\u021be apela\u021bi la num\u0103rul de telefon 0751-815514 (Dr. \u0218tirbu Iuri, Asistent Mencu Adriana).<\/p>\n","protected":false},"author":1,"featured_media":0,"comment_status":"open","ping_status":"open","sticky":false,"template":"","format":"standard","meta":{"footnotes":""},"categories":[4],"tags":[],"class_list":["post-1543","post","type-post","status-publish","format-standard","hentry","category-anunturi"],"aioseo_notices":[],"_links":{"self":[{"href":"http:\/\/asistentasocialaturda.ro\/index.php\/wp-json\/wp\/v2\/posts\/1543","targetHints":{"allow":["GET"]}}],"collection":[{"href":"http:\/\/asistentasocialaturda.ro\/index.php\/wp-json\/wp\/v2\/posts"}],"about":[{"href":"http:\/\/asistentasocialaturda.ro\/index.php\/wp-json\/wp\/v2\/types\/post"}],"author":[{"embeddable":true,"href":"http:\/\/asistentasocialaturda.ro\/index.php\/wp-json\/wp\/v2\/users\/1"}],"replies":[{"embeddable":true,"href":"http:\/\/asistentasocialaturda.ro\/index.php\/wp-json\/wp\/v2\/comments?post=1543"}],"version-history":[{"count":3,"href":"http:\/\/asistentasocialaturda.ro\/index.php\/wp-json\/wp\/v2\/posts\/1543\/revisions"}],"predecessor-version":[{"id":1549,"href":"http:\/\/asistentasocialaturda.ro\/index.php\/wp-json\/wp\/v2\/posts\/1543\/revisions\/1549"}],"wp:attachment":[{"href":"http:\/\/asistentasocialaturda.ro\/index.php\/wp-json\/wp\/v2\/media?parent=1543"}],"wp:term":[{"taxonomy":"category","embeddable":true,"href":"http:\/\/asistentasocialaturda.ro\/index.php\/wp-json\/wp\/v2\/categories?post=1543"},{"taxonomy":"post_tag","embeddable":true,"href":"http:\/\/asistentasocialaturda.ro\/index.php\/wp-json\/wp\/v2\/tags?post=1543"}],"curies":[{"name":"wp","href":"https:\/\/api.w.org\/{rel}","templated":true}]}}