{"id":1538,"date":"2020-09-07T10:00:31","date_gmt":"2020-09-07T07:00:31","guid":{"rendered":"http:\/\/asistentasocialaturda.ro\/?p=1538"},"modified":"2020-09-09T12:40:59","modified_gmt":"2020-09-09T09:40:59","slug":"examen-de-promovare-in-grad-profesional","status":"publish","type":"post","link":"http:\/\/asistentasocialaturda.ro\/index.php\/2020\/09\/07\/examen-de-promovare-in-grad-profesional\/","title":{"rendered":"EXAMEN DE PROMOVARE \u00ceN GRAD PROFESIONAL"},"content":{"rendered":"<p style=\"text-align: center;\">DIRECTIA DE ASISTENTA SOCIALA TURDA ORGANIZEAZ\u0102 EXAMEN DE PROMOVARE \u00ceN GRAD PROFESIONAL<\/p>\n<p style=\"text-align: center;\">pentru personalul contractual din cadrul institu\u021biei<\/p>\n<p style=\"text-align: center;\">\u00een data de 29.09.2020, orele 10:00<\/p>\n<p style=\"text-align: justify;\">Condi\u021biile de participare la examenul de promovare:<\/p>\n<p style=\"text-align: justify;\">Pentru a participa la concursul sau examenul de promovare \u00een gradul profesional superior celui de\u021binut, trebuie s\u0103 \u00eendeplineasc\u0103 cumulativ urm\u0103toarele condi\u021bii:<\/p>\n<ol style=\"text-align: justify;\">\n<li>s\u0103 aib\u0103 cel pu\u021bin 3 ani vechime \u00een gradul profesional al func\u021biei contractuale ocupate;<\/li>\n<li>pentru a participa la examenul de promovare \u00een grade sau trepte profesionale imediat superioare, candidatul trebuie s\u0103 fi ob\u021binut calificativul &#8222;foarte bine&#8221; la evaluarea performan\u021belor profesionale individuale cel pu\u021bin de dou\u0103 ori \u00een ultimii 3 ani, \u00een care acesta s-a aflat \u00een activitate.<\/li>\n<\/ol>\n<p style=\"text-align: justify;\">Func\u021biile contractuale de execu\u021bie pentru care se organizeaz\u0103 examenul de promovare \u00een grad profesional \u0219i compartimentul\/serviciul\/centru din care face parte:<\/p>\n<table width=\"100%\">\n<tbody>\n<tr>\n<td width=\"6%\">Nr.crt<\/td>\n<td width=\"18%\">Denumire func\u021bie<\/td>\n<td width=\"12%\">categorie<\/td>\n<td width=\"2%\"><\/td>\n<td width=\"11%\">Grad profesional de\u021binut<\/td>\n<td width=\"31%\">Compartimentul\/ serviciul<\/td>\n<td width=\"13%\">Gradul profesional pentru care se organizeaz\u0103 examenul<\/td>\n<\/tr>\n<tr>\n<td width=\"6%\">1.<\/td>\n<td width=\"18%\">INSPECTOR SPECIALITATE<\/td>\n<td width=\"12%\">EXECU\u021aIE<\/td>\n<td width=\"2%\"><\/td>\n<td width=\"11%\">I<\/td>\n<td width=\"31%\">SEFA<\/td>\n<td width=\"13%\">IA<\/td>\n<\/tr>\n<tr>\n<td width=\"6%\">2.<\/td>\n<td width=\"18%\">INSPECTOR SPECIALITATE<\/td>\n<td width=\"12%\">EXECU\u021aIE<\/td>\n<td width=\"2%\"><\/td>\n<td width=\"11%\">II<\/td>\n<td width=\"31%\">SEPBAS<\/td>\n<td width=\"13%\">I<\/td>\n<\/tr>\n<tr>\n<td width=\"6%\">3.<\/td>\n<td width=\"18%\">CONSILIER JURIDIC<\/td>\n<td width=\"12%\">EXECU\u021aIE<\/td>\n<td width=\"2%\"><\/td>\n<td width=\"11%\">II<\/td>\n<td width=\"31%\">CENTRUL DE CONSILIERE FEMEI SI COPII, VICTIME ALE VIOLEN\u021aEI DOMESTICE<\/td>\n<td width=\"13%\">I<\/td>\n<\/tr>\n<\/tbody>\n<\/table>\n<p style=\"text-align: justify;\">Dosarul de concurs al examenului de promovare con\u021bine \u00een mod obligatoriu:<\/p>\n<ol>\n<li>Cerere de \u00eenscriere;<\/li>\n<li style=\"text-align: justify;\">copie de pe carnetul de munc\u0103 sau adeverin\u021ba eliberat\u0103 de Serviciul Resurse umane, Salarizare \u00een vederea atest\u0103rii vechimii \u00een gradul profesional din care se promoveaz\u0103;<\/li>\n<li style=\"text-align: justify;\">copii de pe rapoartele de evaluare a performan\u021belor profesionale individuale din ultimii 3 ani de activitate;<\/li>\n<\/ol>\n<p><strong>PROBELE EXAMENULUI<\/strong>:<\/p>\n<p style=\"text-align: justify;\">Proba scris\u0103 a concursului se va desf\u0103\u0219ura la sediul Direc\u021biei de Asisten\u021b\u0103 Social\u0103, str. Dacia, nr. 1 \u00een data de 29.09.2020, la orele 10.00;<\/p>\n<p style=\"text-align: justify;\">Dosarele se depun la sediul Prim\u0103riei Municipiului Turda, Biroul Resurse Umane, \u00een termen de 5 zile lucr\u0103toare de la data afi\u0219\u0103rii anun\u021bului.<\/p>\n<p style=\"text-align: justify;\">Informa\u021bii suplimentare se pot ob\u021bine de la Serviciul Resurse Umane, Salarizare.<\/p>\n<p style=\"text-align: justify;\">BIBLIOGRAFIE EXAMEN DE PROMOVARE \u00ceN GRAD PROFESIONAL PENTRU FUNC\u021aIA DE CONSILIER JURIDIC II &#8211; CENTRUL DE CONSILIERE FEMEI \u0218I COPII- VICTIME ALE VIOLEN\u021aEI DOMESTICE<\/p>\n<ul>\n<li style=\"text-align: justify;\">Constitu\u021bia Rom\u00e2niei, republicat\u0103;<\/li>\n<li style=\"text-align: justify;\">Legea nr. 98\/2016 din 19 mai 2016 privind achizi\u021biile publice;<\/li>\n<li style=\"text-align: justify;\">Legea Nr. 101\/2016 din 19 mai 2016 privind remediile \u0219i c\u0103ile de atac \u00een materie de atribuire a contractelor de achizi\u021bie public\u0103, a contractelor sectoriale \u0219i a contractelor de concesiune de lucr\u0103ri \u0219i concesiune de servicii, precum \u0219i pentru organizarea \u0219i func\u021bionarea Consiliului Na\u021bional de Solu\u021bionare a Contesta\u021biilor, cu modific\u0103rile \u0219i complet\u0103rile ulterioare;<\/li>\n<li style=\"text-align: justify;\">Hot\u0103r\u00e2re nr. 395\/2016 din 2 iunie 2016 pentru aprobarea normelor metodologice de aplicare a prevederilor referitoare la atribuirea contractului de achizi\u021bie public\u0103\/ acordului-cadru din <u>legea nr. 98\/2016<\/u> privind achizi\u021biile publice;<\/li>\n<li style=\"text-align: justify;\">Legea nr. 217\/2003 din 22 mai 2003, republicat\u0103 pentru prevenirea \u0219i combaterea violen\u021bei domestice;<\/li>\n<li style=\"text-align: justify;\">Legea nr.292\/2011, legea asisten\u021bei sociale cu modific\u0103rile \u0219i complet\u0103rile ulterioare;<\/li>\n<li style=\"text-align: justify;\">Ordinul nr. 2525\/2018 din 7 decembrie 2018 privind aprobarea Procedurii pentru interven\u021bia de urgen\u021b\u0103 \u00een cazurile de violen\u021b\u0103 domestic;<\/li>\n<li style=\"text-align: justify;\">Ordonan\u021b\u0103 de urgen\u021b\u0103 nr. 57\/2019 din 3 iulie 2019 privind codul administrativ;<\/li>\n<\/ul>\n<p style=\"text-align: justify;\">BIBLIOGRAFIE EXAMEN DE PROMOVARE \u00ceN GRAD PROFESIONALA FUNC\u021aIEI DE INSPECTOR DE SPECIALITATE I DIN CADRUL SEFA :<\/p>\n<ul>\n<li style=\"text-align: justify;\">Constitu\u021bia Rom\u00e2niei, republicat\u0103;<\/li>\n<li style=\"text-align: justify;\">Legea nr.292\/2011, legea asisten\u021bei sociale cu modific\u0103rile \u0219i complet\u0103rile ulterioare;<\/li>\n<li style=\"text-align: justify;\">Ordonan\u021b\u0103 de urgen\u021b\u0103 nr. 57\/2019 din 3 iulie 2019 privind codul administrativ;<\/li>\n<\/ul>\n<p style=\"text-align: justify;\">BIBLIOGRAFIE EXAMEN DE PROMOVARE \u00ceN GRAD PROFESIONALA FUNC\u021aIEI DE INSPECTOR DE SPECIALITATE II DIN CADRUL SERVICIUL EVIDEN\u021aA \u0218I PLATA BENEFICII DE ASISTEN\u021a\u0102 SOCIAL\u0102<\/p>\n<ul>\n<li style=\"text-align: justify;\">Constitu\u021bia Rom\u00e2niei, republicat\u0103;<\/li>\n<li style=\"text-align: justify;\">Legea nr.61\/1993 privind aloca\u021bia de stat pentru copii cu modific\u0103rile \u0219i complet\u0103rile ulterioare;<\/li>\n<li style=\"text-align: justify;\">OUG 111\/2010 privind concediul \u0219i indemniza\u021bia lunar\u0103 pentru cre\u0219terea \u0219i \u00eengrijirea copilului cu modific\u0103rile \u0219i complet\u0103rile ulterioare;<\/li>\n<li style=\"text-align: justify;\">HG 52\/2011 pt. aprobarea Normelor metodologice de aplicare a prevederilor OUG 111\/2010 privind concediul \u0219i indemniza\u021bia lunar\u0103 pentru cre\u0219terea copiilor;<\/li>\n<li style=\"text-align: justify;\">Legea nr.292\/2011, legea asisten\u021bei sociale cu modific\u0103rile \u0219i complet\u0103rile ulterioare.<\/li>\n<\/ul>\n","protected":false},"excerpt":{"rendered":"<p>DIRECTIA DE ASISTENTA SOCIALA TURDA ORGANIZEAZ\u0102 EXAMEN DE PROMOVARE \u00ceN GRAD PROFESIONAL pentru personalul contractual din cadrul institu\u021biei \u00een data de 29.09.2020, orele 10:00 Condi\u021biile de participare la examenul de promovare: Pentru a participa la concursul sau examenul de promovare \u00een gradul profesional superior celui de\u021binut, trebuie s\u0103 \u00eendeplineasc\u0103 cumulativ urm\u0103toarele condi\u021bii: s\u0103 aib\u0103 cel pu\u021bin 3 ani vechime \u00een gradul profesional al func\u021biei contractuale ocupate; pentru a participa la examenul de promovare \u00een grade sau trepte profesionale imediat superioare, candidatul trebuie s\u0103 fi ob\u021binut calificativul &#8222;foarte bine&#8221; la evaluarea performan\u021belor profesionale individuale cel pu\u021bin de dou\u0103 ori \u00een ultimii 3 ani, \u00een care acesta s-a aflat \u00een activitate. Func\u021biile contractuale de execu\u021bie pentru care se organizeaz\u0103 examenul de promovare \u00een grad profesional \u0219i compartimentul\/serviciul\/centru din care face parte: Nr.crt Denumire func\u021bie categorie Grad profesional de\u021binut Compartimentul\/ serviciul Gradul profesional pentru care se organizeaz\u0103 examenul 1. INSPECTOR SPECIALITATE EXECU\u021aIE I SEFA IA 2. INSPECTOR SPECIALITATE EXECU\u021aIE II SEPBAS I 3. CONSILIER JURIDIC EXECU\u021aIE II CENTRUL DE CONSILIERE FEMEI SI COPII, VICTIME ALE VIOLEN\u021aEI DOMESTICE I Dosarul de concurs al examenului de promovare con\u021bine \u00een mod obligatoriu: Cerere de \u00eenscriere; copie de pe carnetul de munc\u0103 sau adeverin\u021ba eliberat\u0103 de Serviciul Resurse umane, Salarizare \u00een vederea atest\u0103rii vechimii \u00een gradul profesional din care se promoveaz\u0103; copii de pe rapoartele de evaluare a performan\u021belor profesionale individuale din ultimii 3 ani de activitate; PROBELE EXAMENULUI: Proba scris\u0103 a concursului se va desf\u0103\u0219ura la sediul Direc\u021biei de Asisten\u021b\u0103 Social\u0103, str. Dacia, nr. 1 \u00een data de 29.09.2020, la orele 10.00; Dosarele se depun la sediul Prim\u0103riei Municipiului Turda, Biroul Resurse Umane, \u00een termen de 5 zile lucr\u0103toare de la data afi\u0219\u0103rii anun\u021bului. Informa\u021bii suplimentare se pot ob\u021bine de la Serviciul Resurse Umane, Salarizare. BIBLIOGRAFIE EXAMEN DE PROMOVARE \u00ceN GRAD PROFESIONAL PENTRU FUNC\u021aIA DE CONSILIER JURIDIC II &#8211; CENTRUL DE CONSILIERE FEMEI \u0218I COPII- VICTIME ALE VIOLEN\u021aEI DOMESTICE Constitu\u021bia Rom\u00e2niei, republicat\u0103; Legea nr. 98\/2016 din 19 mai 2016 privind achizi\u021biile publice; Legea Nr. 101\/2016 din 19 mai 2016 privind remediile \u0219i c\u0103ile de atac \u00een materie de atribuire a contractelor de achizi\u021bie public\u0103, a contractelor sectoriale \u0219i a contractelor de concesiune de lucr\u0103ri \u0219i concesiune de servicii, precum \u0219i pentru organizarea \u0219i func\u021bionarea Consiliului Na\u021bional de Solu\u021bionare a Contesta\u021biilor, cu modific\u0103rile \u0219i complet\u0103rile ulterioare; Hot\u0103r\u00e2re nr. 395\/2016 din 2 iunie 2016 pentru aprobarea normelor metodologice de aplicare a prevederilor referitoare la atribuirea contractului de achizi\u021bie public\u0103\/ acordului-cadru din legea nr. 98\/2016 privind achizi\u021biile publice; Legea nr. 217\/2003 din 22 mai 2003, republicat\u0103 pentru prevenirea \u0219i combaterea violen\u021bei domestice; Legea nr.292\/2011, legea asisten\u021bei sociale cu modific\u0103rile \u0219i complet\u0103rile ulterioare; Ordinul nr. 2525\/2018 din 7 decembrie 2018 privind aprobarea Procedurii pentru interven\u021bia de urgen\u021b\u0103 \u00een cazurile de violen\u021b\u0103 domestic; Ordonan\u021b\u0103 de urgen\u021b\u0103 nr. 57\/2019 din 3 iulie 2019 privind codul administrativ; BIBLIOGRAFIE EXAMEN DE PROMOVARE \u00ceN GRAD PROFESIONALA FUNC\u021aIEI DE INSPECTOR DE SPECIALITATE I DIN CADRUL SEFA : Constitu\u021bia Rom\u00e2niei, republicat\u0103; Legea nr.292\/2011, legea asisten\u021bei sociale cu modific\u0103rile \u0219i complet\u0103rile ulterioare; Ordonan\u021b\u0103 de urgen\u021b\u0103 nr. 57\/2019 din 3 iulie 2019 privind codul administrativ; BIBLIOGRAFIE EXAMEN DE PROMOVARE \u00ceN GRAD PROFESIONALA FUNC\u021aIEI DE INSPECTOR DE SPECIALITATE II DIN CADRUL SERVICIUL EVIDEN\u021aA \u0218I PLATA BENEFICII DE ASISTEN\u021a\u0102 SOCIAL\u0102 Constitu\u021bia Rom\u00e2niei, republicat\u0103; Legea nr.61\/1993 privind aloca\u021bia de stat pentru copii cu modific\u0103rile \u0219i complet\u0103rile ulterioare; OUG 111\/2010 privind concediul \u0219i indemniza\u021bia lunar\u0103 pentru cre\u0219terea \u0219i \u00eengrijirea copilului cu modific\u0103rile \u0219i complet\u0103rile ulterioare; HG 52\/2011 pt. aprobarea Normelor metodologice de aplicare a prevederilor OUG 111\/2010 privind concediul \u0219i indemniza\u021bia lunar\u0103 pentru cre\u0219terea copiilor; Legea nr.292\/2011, legea asisten\u021bei sociale cu modific\u0103rile \u0219i complet\u0103rile ulterioare.<\/p>\n","protected":false},"author":1,"featured_media":0,"comment_status":"open","ping_status":"open","sticky":false,"template":"","format":"standard","meta":{"footnotes":""},"categories":[5],"tags":[],"class_list":["post-1538","post","type-post","status-publish","format-standard","hentry","category-concurs"],"aioseo_notices":[],"_links":{"self":[{"href":"http:\/\/asistentasocialaturda.ro\/index.php\/wp-json\/wp\/v2\/posts\/1538","targetHints":{"allow":["GET"]}}],"collection":[{"href":"http:\/\/asistentasocialaturda.ro\/index.php\/wp-json\/wp\/v2\/posts"}],"about":[{"href":"http:\/\/asistentasocialaturda.ro\/index.php\/wp-json\/wp\/v2\/types\/post"}],"author":[{"embeddable":true,"href":"http:\/\/asistentasocialaturda.ro\/index.php\/wp-json\/wp\/v2\/users\/1"}],"replies":[{"embeddable":true,"href":"http:\/\/asistentasocialaturda.ro\/index.php\/wp-json\/wp\/v2\/comments?post=1538"}],"version-history":[{"count":3,"href":"http:\/\/asistentasocialaturda.ro\/index.php\/wp-json\/wp\/v2\/posts\/1538\/revisions"}],"predecessor-version":[{"id":1541,"href":"http:\/\/asistentasocialaturda.ro\/index.php\/wp-json\/wp\/v2\/posts\/1538\/revisions\/1541"}],"wp:attachment":[{"href":"http:\/\/asistentasocialaturda.ro\/index.php\/wp-json\/wp\/v2\/media?parent=1538"}],"wp:term":[{"taxonomy":"category","embeddable":true,"href":"http:\/\/asistentasocialaturda.ro\/index.php\/wp-json\/wp\/v2\/categories?post=1538"},{"taxonomy":"post_tag","embeddable":true,"href":"http:\/\/asistentasocialaturda.ro\/index.php\/wp-json\/wp\/v2\/tags?post=1538"}],"curies":[{"name":"wp","href":"https:\/\/api.w.org\/{rel}","templated":true}]}}