{"id":1417,"date":"2020-04-09T10:08:36","date_gmt":"2020-04-09T07:08:36","guid":{"rendered":"http:\/\/asistentasocialaturda.ro\/?p=1417"},"modified":"2020-04-09T10:08:36","modified_gmt":"2020-04-09T07:08:36","slug":"anunt-covid-19","status":"publish","type":"post","link":"http:\/\/asistentasocialaturda.ro\/index.php\/2020\/04\/09\/anunt-covid-19\/","title":{"rendered":"ANUN\u021a COVID-19"},"content":{"rendered":"<p><a href=\"http:\/\/asistentasocialaturda.ro\/wp-content\/uploads\/2020\/04\/ghid_dpo_ro.pdf\"><img loading=\"lazy\" decoding=\"async\" class=\"aligncenter size-full wp-image-1416\" src=\"http:\/\/asistentasocialaturda.ro\/wp-content\/uploads\/2020\/04\/anunt_proma_pajina-768x511-1.gif\" alt=\"\" width=\"768\" height=\"511\" \/><span style=\"font-size: 12pt;\">Ghid privind Responsabilul cu protec\u021bia datelor (\u2018DPOs\u2019)<\/span><\/a><\/p>\n<p><span style=\"font-size: 12pt;\"><a href=\"http:\/\/asistentasocialaturda.ro\/wp-content\/uploads\/2020\/04\/ghid_portabilitate_ro.pdf\">Ghid privind dreptul la portabilitatea datelor<\/a><\/span><\/p>\n<p id=\"p-313901975\" class=\"showOnlyNotesChild notable connected\" style=\"box-sizing: border-box; font-size: 28px; margin: 0px 0px 5px; position: relative; text-align: justify; line-height: 30px; padding-top: 10px; color: #2a76a7; font-family: Cambria, Georgia, 'Times New Roman', serif; font-weight: normal; z-index: 2; cursor: default; font-style: normal; font-variant-ligatures: normal; font-variant-caps: normal; letter-spacing: normal; orphans: 2; text-indent: 0px; text-transform: none; white-space: normal; widows: 2; word-spacing: 0px; -webkit-text-stroke-width: 0px; background-color: #ffffff; text-decoration-style: initial; text-decoration-color: initial;\" data-titluscurt=\"OUG  43\/2020\"><a href=\"https:\/\/lege5.ro\/Gratuit\/gm3domryguzq\/ordonanta-de-urgenta-nr-43-2020-pentru-aprobarea-unor-masuri-de-sprijin-decontate-din-fonduri-europene-ca-urmare-a-raspandirii-coronavirusului-covid-19-pe-perioada-starii-de-urgenta\"><span style=\"font-family: helvetica,arial,sans-serif; font-size: 12pt;\">Ordonan\u021ba de urgen\u021b\u0103 nr. 43\/2020 pentru aprobarea unor m\u0103suri de sprijin decontate din fonduri europene, ca urmare a r\u0103sp\u00e2ndirii coronavirusului COVID-19, pe perioada st\u0103rii de urgen\u021b\u0103<\/span><\/a><\/p>\n","protected":false},"excerpt":{"rendered":"<p>Ghid privind Responsabilul cu protec\u021bia datelor (\u2018DPOs\u2019) Ghid privind dreptul la portabilitatea datelor Ordonan\u021ba de urgen\u021b\u0103 nr. 43\/2020 pentru aprobarea unor m\u0103suri de sprijin decontate din fonduri europene, ca urmare a r\u0103sp\u00e2ndirii coronavirusului COVID-19, pe perioada st\u0103rii de urgen\u021b\u0103<\/p>\n","protected":false},"author":1,"featured_media":0,"comment_status":"open","ping_status":"open","sticky":false,"template":"","format":"standard","meta":{"footnotes":""},"categories":[4],"tags":[],"class_list":["post-1417","post","type-post","status-publish","format-standard","hentry","category-anunturi"],"aioseo_notices":[],"_links":{"self":[{"href":"http:\/\/asistentasocialaturda.ro\/index.php\/wp-json\/wp\/v2\/posts\/1417","targetHints":{"allow":["GET"]}}],"collection":[{"href":"http:\/\/asistentasocialaturda.ro\/index.php\/wp-json\/wp\/v2\/posts"}],"about":[{"href":"http:\/\/asistentasocialaturda.ro\/index.php\/wp-json\/wp\/v2\/types\/post"}],"author":[{"embeddable":true,"href":"http:\/\/asistentasocialaturda.ro\/index.php\/wp-json\/wp\/v2\/users\/1"}],"replies":[{"embeddable":true,"href":"http:\/\/asistentasocialaturda.ro\/index.php\/wp-json\/wp\/v2\/comments?post=1417"}],"version-history":[{"count":1,"href":"http:\/\/asistentasocialaturda.ro\/index.php\/wp-json\/wp\/v2\/posts\/1417\/revisions"}],"predecessor-version":[{"id":1418,"href":"http:\/\/asistentasocialaturda.ro\/index.php\/wp-json\/wp\/v2\/posts\/1417\/revisions\/1418"}],"wp:attachment":[{"href":"http:\/\/asistentasocialaturda.ro\/index.php\/wp-json\/wp\/v2\/media?parent=1417"}],"wp:term":[{"taxonomy":"category","embeddable":true,"href":"http:\/\/asistentasocialaturda.ro\/index.php\/wp-json\/wp\/v2\/categories?post=1417"},{"taxonomy":"post_tag","embeddable":true,"href":"http:\/\/asistentasocialaturda.ro\/index.php\/wp-json\/wp\/v2\/tags?post=1417"}],"curies":[{"name":"wp","href":"https:\/\/api.w.org\/{rel}","templated":true}]}}