{"id":1410,"date":"2020-03-20T13:38:23","date_gmt":"2020-03-20T11:38:23","guid":{"rendered":"http:\/\/asistentasocialaturda.ro\/?p=1410"},"modified":"2020-03-20T13:38:23","modified_gmt":"2020-03-20T11:38:23","slug":"comunicat-covid-19","status":"publish","type":"post","link":"http:\/\/asistentasocialaturda.ro\/index.php\/2020\/03\/20\/comunicat-covid-19\/","title":{"rendered":"COMUNICAT COVID-19"},"content":{"rendered":"<h1 style=\"text-align: center;\"><strong>Direc\u021bia de Asisten\u021b\u0103 Social\u0103 Turda aduce \u00een aten\u021bia cet\u0103\u021benilor urm\u0103toarele:<\/strong><\/h1>\n<ul>\n<li style=\"text-align: justify;\"><span style=\"color: #ff0000;\">Centrul de \u00eengrijiri la domiciliu persoane v\u00e2rstnice \u00ee\u0219i desf\u0103\u0219oar\u0103 activitatea \u00een continuare cu program normal. Recomand\u0103m ca cererile pentru acordarea serviciilor sociale \u0219i documentele aferente s\u0103 se trimit\u0103 prin mijloace de comunicare la distan\u021b\u0103 (e-mail: office@asistentasocialaturda.ro, fax: 0264\/317.136 sau prin po\u0219t\u0103 la adresa: str. Dacia, nr. 1, Mun. Turda, jud. Cluj).<\/span><\/li>\n<li style=\"text-align: justify;\"><span style=\"color: #ff0000;\">Recomand\u0103m tuturor persoanelor v\u00e2rstnice s\u0103 petreac\u0103 c\u00e2t mai mult timp la domiciliu \u0219i s\u0103 evite deplas\u0103rile dac\u0103 acestea nu sunt absolut necesare, \u0219i s\u0103 apeleze la rude, prieteni \u0219i\/sau vecini pentru aprovizionarea celor necesare traiului zilnic \u0219i produse de \u00eengrijire personal\u0103.<\/span><\/li>\n<li style=\"text-align: justify;\"><span style=\"color: #ff0000;\">Persoanelor v\u00e2rstnice care nu pot apela la rude, prieteni \u0219i\/sau vecini \u0219i care se g\u0103sesc \u00een situa\u021bii dificile s\u0103 ne contacteze la num\u0103rul de telefon 0264\/317.137 tasta 7 sau 0738.77.22.25 luni-joi 7-15:30 \u0219i vineri 7:13, \u00een vederea acord\u0103rii serviciilor sociale \u00een func\u021bie de fiecare situa\u021bie \u00een parte.<\/span><\/li>\n<li style=\"text-align: justify;\"><span style=\"color: #ff0000;\">NU APELA\u021aI LA PERSOANE NECUNOSCUTE, RECOMAND\u0102M PRUDEN\u021a\u0102 MAXIM\u0102 \u00ceN ACTUALUL CONTEXT, PERSONALUL ANGAJAT \u00ceN CADRUL DIREC\u021aIEI SE VA LEGITIMA!<\/span><\/li>\n<\/ul>\n<p style=\"text-align: justify;\">\u00cencep\u00e2nd cu data de 23.03.2020 pe toat\u0103 durata st\u0103rii de urgen\u021b\u0103, urm\u0103toarele cereri \u0219i documente doveditoare pentru solicitarea beneficiilor \u0219i serviciilor de asisten\u021b\u0103 social\u0103 vor putea fi depuse \u00een principal prin mijloace de comunicare la distan\u021b\u0103 (e-mail: office@asistentasocialaturda.ro, fax: 0264\/317.136 sau prin po\u0219t\u0103 la adresa: str. Dacia, nr. 1, Mun. Turda, jud. Cluj):<\/p>\n<ol style=\"text-align: justify;\">\n<li>ajutorul social acordat \u00een baza Legii nr. 416\/2001 privind venitul minim garantat, cu modific\u0103rile \u0219i complet\u0103rile ulterioare;<\/li>\n<li>aloca\u021bia pentru sus\u021binerea familiei acordat\u0103 \u00een baza Legii nr. 277\/2010 privind aloca\u021bia pentru sus\u021binerea familiei, republicat\u0103, cu modific\u0103rile \u0219i complet\u0103rile ulterioare;<\/li>\n<li>aloca\u021bia de stat pentru copii acordat\u0103 \u00een baza Legii nr. 61\/1993 privind aloca\u021bia de stat pentru copii, republicat\u0103, cu modific\u0103rile \u0219i complet\u0103rile ulterioare;<\/li>\n<li>drepturile acordate \u00een baza Ordonan\u021bei de urgen\u021b\u0103 a Guvernului nr. 111\/2010 privind concediul \u0219i indemniza\u021bia lunar\u0103 pentru cre\u0219terea copiilor, aprobat\u0103 cu modific\u0103ri prin Legea nr. 132\/2011, cu modific\u0103rile \u0219i complet\u0103rile ulterioare;<\/li>\n<li>ajutorul pentru \u00eenc\u0103lzirea locuin\u021bei acordat \u00een baza Ordonan\u021bei de urgen\u021b\u0103 a Guvernului nr. 70\/2011 privind m\u0103surile de protec\u021bie social\u0103 pentru perioada sezonului rece, aprobat\u0103 prin Legea nr. 92\/2012, cu modific\u0103rile \u0219i complet\u0103rile ulterioare;<\/li>\n<li>acordarea mesei \u00een baza Legii nr. 208\/1997 privind cantinele de ajutor social;<\/li>\n<li>drepturile acordate \u00een baza Legii nr. 448\/2006 privind protec\u021bia \u0219i promovarea drepturilor persoanelor cu handicap;<\/li>\n<\/ol>\n<p style=\"text-align: justify;\"><span style=\"color: #0000ff;\">Se men\u021bine valabilitatea documentelor eliberate de autorit\u0103\u021bile publice care expir\u0103 pe perioada st\u0103rii de urgen\u021b\u0103 (Ex. tichete de parcare, tichete de c\u0103l\u0103torie, etc.), iar certificatele de \u00eencadrare a copilului \u00eentr-un grad de handicap \u0219i atestatele de asistent maternal eliberate de comisia pentru protec\u021bia copilului, precum \u0219i certificatele de \u00eencadrare \u00een grad \u0219i tip de handicap eliberate de comisia de evaluare a persoanelor adulte cu handicap a c\u0103ror valabilitate expir\u0103 \u00een perioada de urgen\u021b\u0103 declarat\u0103, \u00ee\u0219i prelungesc valabilitatea p\u00e2n\u0103 la \u00eencetarea st\u0103rii de urgen\u021b\u0103.<\/span><\/p>\n<p style=\"text-align: justify;\">Mai preciz\u0103m c\u0103, doar \u00een situa\u021bii excep\u021bionale beneficiarii vor fi contacta\u021bi \u00een vederea prezent\u0103rii la sediul direc\u021biei situat pe str. Dacia, nr. 1, Mun. Turda, jud. Cluj, aceste situa\u021bii sunt:<\/p>\n<ul style=\"text-align: justify;\">\n<li>existen\u021ba unor documente care nu respect\u0103 condi\u021biile de form\u0103 \u0219i con\u021binut prev\u0103zute de lege;<\/li>\n<li>determinarea unor inadverten\u021be \u00eentre informa\u021biile din documentele transmise \u0219i cele din bazele de date ale altor institu\u021bii la care agen\u021biile teritoriale sau autorit\u0103\u021bile administra\u021biei publice locale au acces pentru verificarea \u00eendeplinirii de c\u0103tre solicitan\u021bi, a criteriilor de acordare a drepturilor;<\/li>\n<li>informa\u021biile din documentele transmise sunt incomplete sau, pe baza acestora nu se poate determina \u00eendeplinirea condi\u021biilor de eligibilitate.<\/li>\n<\/ul>\n<p style=\"text-align: justify;\"><span style=\"color: #0000ff;\">Conform Decretului 195 din 16.03.2020 privind instituirea st\u0103rii de urgen\u021b\u0103 pe teritoriul Rom\u00e2niei termenele legale stabilite pentru solu\u021bionarea a peti\u021biilor se dubleaz\u0103.<\/span><\/p>\n<p style=\"text-align: justify;\">Direc\u021bia de Asisten\u021b\u0103 Social\u0103 a \u00eenceput distribuirea produselor de igien\u0103 personal\u0103 primite prin programul POAD 2020 c\u0103tre persoanele autoizolate, totodat\u0103 personalul din cadrul direc\u021biei p\u0103streaz\u0103 \u00een permanen\u021b\u0103 leg\u0103tura cu aceste persoane.<\/p>\n","protected":false},"excerpt":{"rendered":"<p>Direc\u021bia de Asisten\u021b\u0103 Social\u0103 Turda aduce \u00een aten\u021bia cet\u0103\u021benilor urm\u0103toarele: Centrul de \u00eengrijiri la domiciliu persoane v\u00e2rstnice \u00ee\u0219i desf\u0103\u0219oar\u0103 activitatea \u00een continuare cu program normal. Recomand\u0103m ca cererile pentru acordarea serviciilor sociale \u0219i documentele aferente s\u0103 se trimit\u0103 prin mijloace de comunicare la distan\u021b\u0103 (e-mail: office@asistentasocialaturda.ro, fax: 0264\/317.136 sau prin po\u0219t\u0103 la adresa: str. Dacia, nr. 1, Mun. Turda, jud. Cluj). Recomand\u0103m tuturor persoanelor v\u00e2rstnice s\u0103 petreac\u0103 c\u00e2t mai mult timp la domiciliu \u0219i s\u0103 evite deplas\u0103rile dac\u0103 acestea nu sunt absolut necesare, \u0219i s\u0103 apeleze la rude, prieteni \u0219i\/sau vecini pentru aprovizionarea celor necesare traiului zilnic \u0219i produse de \u00eengrijire personal\u0103. Persoanelor v\u00e2rstnice care nu pot apela la rude, prieteni \u0219i\/sau vecini \u0219i care se g\u0103sesc \u00een situa\u021bii dificile s\u0103 ne contacteze la num\u0103rul de telefon 0264\/317.137 tasta 7 sau 0738.77.22.25 luni-joi 7-15:30 \u0219i vineri 7:13, \u00een vederea acord\u0103rii serviciilor sociale \u00een func\u021bie de fiecare situa\u021bie \u00een parte. NU APELA\u021aI LA PERSOANE NECUNOSCUTE, RECOMAND\u0102M PRUDEN\u021a\u0102 MAXIM\u0102 \u00ceN ACTUALUL CONTEXT, PERSONALUL ANGAJAT \u00ceN CADRUL DIREC\u021aIEI SE VA LEGITIMA! \u00cencep\u00e2nd cu data de 23.03.2020 pe toat\u0103 durata st\u0103rii de urgen\u021b\u0103, urm\u0103toarele cereri \u0219i documente doveditoare pentru solicitarea beneficiilor \u0219i serviciilor de asisten\u021b\u0103 social\u0103 vor putea fi depuse \u00een principal prin mijloace de comunicare la distan\u021b\u0103 (e-mail: office@asistentasocialaturda.ro, fax: 0264\/317.136 sau prin po\u0219t\u0103 la adresa: str. Dacia, nr. 1, Mun. Turda, jud. Cluj): ajutorul social acordat \u00een baza Legii nr. 416\/2001 privind venitul minim garantat, cu modific\u0103rile \u0219i complet\u0103rile ulterioare; aloca\u021bia pentru sus\u021binerea familiei acordat\u0103 \u00een baza Legii nr. 277\/2010 privind aloca\u021bia pentru sus\u021binerea familiei, republicat\u0103, cu modific\u0103rile \u0219i complet\u0103rile ulterioare; aloca\u021bia de stat pentru copii acordat\u0103 \u00een baza Legii nr. 61\/1993 privind aloca\u021bia de stat pentru copii, republicat\u0103, cu modific\u0103rile \u0219i complet\u0103rile ulterioare; drepturile acordate \u00een baza Ordonan\u021bei de urgen\u021b\u0103 a Guvernului nr. 111\/2010 privind concediul \u0219i indemniza\u021bia lunar\u0103 pentru cre\u0219terea copiilor, aprobat\u0103 cu modific\u0103ri prin Legea nr. 132\/2011, cu modific\u0103rile \u0219i complet\u0103rile ulterioare; ajutorul pentru \u00eenc\u0103lzirea locuin\u021bei acordat \u00een baza Ordonan\u021bei de urgen\u021b\u0103 a Guvernului nr. 70\/2011 privind m\u0103surile de protec\u021bie social\u0103 pentru perioada sezonului rece, aprobat\u0103 prin Legea nr. 92\/2012, cu modific\u0103rile \u0219i complet\u0103rile ulterioare; acordarea mesei \u00een baza Legii nr. 208\/1997 privind cantinele de ajutor social; drepturile acordate \u00een baza Legii nr. 448\/2006 privind protec\u021bia \u0219i promovarea drepturilor persoanelor cu handicap; Se men\u021bine valabilitatea documentelor eliberate de autorit\u0103\u021bile publice care expir\u0103 pe perioada st\u0103rii de urgen\u021b\u0103 (Ex. tichete de parcare, tichete de c\u0103l\u0103torie, etc.), iar certificatele de \u00eencadrare a copilului \u00eentr-un grad de handicap \u0219i atestatele de asistent maternal eliberate de comisia pentru protec\u021bia copilului, precum \u0219i certificatele de \u00eencadrare \u00een grad \u0219i tip de handicap eliberate de comisia de evaluare a persoanelor adulte cu handicap a c\u0103ror valabilitate expir\u0103 \u00een perioada de urgen\u021b\u0103 declarat\u0103, \u00ee\u0219i prelungesc valabilitatea p\u00e2n\u0103 la \u00eencetarea st\u0103rii de urgen\u021b\u0103. Mai preciz\u0103m c\u0103, doar \u00een situa\u021bii excep\u021bionale beneficiarii vor fi contacta\u021bi \u00een vederea prezent\u0103rii la sediul direc\u021biei situat pe str. Dacia, nr. 1, Mun. Turda, jud. Cluj, aceste situa\u021bii sunt: existen\u021ba unor documente care nu respect\u0103 condi\u021biile de form\u0103 \u0219i con\u021binut prev\u0103zute de lege; determinarea unor inadverten\u021be \u00eentre informa\u021biile din documentele transmise \u0219i cele din bazele de date ale altor institu\u021bii la care agen\u021biile teritoriale sau autorit\u0103\u021bile administra\u021biei publice locale au acces pentru verificarea \u00eendeplinirii de c\u0103tre solicitan\u021bi, a criteriilor de acordare a drepturilor; informa\u021biile din documentele transmise sunt incomplete sau, pe baza acestora nu se poate determina \u00eendeplinirea condi\u021biilor de eligibilitate. Conform Decretului 195 din 16.03.2020 privind instituirea st\u0103rii de urgen\u021b\u0103 pe teritoriul Rom\u00e2niei termenele legale stabilite pentru solu\u021bionarea a peti\u021biilor se dubleaz\u0103. Direc\u021bia de Asisten\u021b\u0103 Social\u0103 a \u00eenceput distribuirea produselor de igien\u0103 personal\u0103 primite prin programul POAD 2020 c\u0103tre persoanele autoizolate, totodat\u0103 personalul din cadrul direc\u021biei p\u0103streaz\u0103 \u00een permanen\u021b\u0103 leg\u0103tura cu aceste persoane.<\/p>\n","protected":false},"author":1,"featured_media":0,"comment_status":"open","ping_status":"open","sticky":false,"template":"","format":"standard","meta":{"footnotes":""},"categories":[4],"tags":[],"class_list":["post-1410","post","type-post","status-publish","format-standard","hentry","category-anunturi"],"aioseo_notices":[],"_links":{"self":[{"href":"http:\/\/asistentasocialaturda.ro\/index.php\/wp-json\/wp\/v2\/posts\/1410","targetHints":{"allow":["GET"]}}],"collection":[{"href":"http:\/\/asistentasocialaturda.ro\/index.php\/wp-json\/wp\/v2\/posts"}],"about":[{"href":"http:\/\/asistentasocialaturda.ro\/index.php\/wp-json\/wp\/v2\/types\/post"}],"author":[{"embeddable":true,"href":"http:\/\/asistentasocialaturda.ro\/index.php\/wp-json\/wp\/v2\/users\/1"}],"replies":[{"embeddable":true,"href":"http:\/\/asistentasocialaturda.ro\/index.php\/wp-json\/wp\/v2\/comments?post=1410"}],"version-history":[{"count":1,"href":"http:\/\/asistentasocialaturda.ro\/index.php\/wp-json\/wp\/v2\/posts\/1410\/revisions"}],"predecessor-version":[{"id":1411,"href":"http:\/\/asistentasocialaturda.ro\/index.php\/wp-json\/wp\/v2\/posts\/1410\/revisions\/1411"}],"wp:attachment":[{"href":"http:\/\/asistentasocialaturda.ro\/index.php\/wp-json\/wp\/v2\/media?parent=1410"}],"wp:term":[{"taxonomy":"category","embeddable":true,"href":"http:\/\/asistentasocialaturda.ro\/index.php\/wp-json\/wp\/v2\/categories?post=1410"},{"taxonomy":"post_tag","embeddable":true,"href":"http:\/\/asistentasocialaturda.ro\/index.php\/wp-json\/wp\/v2\/tags?post=1410"}],"curies":[{"name":"wp","href":"https:\/\/api.w.org\/{rel}","templated":true}]}}