{"id":1405,"date":"2020-03-13T12:26:18","date_gmt":"2020-03-13T10:26:18","guid":{"rendered":"http:\/\/asistentasocialaturda.ro\/?p=1405"},"modified":"2020-03-13T12:38:39","modified_gmt":"2020-03-13T10:38:39","slug":"plan-de-masuri-pentru-prevenirea-raspandirii-virusului-covit-19","status":"publish","type":"post","link":"http:\/\/asistentasocialaturda.ro\/index.php\/2020\/03\/13\/plan-de-masuri-pentru-prevenirea-raspandirii-virusului-covit-19\/","title":{"rendered":"PLAN DE M\u0102SURI PENTRU PREVENIREA R\u0102SP\u00c2NDIRII VIRUSULUI COVID-19"},"content":{"rendered":"<p style=\"text-align: justify;\">Av\u00e2nd \u00een vedere m\u0103surile impuse la nivel na\u021bional cu privire la prevenirea r\u0103sp\u00e2ndirii virusului COVID-19, Direc\u021bia de Asisten\u021b\u0103 Social\u0103 Turda aduce la cuno\u0219tin\u021ba beneficiarilor de servicii sociale urm\u0103toarele preciz\u0103ri:<\/p>\n<ul style=\"text-align: justify;\">\n<li>Programul cu publicul la sediul DAS Turda se modific\u0103 astfel: de luni p\u00e2n\u0103 vineri \u00eentre orele 8:00 \u2013 12:00, \u00een perioada 16.03.2020 \u2013 31.03.2020;<\/li>\n<li>Orice peti\u021bie, solicitare, cerere, sesizare, etc. care nu necesit\u0103 prezen\u021ba la sediul DAS Turda va fi transmis\u0103 prin po\u0219t\u0103 (str. Dacia nr. 1, Turda), fax (la num\u0103rul 0264-317136) sau email (office@asistentasocialaturda.ro);<\/li>\n<li>Suspendarea audien\u021belor \u00een perioada 16.03.2020 \u2013 31.03.2020; peti\u021biile, sesiz\u0103rile sau alte solicit\u0103ri vor fi trimise prin po\u0219t\u0103, fax sau email;<\/li>\n<li>Nu se vor efectua anchete sociale pe teren dec\u00e2t \u00een cazurile de maxim\u0103 urgen\u021b\u0103;<\/li>\n<li>Persoanele cu dizabilit\u0103\u021bi \u0219i\/sau apar\u021bin\u0103torii acestora nu se vor prezenta la sediul DAS pentru semnarea pontajului, ci vor suna la 0264-317137 \u2013 int. 2;<\/li>\n<li>Vizitarea de c\u0103tre apar\u021bin\u0103tori a beneficiarilor de la locuin\u021bele protejate va fi strict interzis\u0103;<\/li>\n<li>Activitatea centrului situat pe strada A. Iancu nr. 12 (anchete handicap, tichete c\u0103l\u0103torie, etc.) va fi suspendat\u0103;<\/li>\n<li>Activitatea cu publicul se va desf\u0103\u0219ura doar la ghi\u0219eul aflat la sediul central (str. Dacia nr. 1).<\/li>\n<\/ul>\n<p style=\"text-align: justify;\">Pentru mai multe informa\u021bii \u0219i actualiz\u0103ri accesa\u021bi site-ul: <a href=\"http:\/\/www.asistentasocialaturda.ro\/\">www.asistentasocialaturda.ro<\/a><\/p>\n<p style=\"text-align: justify;\">DAS Turda, str. Dacia nr. 1<\/p>\n<p style=\"text-align: justify;\">Telefon: 0264-317137<\/p>\n<p style=\"text-align: justify;\">Fax: 0264-317136<\/p>\n<p style=\"text-align: justify;\">Email: office@asistentasocialaturda.ro<\/p>\n","protected":false},"excerpt":{"rendered":"<p>Av\u00e2nd \u00een vedere m\u0103surile impuse la nivel na\u021bional cu privire la prevenirea r\u0103sp\u00e2ndirii virusului COVID-19, Direc\u021bia de Asisten\u021b\u0103 Social\u0103 Turda aduce la cuno\u0219tin\u021ba beneficiarilor de servicii sociale urm\u0103toarele preciz\u0103ri: Programul cu publicul la sediul DAS Turda se modific\u0103 astfel: de luni p\u00e2n\u0103 vineri \u00eentre orele 8:00 \u2013 12:00, \u00een perioada 16.03.2020 \u2013 31.03.2020; Orice peti\u021bie, solicitare, cerere, sesizare, etc. care nu necesit\u0103 prezen\u021ba la sediul DAS Turda va fi transmis\u0103 prin po\u0219t\u0103 (str. Dacia nr. 1, Turda), fax (la num\u0103rul 0264-317136) sau email (office@asistentasocialaturda.ro); Suspendarea audien\u021belor \u00een perioada 16.03.2020 \u2013 31.03.2020; peti\u021biile, sesiz\u0103rile sau alte solicit\u0103ri vor fi trimise prin po\u0219t\u0103, fax sau email; Nu se vor efectua anchete sociale pe teren dec\u00e2t \u00een cazurile de maxim\u0103 urgen\u021b\u0103; Persoanele cu dizabilit\u0103\u021bi \u0219i\/sau apar\u021bin\u0103torii acestora nu se vor prezenta la sediul DAS pentru semnarea pontajului, ci vor suna la 0264-317137 \u2013 int. 2; Vizitarea de c\u0103tre apar\u021bin\u0103tori a beneficiarilor de la locuin\u021bele protejate va fi strict interzis\u0103; Activitatea centrului situat pe strada A. Iancu nr. 12 (anchete handicap, tichete c\u0103l\u0103torie, etc.) va fi suspendat\u0103; Activitatea cu publicul se va desf\u0103\u0219ura doar la ghi\u0219eul aflat la sediul central (str. Dacia nr. 1). Pentru mai multe informa\u021bii \u0219i actualiz\u0103ri accesa\u021bi site-ul: www.asistentasocialaturda.ro DAS Turda, str. Dacia nr. 1 Telefon: 0264-317137 Fax: 0264-317136 Email: office@asistentasocialaturda.ro<\/p>\n","protected":false},"author":1,"featured_media":0,"comment_status":"open","ping_status":"open","sticky":false,"template":"","format":"standard","meta":{"footnotes":""},"categories":[4],"tags":[],"class_list":["post-1405","post","type-post","status-publish","format-standard","hentry","category-anunturi"],"aioseo_notices":[],"_links":{"self":[{"href":"http:\/\/asistentasocialaturda.ro\/index.php\/wp-json\/wp\/v2\/posts\/1405","targetHints":{"allow":["GET"]}}],"collection":[{"href":"http:\/\/asistentasocialaturda.ro\/index.php\/wp-json\/wp\/v2\/posts"}],"about":[{"href":"http:\/\/asistentasocialaturda.ro\/index.php\/wp-json\/wp\/v2\/types\/post"}],"author":[{"embeddable":true,"href":"http:\/\/asistentasocialaturda.ro\/index.php\/wp-json\/wp\/v2\/users\/1"}],"replies":[{"embeddable":true,"href":"http:\/\/asistentasocialaturda.ro\/index.php\/wp-json\/wp\/v2\/comments?post=1405"}],"version-history":[{"count":3,"href":"http:\/\/asistentasocialaturda.ro\/index.php\/wp-json\/wp\/v2\/posts\/1405\/revisions"}],"predecessor-version":[{"id":1408,"href":"http:\/\/asistentasocialaturda.ro\/index.php\/wp-json\/wp\/v2\/posts\/1405\/revisions\/1408"}],"wp:attachment":[{"href":"http:\/\/asistentasocialaturda.ro\/index.php\/wp-json\/wp\/v2\/media?parent=1405"}],"wp:term":[{"taxonomy":"category","embeddable":true,"href":"http:\/\/asistentasocialaturda.ro\/index.php\/wp-json\/wp\/v2\/categories?post=1405"},{"taxonomy":"post_tag","embeddable":true,"href":"http:\/\/asistentasocialaturda.ro\/index.php\/wp-json\/wp\/v2\/tags?post=1405"}],"curies":[{"name":"wp","href":"https:\/\/api.w.org\/{rel}","templated":true}]}}