{"id":1400,"date":"2020-03-10T15:20:45","date_gmt":"2020-03-10T13:20:45","guid":{"rendered":"http:\/\/asistentasocialaturda.ro\/?p=1400"},"modified":"2020-03-12T08:34:05","modified_gmt":"2020-03-12T06:34:05","slug":"anunt-poad","status":"publish","type":"post","link":"http:\/\/asistentasocialaturda.ro\/index.php\/2020\/03\/10\/anunt-poad\/","title":{"rendered":"Anun\u021b POAD"},"content":{"rendered":"<p style=\"text-align: justify;\">\u00cen\u00a0 vederea continu\u0103rii programului\u00a0 POAD 2019-2021, program derulat \u00een baza HG nr. 784\/2018\u00a0 \u00een Municipiul Turda se distribuie cutii cu produse de igien\u0103, respectiv periu\u0163e \u015fi past\u0103 de din\u0163i, s\u0103pun lichid, \u015fampon pentru copii \u015fi adul\u0163i \u015fi detergent de rufe.<\/p>\n<p style=\"text-align: justify;\">Persoanele dependente adul\u021bi \u0219i copii cu handicap grav \u0219i grav cu asistent personal, care nu sunt \u00een centre reziden\u021biale publice sau private \u0219i persoane aflate temporar \u00een situa\u021bii critice care \u0219i-au depus cereri la DAS Turda sunt invita\u021bi s\u0103-\u0219i ridice produsele de igien\u0103 de la sediul CENTRULUI DE IGIEN\u0102 \u0218I S\u0102N\u0102TATE din Turda str. C\u00c2MPIEI nr. 51 (Cartier Poiana \u2013 intrarea pe str. Margaretelor)<\/p>\n<p style=\"text-align: justify;\">Beneficiari sau asisten\u021bii personali ai acestora vor prezenta \u00een copie \u0219i original BI\/CI \u0219i certificatul de \u00eencadrare \u00een grad de handicap.<\/p>\n<p style=\"text-align: center;\"><strong>Programul de distributie a produselor <\/strong><\/p>\n<p style=\"text-align: center;\"><strong>Luni &#8211; <\/strong><strong>Vineri: 8-12<\/strong><\/p>\n","protected":false},"excerpt":{"rendered":"<p>\u00cen\u00a0 vederea continu\u0103rii programului\u00a0 POAD 2019-2021, program derulat \u00een baza HG nr. 784\/2018\u00a0 \u00een Municipiul Turda se distribuie cutii cu produse de igien\u0103, respectiv periu\u0163e \u015fi past\u0103 de din\u0163i, s\u0103pun lichid, \u015fampon pentru copii \u015fi adul\u0163i \u015fi detergent de rufe. Persoanele dependente adul\u021bi \u0219i copii cu handicap grav \u0219i grav cu asistent personal, care nu sunt \u00een centre reziden\u021biale publice sau private \u0219i persoane aflate temporar \u00een situa\u021bii critice care \u0219i-au depus cereri la DAS Turda sunt invita\u021bi s\u0103-\u0219i ridice produsele de igien\u0103 de la sediul CENTRULUI DE IGIEN\u0102 \u0218I S\u0102N\u0102TATE din Turda str. C\u00c2MPIEI nr. 51 (Cartier Poiana \u2013 intrarea pe str. Margaretelor) Beneficiari sau asisten\u021bii personali ai acestora vor prezenta \u00een copie \u0219i original BI\/CI \u0219i certificatul de \u00eencadrare \u00een grad de handicap. Programul de distributie a produselor Luni &#8211; Vineri: 8-12<\/p>\n","protected":false},"author":1,"featured_media":0,"comment_status":"open","ping_status":"open","sticky":false,"template":"","format":"standard","meta":{"footnotes":""},"categories":[4],"tags":[],"class_list":["post-1400","post","type-post","status-publish","format-standard","hentry","category-anunturi"],"aioseo_notices":[],"_links":{"self":[{"href":"http:\/\/asistentasocialaturda.ro\/index.php\/wp-json\/wp\/v2\/posts\/1400","targetHints":{"allow":["GET"]}}],"collection":[{"href":"http:\/\/asistentasocialaturda.ro\/index.php\/wp-json\/wp\/v2\/posts"}],"about":[{"href":"http:\/\/asistentasocialaturda.ro\/index.php\/wp-json\/wp\/v2\/types\/post"}],"author":[{"embeddable":true,"href":"http:\/\/asistentasocialaturda.ro\/index.php\/wp-json\/wp\/v2\/users\/1"}],"replies":[{"embeddable":true,"href":"http:\/\/asistentasocialaturda.ro\/index.php\/wp-json\/wp\/v2\/comments?post=1400"}],"version-history":[{"count":3,"href":"http:\/\/asistentasocialaturda.ro\/index.php\/wp-json\/wp\/v2\/posts\/1400\/revisions"}],"predecessor-version":[{"id":1404,"href":"http:\/\/asistentasocialaturda.ro\/index.php\/wp-json\/wp\/v2\/posts\/1400\/revisions\/1404"}],"wp:attachment":[{"href":"http:\/\/asistentasocialaturda.ro\/index.php\/wp-json\/wp\/v2\/media?parent=1400"}],"wp:term":[{"taxonomy":"category","embeddable":true,"href":"http:\/\/asistentasocialaturda.ro\/index.php\/wp-json\/wp\/v2\/categories?post=1400"},{"taxonomy":"post_tag","embeddable":true,"href":"http:\/\/asistentasocialaturda.ro\/index.php\/wp-json\/wp\/v2\/tags?post=1400"}],"curies":[{"name":"wp","href":"https:\/\/api.w.org\/{rel}","templated":true}]}}