{"id":1396,"date":"2020-03-10T13:29:44","date_gmt":"2020-03-10T11:29:44","guid":{"rendered":"http:\/\/asistentasocialaturda.ro\/?p=1396"},"modified":"2020-03-10T13:29:44","modified_gmt":"2020-03-10T11:29:44","slug":"suspendare-activitate-crese","status":"publish","type":"post","link":"http:\/\/asistentasocialaturda.ro\/index.php\/2020\/03\/10\/suspendare-activitate-crese\/","title":{"rendered":"Suspendare activitate cre\u0219e"},"content":{"rendered":"<p style=\"text-align: justify;\">\u021ain\u00e2nd cont de \u00eentrunirea \u0219i hot\u0103r\u00e2rea Comitetul Local pentru Situa\u021bii de Urgen\u021b\u0103 privind m\u0103surile de prevenire \u0219i r\u0103sp\u00e2ndire a infec\u021biilor COVID 19 \u0219i totodat\u0103 av\u00e2nd la baz\u0103 Hot\u0103r\u00e2rea nr.8 din 09.03.2020 a Grupului de suport tehnico-\u0219tiin\u021bific privind gestionarea bolilor \u00eenalt contagioase pe teritoriul Rom\u00e2niei.<\/p>\n<p style=\"text-align: justify;\">Av\u00e2nd \u00een vedere evolu\u021bia cazurilor la nivel na\u021bional de infectare \u0219i riscul de a dob\u00e2ndi o infec\u021bie viral\u0103 precum \u0219i de a dezvolta o form\u0103 grav\u0103 a acesteia v\u0103 aducem la cuno\u0219tin\u021b\u0103 c\u0103 \u00eencep\u00e2nd cu data de <b>11.03.2020<\/b> se vor \u00eenchidere cre\u0219e de pe raza municipiului Turda, p\u00e2n\u0103 la data de <strong>22 martie 2020<\/strong>, cu posibilitatea prelungirii, \u00een func\u021bie de evolu\u021bia situa\u021biei la nivel na\u021bional.<\/p>\n","protected":false},"excerpt":{"rendered":"<p>\u021ain\u00e2nd cont de \u00eentrunirea \u0219i hot\u0103r\u00e2rea Comitetul Local pentru Situa\u021bii de Urgen\u021b\u0103 privind m\u0103surile de prevenire \u0219i r\u0103sp\u00e2ndire a infec\u021biilor COVID 19 \u0219i totodat\u0103 av\u00e2nd la baz\u0103 Hot\u0103r\u00e2rea nr.8 din 09.03.2020 a Grupului de suport tehnico-\u0219tiin\u021bific privind gestionarea bolilor \u00eenalt contagioase pe teritoriul Rom\u00e2niei. Av\u00e2nd \u00een vedere evolu\u021bia cazurilor la nivel na\u021bional de infectare \u0219i riscul de a dob\u00e2ndi o infec\u021bie viral\u0103 precum \u0219i de a dezvolta o form\u0103 grav\u0103 a acesteia v\u0103 aducem la cuno\u0219tin\u021b\u0103 c\u0103 \u00eencep\u00e2nd cu data de 11.03.2020 se vor \u00eenchidere cre\u0219e de pe raza municipiului Turda, p\u00e2n\u0103 la data de 22 martie 2020, cu posibilitatea prelungirii, \u00een func\u021bie de evolu\u021bia situa\u021biei la nivel na\u021bional.<\/p>\n","protected":false},"author":1,"featured_media":0,"comment_status":"open","ping_status":"open","sticky":false,"template":"","format":"standard","meta":{"footnotes":""},"categories":[4],"tags":[],"class_list":["post-1396","post","type-post","status-publish","format-standard","hentry","category-anunturi"],"aioseo_notices":[],"_links":{"self":[{"href":"http:\/\/asistentasocialaturda.ro\/index.php\/wp-json\/wp\/v2\/posts\/1396","targetHints":{"allow":["GET"]}}],"collection":[{"href":"http:\/\/asistentasocialaturda.ro\/index.php\/wp-json\/wp\/v2\/posts"}],"about":[{"href":"http:\/\/asistentasocialaturda.ro\/index.php\/wp-json\/wp\/v2\/types\/post"}],"author":[{"embeddable":true,"href":"http:\/\/asistentasocialaturda.ro\/index.php\/wp-json\/wp\/v2\/users\/1"}],"replies":[{"embeddable":true,"href":"http:\/\/asistentasocialaturda.ro\/index.php\/wp-json\/wp\/v2\/comments?post=1396"}],"version-history":[{"count":1,"href":"http:\/\/asistentasocialaturda.ro\/index.php\/wp-json\/wp\/v2\/posts\/1396\/revisions"}],"predecessor-version":[{"id":1397,"href":"http:\/\/asistentasocialaturda.ro\/index.php\/wp-json\/wp\/v2\/posts\/1396\/revisions\/1397"}],"wp:attachment":[{"href":"http:\/\/asistentasocialaturda.ro\/index.php\/wp-json\/wp\/v2\/media?parent=1396"}],"wp:term":[{"taxonomy":"category","embeddable":true,"href":"http:\/\/asistentasocialaturda.ro\/index.php\/wp-json\/wp\/v2\/categories?post=1396"},{"taxonomy":"post_tag","embeddable":true,"href":"http:\/\/asistentasocialaturda.ro\/index.php\/wp-json\/wp\/v2\/tags?post=1396"}],"curies":[{"name":"wp","href":"https:\/\/api.w.org\/{rel}","templated":true}]}}