{"id":1383,"date":"2020-02-18T10:09:45","date_gmt":"2020-02-18T08:09:45","guid":{"rendered":"http:\/\/asistentasocialaturda.ro\/?p=1383"},"modified":"2020-02-18T10:09:45","modified_gmt":"2020-02-18T08:09:45","slug":"anunt-poad-2019-2020","status":"publish","type":"post","link":"http:\/\/asistentasocialaturda.ro\/index.php\/2020\/02\/18\/anunt-poad-2019-2020\/","title":{"rendered":"ANUN\u021a POAD 2019-2020"},"content":{"rendered":"<h1 style=\"text-align: justify;\"><strong>\u00cen vederea aplic\u0103rii programului POAD 2019-2020, program derulat \u00een baza HG nr. 784\/2018 \u00een Municipiul Turda se distribuie cutii cu produse de igien\u0103, respectiv periu\u021be \u0219i past\u0103 de din\u021bi, s\u0103pun lichid, \u0219ampon pentru copii \u0219i adul\u021bi precum \u0219i detergent de rufe.<\/strong><\/h1>\n<h1 style=\"text-align: justify;\"><strong>Persoanele singure sau familiile aflate temporar \u00een orice situa\u021bie de risc (ex. victime ale calamit\u0103\u021bilor, ale violen\u021bei domestice, persoane dependente, nu au locuin\u021b\u0103, etc.), se vor prezenta la D.A.S. Turda, p\u00e2n\u0103 la data de 02.03.2020 cu o solicitare scris\u0103 pentru acordarea pachetelor cu produse de igien\u0103.<\/strong><\/h1>\n<p style=\"text-align: center;\"><strong>Programul de depunere a cererilor este urm\u0103torul:<\/strong><\/p>\n<p style=\"text-align: center;\"><strong>Luni 8-13<\/strong><\/p>\n<p style=\"text-align: center;\"><strong>Mar\u021bi 8-13<\/strong><\/p>\n<p style=\"text-align: center;\"><strong>Miercuri 8-18<\/strong><\/p>\n<p style=\"text-align: center;\"><strong>Joi 8-13<\/strong><\/p>\n<p style=\"text-align: center;\"><strong>Vineri 8-12<\/strong><\/p>\n","protected":false},"excerpt":{"rendered":"<p>\u00cen vederea aplic\u0103rii programului POAD 2019-2020, program derulat \u00een baza HG nr. 784\/2018 \u00een Municipiul Turda se distribuie cutii cu produse de igien\u0103, respectiv periu\u021be \u0219i past\u0103 de din\u021bi, s\u0103pun lichid, \u0219ampon pentru copii \u0219i adul\u021bi precum \u0219i detergent de rufe. Persoanele singure sau familiile aflate temporar \u00een orice situa\u021bie de risc (ex. victime ale calamit\u0103\u021bilor, ale violen\u021bei domestice, persoane dependente, nu au locuin\u021b\u0103, etc.), se vor prezenta la D.A.S. Turda, p\u00e2n\u0103 la data de 02.03.2020 cu o solicitare scris\u0103 pentru acordarea pachetelor cu produse de igien\u0103. Programul de depunere a cererilor este urm\u0103torul: Luni 8-13 Mar\u021bi 8-13 Miercuri 8-18 Joi 8-13 Vineri 8-12<\/p>\n","protected":false},"author":1,"featured_media":0,"comment_status":"open","ping_status":"open","sticky":false,"template":"","format":"standard","meta":{"footnotes":""},"categories":[4],"tags":[],"class_list":["post-1383","post","type-post","status-publish","format-standard","hentry","category-anunturi"],"aioseo_notices":[],"_links":{"self":[{"href":"http:\/\/asistentasocialaturda.ro\/index.php\/wp-json\/wp\/v2\/posts\/1383","targetHints":{"allow":["GET"]}}],"collection":[{"href":"http:\/\/asistentasocialaturda.ro\/index.php\/wp-json\/wp\/v2\/posts"}],"about":[{"href":"http:\/\/asistentasocialaturda.ro\/index.php\/wp-json\/wp\/v2\/types\/post"}],"author":[{"embeddable":true,"href":"http:\/\/asistentasocialaturda.ro\/index.php\/wp-json\/wp\/v2\/users\/1"}],"replies":[{"embeddable":true,"href":"http:\/\/asistentasocialaturda.ro\/index.php\/wp-json\/wp\/v2\/comments?post=1383"}],"version-history":[{"count":1,"href":"http:\/\/asistentasocialaturda.ro\/index.php\/wp-json\/wp\/v2\/posts\/1383\/revisions"}],"predecessor-version":[{"id":1384,"href":"http:\/\/asistentasocialaturda.ro\/index.php\/wp-json\/wp\/v2\/posts\/1383\/revisions\/1384"}],"wp:attachment":[{"href":"http:\/\/asistentasocialaturda.ro\/index.php\/wp-json\/wp\/v2\/media?parent=1383"}],"wp:term":[{"taxonomy":"category","embeddable":true,"href":"http:\/\/asistentasocialaturda.ro\/index.php\/wp-json\/wp\/v2\/categories?post=1383"},{"taxonomy":"post_tag","embeddable":true,"href":"http:\/\/asistentasocialaturda.ro\/index.php\/wp-json\/wp\/v2\/tags?post=1383"}],"curies":[{"name":"wp","href":"https:\/\/api.w.org\/{rel}","templated":true}]}}