{"id":1377,"date":"2019-12-09T12:00:40","date_gmt":"2019-12-09T10:00:40","guid":{"rendered":"http:\/\/asistentasocialaturda.ro\/?p=1377"},"modified":"2019-12-09T14:25:48","modified_gmt":"2019-12-09T12:25:48","slug":"rezultatele-finale-medic-specialist-psihiatrie","status":"publish","type":"post","link":"http:\/\/asistentasocialaturda.ro\/index.php\/2019\/12\/09\/rezultatele-finale-medic-specialist-psihiatrie\/","title":{"rendered":"REZULTATELE FINALE &#8211; MEDIC SPECIALIST PSIHIATRIE"},"content":{"rendered":"<h1 style=\"text-align: center;\"><strong>TABEL <\/strong><strong>CU REZULTATELE FINALE LA\u00a0 CONCURSUL DE RECRUTARE FUNC\u021aIE CONTRACTUAL\u0102 VACANT\u0102 DE MEDIC SPECIALIST PSIHIATRIE<\/strong> <strong>ORGANIZAT \u00ceN DATA DE 04.12.2019<\/strong><\/h1>\n<table width=\"744\">\n<tbody>\n<tr>\n<td width=\"48\"><strong><span style=\"font-size: 8pt;\">NR. CRT.<\/span><\/strong><\/td>\n<td width=\"102\"><strong><span style=\"font-size: 8pt;\">NUMELE \u0218I PRENUMELE<\/span><\/strong><\/td>\n<td width=\"102\"><strong><span style=\"font-size: 8pt;\">POSTUL VACANT <\/span><\/strong><\/td>\n<td width=\"78\"><strong><span style=\"font-size: 8pt;\">PUNCTAJ PROBEI\u00a0 SCRISE<\/span><\/strong><\/td>\n<td width=\"66\"><strong><span style=\"font-size: 8pt;\">REZ. PROBEI SCRISE<\/span><\/strong><\/td>\n<td width=\"84\"><strong><span style=\"font-size: 8pt;\">PUNCTAJ PROBEI\u00a0 INTERVIU<\/span><\/strong><\/td>\n<td width=\"96\"><strong><span style=\"font-size: 8pt;\">REZ. PROBEI INTERVIU<\/span><\/strong><\/td>\n<td width=\"84\"><strong><span style=\"font-size: 8pt;\">PUNCTAJ CONCURS<\/span><\/strong><\/td>\n<td width=\"84\"><strong><span style=\"font-size: 8pt;\">REZ. CONCURS<\/span><\/strong><\/td>\n<\/tr>\n<tr>\n<td width=\"48\"><strong><span style=\"font-size: 8pt;\">1<\/span><\/strong><\/td>\n<td width=\"102\"><strong><span style=\"font-size: 8pt;\">VEGA PAUL<\/span><\/strong><\/td>\n<td width=\"102\"><strong><span style=\"font-size: 8pt;\">MEDIC SPECIALIST<\/span><\/strong><\/td>\n<td width=\"78\"><strong><span style=\"font-size: 8pt;\">84.15<\/span><\/strong><\/td>\n<td width=\"66\"><strong><span style=\"font-size: 8pt;\">ADMIS<\/span><\/strong><\/td>\n<td width=\"84\"><strong><span style=\"font-size: 8pt;\">96.67<\/span><\/strong><\/td>\n<td width=\"96\"><strong><span style=\"font-size: 8pt;\">ADMIS<\/span><\/strong><\/td>\n<td width=\"84\"><strong><span style=\"font-size: 8pt;\">90.41<\/span><\/strong><\/td>\n<td width=\"84\"><strong><span style=\"font-size: 8pt;\">ADMIS<\/span><\/strong><\/td>\n<\/tr>\n<\/tbody>\n<\/table>\n<p style=\"text-align: justify;\">Not\u0103: rezultatele finale ale concursului au fost afi\u0219ate la sediul DAS Turda \u0219i pe site-ul DAS\u00a0 \u00een data de 09.12.2019, orele 12.00.<\/p>\n","protected":false},"excerpt":{"rendered":"<p>TABEL CU REZULTATELE FINALE LA\u00a0 CONCURSUL DE RECRUTARE FUNC\u021aIE CONTRACTUAL\u0102 VACANT\u0102 DE MEDIC SPECIALIST PSIHIATRIE ORGANIZAT \u00ceN DATA DE 04.12.2019 NR. CRT. NUMELE \u0218I PRENUMELE POSTUL VACANT PUNCTAJ PROBEI\u00a0 SCRISE REZ. PROBEI SCRISE PUNCTAJ PROBEI\u00a0 INTERVIU REZ. PROBEI INTERVIU PUNCTAJ CONCURS REZ. CONCURS 1 VEGA PAUL MEDIC SPECIALIST 84.15 ADMIS 96.67 ADMIS 90.41 ADMIS Not\u0103: rezultatele finale ale concursului au fost afi\u0219ate la sediul DAS Turda \u0219i pe site-ul DAS\u00a0 \u00een data de 09.12.2019, orele 12.00.<\/p>\n","protected":false},"author":1,"featured_media":0,"comment_status":"open","ping_status":"open","sticky":false,"template":"","format":"standard","meta":{"footnotes":""},"categories":[5],"tags":[],"class_list":["post-1377","post","type-post","status-publish","format-standard","hentry","category-concurs"],"aioseo_notices":[],"_links":{"self":[{"href":"http:\/\/asistentasocialaturda.ro\/index.php\/wp-json\/wp\/v2\/posts\/1377","targetHints":{"allow":["GET"]}}],"collection":[{"href":"http:\/\/asistentasocialaturda.ro\/index.php\/wp-json\/wp\/v2\/posts"}],"about":[{"href":"http:\/\/asistentasocialaturda.ro\/index.php\/wp-json\/wp\/v2\/types\/post"}],"author":[{"embeddable":true,"href":"http:\/\/asistentasocialaturda.ro\/index.php\/wp-json\/wp\/v2\/users\/1"}],"replies":[{"embeddable":true,"href":"http:\/\/asistentasocialaturda.ro\/index.php\/wp-json\/wp\/v2\/comments?post=1377"}],"version-history":[{"count":1,"href":"http:\/\/asistentasocialaturda.ro\/index.php\/wp-json\/wp\/v2\/posts\/1377\/revisions"}],"predecessor-version":[{"id":1378,"href":"http:\/\/asistentasocialaturda.ro\/index.php\/wp-json\/wp\/v2\/posts\/1377\/revisions\/1378"}],"wp:attachment":[{"href":"http:\/\/asistentasocialaturda.ro\/index.php\/wp-json\/wp\/v2\/media?parent=1377"}],"wp:term":[{"taxonomy":"category","embeddable":true,"href":"http:\/\/asistentasocialaturda.ro\/index.php\/wp-json\/wp\/v2\/categories?post=1377"},{"taxonomy":"post_tag","embeddable":true,"href":"http:\/\/asistentasocialaturda.ro\/index.php\/wp-json\/wp\/v2\/tags?post=1377"}],"curies":[{"name":"wp","href":"https:\/\/api.w.org\/{rel}","templated":true}]}}