{"id":1315,"date":"2019-06-27T13:16:46","date_gmt":"2019-06-27T10:16:46","guid":{"rendered":"http:\/\/asistentasocialaturda.ro\/?p=1315"},"modified":"2019-06-27T13:16:46","modified_gmt":"2019-06-27T10:16:46","slug":"rezultatele-finale-3","status":"publish","type":"post","link":"http:\/\/asistentasocialaturda.ro\/index.php\/2019\/06\/27\/rezultatele-finale-3\/","title":{"rendered":"REZULTATELE FINALE"},"content":{"rendered":"<h1 style=\"text-align: center;\">TABEL CU REZULTATELE FINALE LA CONCURSUL DE RECRUTARE FUNC\u021aIE CONTRACTUAL\u0102 VACANT\u0102 ORGANIZAT \u00ceN DATA DE 25.06.2019<\/h1>\n<table width=\"762\">\n<tbody>\n<tr>\n<td width=\"30\"><strong><span style=\"font-size: 8pt;\">NR. CRT.<\/span><\/strong><\/td>\n<td width=\"120\"><strong><span style=\"font-size: 8pt;\">NUMELE \u0218I PRENUMELE<\/span><\/strong><\/td>\n<td width=\"102\"><strong><span style=\"font-size: 8pt;\">POSTUL VACANT<\/span><\/strong><\/td>\n<td width=\"91\"><strong><span style=\"font-size: 8pt;\">PUNCTAJ PROBA SCRIS\u0102<\/span><\/strong><\/td>\n<td width=\"95\"><strong><span style=\"font-size: 8pt;\">REZULT. PROBA SCRIS\u0102<\/span><\/strong><\/td>\n<td width=\"84\"><strong><span style=\"font-size: 8pt;\">PUNCTAJ PROBA INTERV.<\/span><\/strong><\/td>\n<td width=\"72\"><strong><span style=\"font-size: 8pt;\">REZULT PROBA INTERV.<\/span><\/strong><\/td>\n<td width=\"84\"><strong><span style=\"font-size: 8pt;\">PUNCTAJ FINAL CONC.<\/span><\/strong><\/td>\n<td width=\"84\"><strong><span style=\"font-size: 8pt;\">REZULT. CONC.<\/span><\/strong><\/td>\n<\/tr>\n<tr>\n<td width=\"30\"><strong><span style=\"font-size: 8pt;\">1<\/span><\/strong><\/td>\n<td width=\"120\"><strong><span style=\"font-size: 8pt;\">Botos Crina<\/span><\/strong><\/td>\n<td width=\"102\"><strong><span style=\"font-size: 8pt;\">Kinetoterapeut<\/span><\/strong><\/td>\n<td width=\"91\"><strong><span style=\"font-size: 8pt;\">92.66<\/span><\/strong><\/td>\n<td width=\"95\"><strong><span style=\"font-size: 8pt;\">Admis<\/span><\/strong><\/td>\n<td width=\"84\"><strong><span style=\"font-size: 8pt;\">71.00<\/span><\/strong><\/td>\n<td width=\"72\"><strong><span style=\"font-size: 8pt;\">Admis<\/span><\/strong><\/td>\n<td width=\"84\"><strong><span style=\"font-size: 8pt;\">81.83<\/span><\/strong><\/td>\n<td width=\"84\"><strong><span style=\"font-size: 8pt;\">Respins<\/span><\/strong><\/td>\n<\/tr>\n<tr>\n<td width=\"30\"><strong><span style=\"font-size: 8pt;\">2<\/span><\/strong><\/td>\n<td width=\"120\"><strong><span style=\"font-size: 8pt;\">Pacurar Alexandru<\/span><\/strong><\/td>\n<td width=\"102\"><strong><span style=\"font-size: 8pt;\">Kinetoterapeut<\/span><\/strong><\/td>\n<td width=\"91\"><strong><span style=\"font-size: 8pt;\">97.00<\/span><\/strong><\/td>\n<td width=\"95\"><strong><span style=\"font-size: 8pt;\">Admis<\/span><\/strong><\/td>\n<td width=\"84\"><strong><span style=\"font-size: 8pt;\">98.67<\/span><\/strong><\/td>\n<td width=\"72\"><strong><span style=\"font-size: 8pt;\">Admis<\/span><\/strong><\/td>\n<td width=\"84\"><strong><span style=\"font-size: 8pt;\">97.84<\/span><\/strong><\/td>\n<td width=\"84\"><strong><span style=\"font-size: 8pt;\">Admis<\/span><\/strong><\/td>\n<\/tr>\n<tr>\n<td width=\"30\"><strong><span style=\"font-size: 8pt;\">3<\/span><\/strong><\/td>\n<td width=\"120\"><strong><span style=\"font-size: 8pt;\">Turean Andrada Mihaela<\/span><\/strong><\/td>\n<td width=\"102\"><strong><span style=\"font-size: 8pt;\">Kinetoterapeut<\/span><\/strong><\/td>\n<td width=\"91\"><strong><span style=\"font-size: 8pt;\">Nu s-a prezentat<\/span><\/strong><\/td>\n<td width=\"95\">&nbsp;<\/td>\n<td width=\"84\">&nbsp;<\/td>\n<td width=\"72\">&nbsp;<\/td>\n<td width=\"84\">&nbsp;<\/td>\n<td width=\"84\">&nbsp;<\/td>\n<\/tr>\n<\/tbody>\n<\/table>\n<p style=\"text-align: justify;\">Nota: Rezultatele finale au fost afi\u0219ate \u00een data de 27.06.2019, orele 13.00 la sediul DAS Turda \u0219i pe site-ul institu\u021biei. Contesta\u021biile se pot depune la Registratura DAS Turda, str. Dacia nr. 1 p\u00e2n\u0103 \u00een data de 28.06.2019, orele 13.00.<\/p>\n","protected":false},"excerpt":{"rendered":"<p>TABEL CU REZULTATELE FINALE LA CONCURSUL DE RECRUTARE FUNC\u021aIE CONTRACTUAL\u0102 VACANT\u0102 ORGANIZAT \u00ceN DATA DE 25.06.2019 NR. CRT. NUMELE \u0218I PRENUMELE POSTUL VACANT PUNCTAJ PROBA SCRIS\u0102 REZULT. PROBA SCRIS\u0102 PUNCTAJ PROBA INTERV. REZULT PROBA INTERV. PUNCTAJ FINAL CONC. REZULT. CONC. 1 Botos Crina Kinetoterapeut 92.66 Admis 71.00 Admis 81.83 Respins 2 Pacurar Alexandru Kinetoterapeut 97.00 Admis 98.67 Admis 97.84 Admis 3 Turean Andrada Mihaela Kinetoterapeut Nu s-a prezentat &nbsp; &nbsp; &nbsp; &nbsp; &nbsp; Nota: Rezultatele finale au fost afi\u0219ate \u00een data de 27.06.2019, orele 13.00 la sediul DAS Turda \u0219i pe site-ul institu\u021biei. Contesta\u021biile se pot depune la Registratura DAS Turda, str. Dacia nr. 1 p\u00e2n\u0103 \u00een data de 28.06.2019, orele 13.00.<\/p>\n","protected":false},"author":1,"featured_media":0,"comment_status":"open","ping_status":"open","sticky":false,"template":"","format":"standard","meta":{"footnotes":""},"categories":[5],"tags":[],"class_list":["post-1315","post","type-post","status-publish","format-standard","hentry","category-concurs"],"aioseo_notices":[],"_links":{"self":[{"href":"http:\/\/asistentasocialaturda.ro\/index.php\/wp-json\/wp\/v2\/posts\/1315","targetHints":{"allow":["GET"]}}],"collection":[{"href":"http:\/\/asistentasocialaturda.ro\/index.php\/wp-json\/wp\/v2\/posts"}],"about":[{"href":"http:\/\/asistentasocialaturda.ro\/index.php\/wp-json\/wp\/v2\/types\/post"}],"author":[{"embeddable":true,"href":"http:\/\/asistentasocialaturda.ro\/index.php\/wp-json\/wp\/v2\/users\/1"}],"replies":[{"embeddable":true,"href":"http:\/\/asistentasocialaturda.ro\/index.php\/wp-json\/wp\/v2\/comments?post=1315"}],"version-history":[{"count":1,"href":"http:\/\/asistentasocialaturda.ro\/index.php\/wp-json\/wp\/v2\/posts\/1315\/revisions"}],"predecessor-version":[{"id":1316,"href":"http:\/\/asistentasocialaturda.ro\/index.php\/wp-json\/wp\/v2\/posts\/1315\/revisions\/1316"}],"wp:attachment":[{"href":"http:\/\/asistentasocialaturda.ro\/index.php\/wp-json\/wp\/v2\/media?parent=1315"}],"wp:term":[{"taxonomy":"category","embeddable":true,"href":"http:\/\/asistentasocialaturda.ro\/index.php\/wp-json\/wp\/v2\/categories?post=1315"},{"taxonomy":"post_tag","embeddable":true,"href":"http:\/\/asistentasocialaturda.ro\/index.php\/wp-json\/wp\/v2\/tags?post=1315"}],"curies":[{"name":"wp","href":"https:\/\/api.w.org\/{rel}","templated":true}]}}