{"id":1310,"date":"2019-06-25T13:11:09","date_gmt":"2019-06-25T10:11:09","guid":{"rendered":"http:\/\/asistentasocialaturda.ro\/?p=1310"},"modified":"2019-06-26T10:40:26","modified_gmt":"2019-06-26T07:40:26","slug":"rezultatele-probei-scrise-3","status":"publish","type":"post","link":"http:\/\/asistentasocialaturda.ro\/index.php\/2019\/06\/25\/rezultatele-probei-scrise-3\/","title":{"rendered":"REZULTATELE PROBEI SCRISE"},"content":{"rendered":"<p style=\"text-align: center;\"><strong>TABEL <\/strong><strong>CU REZULTATELE PROBEI SCRISE LA CONCURSUL DE RECRUTARE FUNC\u021aIE CONTRACTUAL\u0102 VACANT\u0102 <\/strong><strong>ORGANIZAT \u00ceN DATA DE 25.06.2019<\/strong><\/p>\n<table width=\"726\">\n<tbody>\n<tr>\n<td width=\"48\">NR CRT.<\/td>\n<td width=\"186\">NUMELE \u0218I PRENUMELE<\/td>\n<td width=\"150\">POSTUL VACANT<\/td>\n<td width=\"126\">PUNCTAJ PROBEI SCRISE<\/td>\n<td width=\"144\">REZULTATELE PROBEI SCRISE<\/td>\n<td width=\"72\">OBS<\/td>\n<\/tr>\n<tr>\n<td width=\"48\">1<\/td>\n<td width=\"186\">Botos Crina<\/td>\n<td width=\"150\">Kinetoterapeut<\/td>\n<td width=\"126\">92.66<\/td>\n<td width=\"144\">Admis<\/td>\n<td width=\"72\"><\/td>\n<\/tr>\n<tr>\n<td width=\"48\">2<\/td>\n<td width=\"186\">Pacurar Alexandru<\/td>\n<td width=\"150\">Kinetoterapeut<\/td>\n<td width=\"126\">97.00<\/td>\n<td width=\"144\">Admis<\/td>\n<td width=\"72\"><\/td>\n<\/tr>\n<tr>\n<td width=\"48\">3<\/td>\n<td width=\"186\">Turean Andrada Mihaela<\/td>\n<td width=\"150\">Kinetoterapeut<\/td>\n<td width=\"126\">Nu s-a prezentat<\/td>\n<td width=\"144\"><\/td>\n<td width=\"72\"><\/td>\n<\/tr>\n<\/tbody>\n<\/table>\n<p style=\"text-align: justify;\">Not\u0103: rezultatele probei scrise au fost afi\u0219ate la sediul DAS Turda \u0219i pe site-ul DAS \u00een data de 25.06.2019, orele 13.00. Proba de interviu se va sus\u021bine \u00een 27.06.2019 la sediul Centrului social de urgen\u021b\u0103 pentru persoane f\u0103r\u0103 ad\u0103post, str. Avram Iancu, nr. 12 la orele 9.00<\/p>\n","protected":false},"excerpt":{"rendered":"<p>TABEL CU REZULTATELE PROBEI SCRISE LA CONCURSUL DE RECRUTARE FUNC\u021aIE CONTRACTUAL\u0102 VACANT\u0102 ORGANIZAT \u00ceN DATA DE 25.06.2019 NR CRT. NUMELE \u0218I PRENUMELE POSTUL VACANT PUNCTAJ PROBEI SCRISE REZULTATELE PROBEI SCRISE OBS 1 Botos Crina Kinetoterapeut 92.66 Admis 2 Pacurar Alexandru Kinetoterapeut 97.00 Admis 3 Turean Andrada Mihaela Kinetoterapeut Nu s-a prezentat Not\u0103: rezultatele probei scrise au fost afi\u0219ate la sediul DAS Turda \u0219i pe site-ul DAS \u00een data de 25.06.2019, orele 13.00. Proba de interviu se va sus\u021bine \u00een 27.06.2019 la sediul Centrului social de urgen\u021b\u0103 pentru persoane f\u0103r\u0103 ad\u0103post, str. Avram Iancu, nr. 12 la orele 9.00<\/p>\n","protected":false},"author":1,"featured_media":0,"comment_status":"open","ping_status":"open","sticky":false,"template":"","format":"standard","meta":{"footnotes":""},"categories":[5],"tags":[],"class_list":["post-1310","post","type-post","status-publish","format-standard","hentry","category-concurs"],"aioseo_notices":[],"_links":{"self":[{"href":"http:\/\/asistentasocialaturda.ro\/index.php\/wp-json\/wp\/v2\/posts\/1310","targetHints":{"allow":["GET"]}}],"collection":[{"href":"http:\/\/asistentasocialaturda.ro\/index.php\/wp-json\/wp\/v2\/posts"}],"about":[{"href":"http:\/\/asistentasocialaturda.ro\/index.php\/wp-json\/wp\/v2\/types\/post"}],"author":[{"embeddable":true,"href":"http:\/\/asistentasocialaturda.ro\/index.php\/wp-json\/wp\/v2\/users\/1"}],"replies":[{"embeddable":true,"href":"http:\/\/asistentasocialaturda.ro\/index.php\/wp-json\/wp\/v2\/comments?post=1310"}],"version-history":[{"count":2,"href":"http:\/\/asistentasocialaturda.ro\/index.php\/wp-json\/wp\/v2\/posts\/1310\/revisions"}],"predecessor-version":[{"id":1314,"href":"http:\/\/asistentasocialaturda.ro\/index.php\/wp-json\/wp\/v2\/posts\/1310\/revisions\/1314"}],"wp:attachment":[{"href":"http:\/\/asistentasocialaturda.ro\/index.php\/wp-json\/wp\/v2\/media?parent=1310"}],"wp:term":[{"taxonomy":"category","embeddable":true,"href":"http:\/\/asistentasocialaturda.ro\/index.php\/wp-json\/wp\/v2\/categories?post=1310"},{"taxonomy":"post_tag","embeddable":true,"href":"http:\/\/asistentasocialaturda.ro\/index.php\/wp-json\/wp\/v2\/tags?post=1310"}],"curies":[{"name":"wp","href":"https:\/\/api.w.org\/{rel}","templated":true}]}}