{"id":1235,"date":"2019-04-25T12:41:08","date_gmt":"2019-04-25T09:41:08","guid":{"rendered":"http:\/\/asistentasocialaturda.ro\/?p=1235"},"modified":"2019-04-25T12:43:42","modified_gmt":"2019-04-25T09:43:42","slug":"rezultatele-finale-la-concursul-de-recrutare-functie-contractuala-temporar-vacanta","status":"publish","type":"post","link":"http:\/\/asistentasocialaturda.ro\/index.php\/2019\/04\/25\/rezultatele-finale-la-concursul-de-recrutare-functie-contractuala-temporar-vacanta\/","title":{"rendered":"REZULTATELE FINALE LA CONCURSUL DE RECRUTARE FUNC\u021aIE CONTRACTUAL\u0102 TEMPORAR VACANT\u0102"},"content":{"rendered":"<h1 style=\"text-align: center;\">TABEL CU REZULTATELE FINALE LA CONCURSUL DE RECRUTARE FUNCTIE CONTRACTUALA TEMPORAR VACANTA ORGANIZAT IN DATA DE 25.04.2019<\/h1>\n<table style=\"width: 509px;\" width=\"762\">\n<tbody>\n<tr>\n<td style=\"width: 23.69px;\"><strong><span style=\"font-size: 8pt;\">NR CRT.<\/span><\/strong><\/td>\n<td style=\"width: 66.93px;\"><strong><span style=\"font-size: 8pt;\">NUMELE \u0218I PRENUMELE<\/span><\/strong><\/td>\n<td style=\"width: 45px;\"><strong><span style=\"font-size: 8pt;\">POSTUL VACANT<\/span><\/strong><\/td>\n<td style=\"width: 55.08px;\"><strong><span style=\"font-size: 8pt;\">PUNCTAJ PROBA PRACTIC\u0102<\/span><\/strong><\/td>\n<td style=\"width: 55.08px;\"><strong><span style=\"font-size: 8pt;\">REZULT. PROBA PRACTIC\u0102<\/span><\/strong><\/td>\n<td style=\"width: 49.56px;\"><strong><span style=\"font-size: 8pt;\">PUNCTAJ PROBA INTERV.<\/span><\/strong><\/td>\n<td style=\"width: 43.03px;\"><strong><span style=\"font-size: 8pt;\">REZULT. PROBA INTERV.<\/span><\/strong><\/td>\n<td style=\"width: 49.56px;\"><strong><span style=\"font-size: 8pt;\">PUNCTAJ FINAL CONC.<\/span><\/strong><\/td>\n<td style=\"width: 53.9px;\"><strong><span style=\"font-size: 8pt;\">REZULT. CONCURS<\/span><\/strong><\/td>\n<\/tr>\n<tr>\n<td style=\"width: 23.69px;\"><strong><span style=\"font-size: 8pt;\">1<\/span><\/strong><\/td>\n<td style=\"width: 66.93px;\"><strong><span style=\"font-size: 8pt;\">Selegean Emilia<\/span><\/strong><\/td>\n<td style=\"width: 45px;\"><strong><span style=\"font-size: 8pt;\">Muncitor IV<\/span><\/strong><\/td>\n<td style=\"width: 55.08px;\"><strong><span style=\"font-size: 8pt;\">96.00<\/span><\/strong><\/td>\n<td style=\"width: 55.08px;\"><strong><span style=\"font-size: 8pt;\">Admis<\/span><\/strong><\/td>\n<td style=\"width: 49.56px;\"><strong><span style=\"font-size: 8pt;\">83.00<\/span><\/strong><\/td>\n<td style=\"width: 43.03px;\"><strong><span style=\"font-size: 8pt;\">Admis<\/span><\/strong><\/td>\n<td style=\"width: 49.56px;\"><strong><span style=\"font-size: 8pt;\">89.50<\/span><\/strong><\/td>\n<td style=\"width: 53.9px;\"><strong><span style=\"font-size: 8pt;\">Admis<\/span><\/strong><\/td>\n<\/tr>\n<\/tbody>\n<\/table>\n<p style=\"text-align: justify;\">Not\u0103: Rezultatele finale au fost afi\u0219ate \u00een data de 25.04.2019, orele 13.00 la sediul DAS Turda \u0219i pe site-ul institu\u021biei. Contesta\u021biile se pot depune la Registratura DAS Turda, str. Dacia nr. 1 p\u00e2n\u0103 \u00een data de 02.05.2019, orele 13.00.<\/p>\n","protected":false},"excerpt":{"rendered":"<p>TABEL CU REZULTATELE FINALE LA CONCURSUL DE RECRUTARE FUNCTIE CONTRACTUALA TEMPORAR VACANTA ORGANIZAT IN DATA DE 25.04.2019 NR CRT. NUMELE \u0218I PRENUMELE POSTUL VACANT PUNCTAJ PROBA PRACTIC\u0102 REZULT. PROBA PRACTIC\u0102 PUNCTAJ PROBA INTERV. REZULT. PROBA INTERV. PUNCTAJ FINAL CONC. REZULT. CONCURS 1 Selegean Emilia Muncitor IV 96.00 Admis 83.00 Admis 89.50 Admis Not\u0103: Rezultatele finale au fost afi\u0219ate \u00een data de 25.04.2019, orele 13.00 la sediul DAS Turda \u0219i pe site-ul institu\u021biei. Contesta\u021biile se pot depune la Registratura DAS Turda, str. Dacia nr. 1 p\u00e2n\u0103 \u00een data de 02.05.2019, orele 13.00.<\/p>\n","protected":false},"author":1,"featured_media":0,"comment_status":"open","ping_status":"open","sticky":false,"template":"","format":"standard","meta":{"footnotes":""},"categories":[5],"tags":[],"class_list":["post-1235","post","type-post","status-publish","format-standard","hentry","category-concurs"],"aioseo_notices":[],"_links":{"self":[{"href":"http:\/\/asistentasocialaturda.ro\/index.php\/wp-json\/wp\/v2\/posts\/1235","targetHints":{"allow":["GET"]}}],"collection":[{"href":"http:\/\/asistentasocialaturda.ro\/index.php\/wp-json\/wp\/v2\/posts"}],"about":[{"href":"http:\/\/asistentasocialaturda.ro\/index.php\/wp-json\/wp\/v2\/types\/post"}],"author":[{"embeddable":true,"href":"http:\/\/asistentasocialaturda.ro\/index.php\/wp-json\/wp\/v2\/users\/1"}],"replies":[{"embeddable":true,"href":"http:\/\/asistentasocialaturda.ro\/index.php\/wp-json\/wp\/v2\/comments?post=1235"}],"version-history":[{"count":4,"href":"http:\/\/asistentasocialaturda.ro\/index.php\/wp-json\/wp\/v2\/posts\/1235\/revisions"}],"predecessor-version":[{"id":1239,"href":"http:\/\/asistentasocialaturda.ro\/index.php\/wp-json\/wp\/v2\/posts\/1235\/revisions\/1239"}],"wp:attachment":[{"href":"http:\/\/asistentasocialaturda.ro\/index.php\/wp-json\/wp\/v2\/media?parent=1235"}],"wp:term":[{"taxonomy":"category","embeddable":true,"href":"http:\/\/asistentasocialaturda.ro\/index.php\/wp-json\/wp\/v2\/categories?post=1235"},{"taxonomy":"post_tag","embeddable":true,"href":"http:\/\/asistentasocialaturda.ro\/index.php\/wp-json\/wp\/v2\/tags?post=1235"}],"curies":[{"name":"wp","href":"https:\/\/api.w.org\/{rel}","templated":true}]}}