{"id":1218,"date":"2019-01-14T13:51:07","date_gmt":"2019-01-14T11:51:07","guid":{"rendered":"http:\/\/asistentasocialaturda.ro\/?p=1218"},"modified":"2019-01-14T13:51:07","modified_gmt":"2019-01-14T11:51:07","slug":"locatie-concurs","status":"publish","type":"post","link":"http:\/\/asistentasocialaturda.ro\/index.php\/2019\/01\/14\/locatie-concurs\/","title":{"rendered":"Loca\u021bie concurs"},"content":{"rendered":"<p style=\"text-align: justify;\">Proba practic\u0103 a concursului organizat de catre Direc\u021bia de Asisten\u021b\u0103 Social\u0103 Turda \u00een data de 15 ianuarie, orele 10.00 se va sus\u021bine \u00a0pentru \u00a0postul vacant de <strong>Muncitor II<\/strong> la Cre\u0219a nr. 4, str. Aviatorilor, nr. 16, iar pentru postul vacant de <strong>\u00cengrijitor<\/strong> la Centrul comunitar de s\u0103n\u0103tate \u0219i igien\u0103, str C\u00e2mpiei, nr. 51.<\/p>\n","protected":false},"excerpt":{"rendered":"<p>Proba practic\u0103 a concursului organizat de catre Direc\u021bia de Asisten\u021b\u0103 Social\u0103 Turda \u00een data de 15 ianuarie, orele 10.00 se va sus\u021bine \u00a0pentru \u00a0postul vacant de Muncitor II la Cre\u0219a nr. 4, str. Aviatorilor, nr. 16, iar pentru postul vacant de \u00cengrijitor la Centrul comunitar de s\u0103n\u0103tate \u0219i igien\u0103, str C\u00e2mpiei, nr. 51.<\/p>\n","protected":false},"author":1,"featured_media":0,"comment_status":"open","ping_status":"open","sticky":false,"template":"","format":"standard","meta":{"footnotes":""},"categories":[5],"tags":[],"class_list":["post-1218","post","type-post","status-publish","format-standard","hentry","category-concurs"],"aioseo_notices":[],"_links":{"self":[{"href":"http:\/\/asistentasocialaturda.ro\/index.php\/wp-json\/wp\/v2\/posts\/1218","targetHints":{"allow":["GET"]}}],"collection":[{"href":"http:\/\/asistentasocialaturda.ro\/index.php\/wp-json\/wp\/v2\/posts"}],"about":[{"href":"http:\/\/asistentasocialaturda.ro\/index.php\/wp-json\/wp\/v2\/types\/post"}],"author":[{"embeddable":true,"href":"http:\/\/asistentasocialaturda.ro\/index.php\/wp-json\/wp\/v2\/users\/1"}],"replies":[{"embeddable":true,"href":"http:\/\/asistentasocialaturda.ro\/index.php\/wp-json\/wp\/v2\/comments?post=1218"}],"version-history":[{"count":1,"href":"http:\/\/asistentasocialaturda.ro\/index.php\/wp-json\/wp\/v2\/posts\/1218\/revisions"}],"predecessor-version":[{"id":1219,"href":"http:\/\/asistentasocialaturda.ro\/index.php\/wp-json\/wp\/v2\/posts\/1218\/revisions\/1219"}],"wp:attachment":[{"href":"http:\/\/asistentasocialaturda.ro\/index.php\/wp-json\/wp\/v2\/media?parent=1218"}],"wp:term":[{"taxonomy":"category","embeddable":true,"href":"http:\/\/asistentasocialaturda.ro\/index.php\/wp-json\/wp\/v2\/categories?post=1218"},{"taxonomy":"post_tag","embeddable":true,"href":"http:\/\/asistentasocialaturda.ro\/index.php\/wp-json\/wp\/v2\/tags?post=1218"}],"curies":[{"name":"wp","href":"https:\/\/api.w.org\/{rel}","templated":true}]}}