{"id":1162,"date":"2018-09-26T12:00:18","date_gmt":"2018-09-26T09:00:18","guid":{"rendered":"http:\/\/asistentasocialaturda.ro\/?p=1162"},"modified":"2018-09-26T13:41:33","modified_gmt":"2018-09-26T10:41:33","slug":"rezultatele-finale","status":"publish","type":"post","link":"http:\/\/asistentasocialaturda.ro\/index.php\/2018\/09\/26\/rezultatele-finale\/","title":{"rendered":"REZULTATELE FINALE"},"content":{"rendered":"<h1 style=\"text-align: center;\">TABEL CU REZULTATELE FINALE LA CONCURSUL DE RECRUTARE FUNC\u021aIE\u00a0 CONTRACTUAL\u0102 TEMPORAR VACANT\u0102 ORGANIZAT \u00ceN DATA DE 24.09.2018<\/h1>\n<table width=\"744\">\n<tbody>\n<tr>\n<td style=\"width: 34.99px;\"><strong><span style=\"font-size: 8pt;\">NR CRT.<\/span><\/strong><\/td>\n<td style=\"width: 93.33px;\"><strong><span style=\"font-size: 8pt;\">NUMELE \u0218I PRENUMELE<\/span><\/strong><\/td>\n<td style=\"width: 84.99px;\"><strong><span style=\"font-size: 8pt;\">POSTUL TEMPORAR VACANT<\/span><\/strong><\/td>\n<td style=\"width: 69.15px;\"><strong><span style=\"font-size: 8pt;\">PUNCTAJ PROBA\u00a0 SCRIS\u0102<\/span><\/strong><\/td>\n<td style=\"width: 77.48px;\"><strong><span style=\"font-size: 8pt;\">REZULTAT PROBA SCRIS\u0102<\/span><\/strong><\/td>\n<td style=\"width: 69.15px;\"><strong><span style=\"font-size: 8pt;\">PUNCTAJ PROBA\u00a0 INTERV.<\/span><\/strong><\/td>\n<td style=\"width: 58.32px;\"><strong><span style=\"font-size: 8pt;\">REZULT. PROBA\u00a0 INTERV.<\/span><\/strong><\/td>\n<td style=\"width: 75.82px;\"><strong><span style=\"font-size: 8pt;\">PUNCTAJ FINAL CONCURS<\/span><\/strong><\/td>\n<td style=\"width: 77.48px;\"><strong><span style=\"font-size: 8pt;\">REZULTAT CONCURS<\/span><\/strong><\/td>\n<\/tr>\n<tr>\n<td style=\"width: 34.99px;\"><strong><span style=\"font-size: 8pt;\">1<\/span><\/strong><\/td>\n<td style=\"width: 93.33px;\"><strong><span style=\"font-size: 8pt;\">T\u0103tar Florica Cornelia<\/span><\/strong><\/td>\n<td style=\"width: 84.99px;\"><strong><span style=\"font-size: 8pt;\">Infirmier\u0103<\/span><\/strong><\/td>\n<td style=\"width: 69.15px;\"><strong><span style=\"font-size: 8pt;\">91.00<\/span><\/strong><\/td>\n<td style=\"width: 77.48px;\"><strong><span style=\"font-size: 8pt;\">Admis<\/span><\/strong><\/td>\n<td style=\"width: 69.15px;\"><strong><span style=\"font-size: 8pt;\">85.00<\/span><\/strong><\/td>\n<td style=\"width: 58.32px;\"><strong><span style=\"font-size: 8pt;\">Admis<\/span><\/strong><\/td>\n<td style=\"width: 75.82px;\"><strong><span style=\"font-size: 8pt;\">88.00<\/span><\/strong><\/td>\n<td style=\"width: 77.48px;\"><strong><span style=\"font-size: 8pt;\">Admis<\/span><\/strong><\/td>\n<\/tr>\n<tr>\n<td style=\"width: 34.99px;\"><strong><span style=\"font-size: 8pt;\">2<\/span><\/strong><\/td>\n<td style=\"width: 93.33px;\"><strong><span style=\"font-size: 8pt;\">Rus Felicia Crina<\/span><\/strong><\/td>\n<td style=\"width: 84.99px;\"><strong><span style=\"font-size: 8pt;\">Infirmier\u0103<\/span><\/strong><\/td>\n<td style=\"width: 69.15px;\"><strong><span style=\"font-size: 8pt;\">51.66<\/span><\/strong><\/td>\n<td style=\"width: 77.48px;\"><strong><span style=\"font-size: 8pt;\">Admis<\/span><\/strong><\/td>\n<td style=\"width: 69.15px;\"><strong><span style=\"font-size: 8pt;\">97.00<\/span><\/strong><\/td>\n<td style=\"width: 58.32px;\"><strong><span style=\"font-size: 8pt;\">Admis<\/span><\/strong><\/td>\n<td style=\"width: 75.82px;\"><strong><span style=\"font-size: 8pt;\">74.33<\/span><\/strong><\/td>\n<td style=\"width: 77.48px;\"><strong><span style=\"font-size: 8pt;\">Respins<\/span><\/strong><\/td>\n<\/tr>\n<\/tbody>\n<\/table>\n<p style=\"text-align: justify;\"><b>Not\u0103:<\/b> Rezultatele finale au fost afi\u0219ate \u00een data de 26.09.2018, orele 12.00 la sediul DAS Turda \u0219i pe site-ul institu\u021biei. Contesta\u021biile se pot depune la Registratura DAS Turda, str. Dacia nr. 1 p\u00e2n\u0103 \u00een data de 27.09.2018, orele 12.00.<\/p>\n<p>&nbsp;<\/p>\n","protected":false},"excerpt":{"rendered":"<p>TABEL CU REZULTATELE FINALE LA CONCURSUL DE RECRUTARE FUNC\u021aIE\u00a0 CONTRACTUAL\u0102 TEMPORAR VACANT\u0102 ORGANIZAT \u00ceN DATA DE 24.09.2018 NR CRT. NUMELE \u0218I PRENUMELE POSTUL TEMPORAR VACANT PUNCTAJ PROBA\u00a0 SCRIS\u0102 REZULTAT PROBA SCRIS\u0102 PUNCTAJ PROBA\u00a0 INTERV. REZULT. PROBA\u00a0 INTERV. PUNCTAJ FINAL CONCURS REZULTAT CONCURS 1 T\u0103tar Florica Cornelia Infirmier\u0103 91.00 Admis 85.00 Admis 88.00 Admis 2 Rus Felicia Crina Infirmier\u0103 51.66 Admis 97.00 Admis 74.33 Respins Not\u0103: Rezultatele finale au fost afi\u0219ate \u00een data de 26.09.2018, orele 12.00 la sediul DAS Turda \u0219i pe site-ul institu\u021biei. Contesta\u021biile se pot depune la Registratura DAS Turda, str. Dacia nr. 1 p\u00e2n\u0103 \u00een data de 27.09.2018, orele 12.00. &nbsp;<\/p>\n","protected":false},"author":1,"featured_media":0,"comment_status":"open","ping_status":"open","sticky":false,"template":"","format":"standard","meta":{"footnotes":""},"categories":[5],"tags":[],"class_list":["post-1162","post","type-post","status-publish","format-standard","hentry","category-concurs"],"aioseo_notices":[],"_links":{"self":[{"href":"http:\/\/asistentasocialaturda.ro\/index.php\/wp-json\/wp\/v2\/posts\/1162","targetHints":{"allow":["GET"]}}],"collection":[{"href":"http:\/\/asistentasocialaturda.ro\/index.php\/wp-json\/wp\/v2\/posts"}],"about":[{"href":"http:\/\/asistentasocialaturda.ro\/index.php\/wp-json\/wp\/v2\/types\/post"}],"author":[{"embeddable":true,"href":"http:\/\/asistentasocialaturda.ro\/index.php\/wp-json\/wp\/v2\/users\/1"}],"replies":[{"embeddable":true,"href":"http:\/\/asistentasocialaturda.ro\/index.php\/wp-json\/wp\/v2\/comments?post=1162"}],"version-history":[{"count":2,"href":"http:\/\/asistentasocialaturda.ro\/index.php\/wp-json\/wp\/v2\/posts\/1162\/revisions"}],"predecessor-version":[{"id":1164,"href":"http:\/\/asistentasocialaturda.ro\/index.php\/wp-json\/wp\/v2\/posts\/1162\/revisions\/1164"}],"wp:attachment":[{"href":"http:\/\/asistentasocialaturda.ro\/index.php\/wp-json\/wp\/v2\/media?parent=1162"}],"wp:term":[{"taxonomy":"category","embeddable":true,"href":"http:\/\/asistentasocialaturda.ro\/index.php\/wp-json\/wp\/v2\/categories?post=1162"},{"taxonomy":"post_tag","embeddable":true,"href":"http:\/\/asistentasocialaturda.ro\/index.php\/wp-json\/wp\/v2\/tags?post=1162"}],"curies":[{"name":"wp","href":"https:\/\/api.w.org\/{rel}","templated":true}]}}