{"id":1139,"date":"2018-09-17T09:54:31","date_gmt":"2018-09-17T06:54:31","guid":{"rendered":"http:\/\/spasturda.ro\/?p=1139"},"modified":"2018-09-17T09:54:31","modified_gmt":"2018-09-17T06:54:31","slug":"selectia-dosarelor-7","status":"publish","type":"post","link":"http:\/\/asistentasocialaturda.ro\/index.php\/2018\/09\/17\/selectia-dosarelor-7\/","title":{"rendered":"SELECTIA DOSARELOR"},"content":{"rendered":"<p style=\"text-align: center;\"><strong>TABEL PRIVIND SELEC\u0162IA DOSARELOR DEPUSE PENTRU POSTUL TEMPORAR VACANT &#8211; FUNC\u0162IE CONTRACTUAL\u0102 DE EXECU\u0162IE DE INFIRMIER\u0102<\/strong><strong>\u00a0 \u00a0 \u00a0 \u00a0 \u00a0 \u00a0 ORGANIZAT DE DAS TURDA \u00ceN DATA 24 SEPTEMBRIE 2018<\/strong><\/p>\n<table width=\"726\">\n<tbody>\n<tr>\n<td colspan=\"3\" width=\"726\"><strong>Informa\u0163ii privind <u>selec\u0163ia dosarelor<\/u><\/strong><\/td>\n<\/tr>\n<tr>\n<td colspan=\"3\" width=\"726\"><strong>Data selec\u0163iei dosarelor:\u00a0 17.09.2018<\/strong><\/td>\n<\/tr>\n<tr>\n<td style=\"text-align: justify;\" width=\"186\"><strong>Numele \u015fi prenumele candidatului<\/strong><strong>\u00a0<\/strong><\/td>\n<td style=\"text-align: justify;\" width=\"180\"><strong>Rezultatul selec\u0163iei dosarelor<\/strong><\/td>\n<td style=\"text-align: justify;\" width=\"360\"><strong>Observa\u0163ii<\/strong><\/td>\n<\/tr>\n<tr>\n<td style=\"text-align: justify;\" width=\"186\">T\u0103tar Florica Cornelia<\/td>\n<td style=\"text-align: justify;\" width=\"180\">Admis<\/td>\n<td style=\"text-align: justify;\" width=\"360\">&nbsp;<\/td>\n<\/tr>\n<tr>\n<td style=\"text-align: justify;\" width=\"186\">Rus Felicia Crina<\/td>\n<td style=\"text-align: justify;\" width=\"180\">Admis<\/td>\n<td style=\"text-align: justify;\" width=\"360\">Va prezenta Certificatul de cazier judiciar p\u00e2n\u0103 cel t\u00e2rziu la data sus\u0163inerii probei scrise a concursului (24.09.2018)<\/td>\n<\/tr>\n<\/tbody>\n<\/table>\n<p>&nbsp;<\/p>\n","protected":false},"excerpt":{"rendered":"<p>TABEL PRIVIND SELEC\u0162IA DOSARELOR DEPUSE PENTRU POSTUL TEMPORAR VACANT &#8211; FUNC\u0162IE CONTRACTUAL\u0102 DE EXECU\u0162IE DE INFIRMIER\u0102\u00a0 \u00a0 \u00a0 \u00a0 \u00a0 \u00a0 ORGANIZAT DE DAS TURDA \u00ceN DATA 24 SEPTEMBRIE 2018 Informa\u0163ii privind selec\u0163ia dosarelor Data selec\u0163iei dosarelor:\u00a0 17.09.2018 Numele \u015fi prenumele candidatului\u00a0 Rezultatul selec\u0163iei dosarelor Observa\u0163ii T\u0103tar Florica Cornelia Admis &nbsp; Rus Felicia Crina Admis Va prezenta Certificatul de cazier judiciar p\u00e2n\u0103 cel t\u00e2rziu la data sus\u0163inerii probei scrise a concursului (24.09.2018) &nbsp;<\/p>\n","protected":false},"author":1,"featured_media":0,"comment_status":"open","ping_status":"open","sticky":false,"template":"","format":"standard","meta":{"footnotes":""},"categories":[5],"tags":[],"class_list":["post-1139","post","type-post","status-publish","format-standard","hentry","category-concurs"],"aioseo_notices":[],"_links":{"self":[{"href":"http:\/\/asistentasocialaturda.ro\/index.php\/wp-json\/wp\/v2\/posts\/1139","targetHints":{"allow":["GET"]}}],"collection":[{"href":"http:\/\/asistentasocialaturda.ro\/index.php\/wp-json\/wp\/v2\/posts"}],"about":[{"href":"http:\/\/asistentasocialaturda.ro\/index.php\/wp-json\/wp\/v2\/types\/post"}],"author":[{"embeddable":true,"href":"http:\/\/asistentasocialaturda.ro\/index.php\/wp-json\/wp\/v2\/users\/1"}],"replies":[{"embeddable":true,"href":"http:\/\/asistentasocialaturda.ro\/index.php\/wp-json\/wp\/v2\/comments?post=1139"}],"version-history":[{"count":1,"href":"http:\/\/asistentasocialaturda.ro\/index.php\/wp-json\/wp\/v2\/posts\/1139\/revisions"}],"predecessor-version":[{"id":1140,"href":"http:\/\/asistentasocialaturda.ro\/index.php\/wp-json\/wp\/v2\/posts\/1139\/revisions\/1140"}],"wp:attachment":[{"href":"http:\/\/asistentasocialaturda.ro\/index.php\/wp-json\/wp\/v2\/media?parent=1139"}],"wp:term":[{"taxonomy":"category","embeddable":true,"href":"http:\/\/asistentasocialaturda.ro\/index.php\/wp-json\/wp\/v2\/categories?post=1139"},{"taxonomy":"post_tag","embeddable":true,"href":"http:\/\/asistentasocialaturda.ro\/index.php\/wp-json\/wp\/v2\/tags?post=1139"}],"curies":[{"name":"wp","href":"https:\/\/api.w.org\/{rel}","templated":true}]}}