{"id":1119,"date":"2018-07-24T11:17:28","date_gmt":"2018-07-24T08:17:28","guid":{"rendered":"http:\/\/spasturda.ro\/?p=1119"},"modified":"2018-07-24T11:17:28","modified_gmt":"2018-07-24T08:17:28","slug":"selectia-dosarelor-6","status":"publish","type":"post","link":"http:\/\/asistentasocialaturda.ro\/index.php\/2018\/07\/24\/selectia-dosarelor-6\/","title":{"rendered":"SELEC\u021aIA DOSARELOR"},"content":{"rendered":"<p style=\"text-align: center;\"><strong>TABEL PRIVIND SELEC\u021aIA DOSARELOR DEPUSE PENTRU POSTURILE VACANTE &#8211; FUNC\u021aII CONTRACTUALE DE EXECU\u021aIE ORGANIZAT DE SPAS TURDA \u00ceN DATA 02 AUGUST 2018<\/strong><\/p>\n<table width=\"726\">\n<tbody>\n<tr>\n<td colspan=\"3\" width=\"726\"><strong>Informa\u021bii privind <u>selec\u021bia dosarelor<\/u><\/strong><\/td>\n<\/tr>\n<tr>\n<td colspan=\"3\" width=\"726\"><strong>Data selec\u021biei dosarelor: 24.07.2018<\/strong><\/td>\n<\/tr>\n<tr>\n<td width=\"186\"><strong>Numele \u0219i prenumele candidatului<\/strong><\/td>\n<td width=\"180\"><strong>Rezultatul selec\u021biei dosarelor<\/strong><\/td>\n<td width=\"360\"><strong>Observa\u021bii<\/strong><\/td>\n<\/tr>\n<tr>\n<td width=\"186\">Borcea Voichi\u021ba Filofteea<\/td>\n<td width=\"180\">Admis<\/td>\n<td width=\"360\"><\/td>\n<\/tr>\n<tr>\n<td width=\"186\">Fr\u0103tean Elena<\/td>\n<td width=\"180\">Admis<\/td>\n<td width=\"360\"><\/td>\n<\/tr>\n<tr>\n<td width=\"186\">Hanc Ana Maria<\/td>\n<td width=\"180\">Admis<\/td>\n<td width=\"360\">Va prezenta Raportul de evaluare psihologic\u0103 p\u00e2n\u0103 cel t\u00e2rziu la data sus\u021binerii probei scrise a concursului<\/td>\n<\/tr>\n<tr>\n<td width=\"186\">P\u00e2rjol Br\u00e2ndu\u0219a Ioana<\/td>\n<td width=\"180\">Admis<\/td>\n<td width=\"360\"><\/td>\n<\/tr>\n<tr>\n<td width=\"186\">Pra\u021ba Sanda Roxana<\/td>\n<td width=\"180\">Admis<\/td>\n<td width=\"360\"><\/td>\n<\/tr>\n<tr>\n<td width=\"186\">P\u0103durariu Drago\u0219 George<\/td>\n<td width=\"180\">Admis<\/td>\n<td width=\"360\"><\/td>\n<\/tr>\n<tr>\n<td width=\"186\">Pere\u021b Firu\u021ba<\/td>\n<td width=\"180\">Admis<\/td>\n<td width=\"360\"><\/td>\n<\/tr>\n<tr>\n<td width=\"186\">Tar\u021ba Adriana Gabriela<\/td>\n<td width=\"180\">Admis<\/td>\n<td width=\"360\">Va prezenta Certificatul de cazier judiciar p\u00e2n\u0103 cel tarziu la data sus\u021binerii probei scrise a concursului<\/td>\n<\/tr>\n<tr>\n<td width=\"186\">Toader Ioana Raluca<\/td>\n<td width=\"180\">Admis<\/td>\n<td width=\"360\"><\/td>\n<\/tr>\n<tr>\n<td width=\"186\">Vasinc Petru\u021ba Ioana<\/td>\n<td width=\"180\">Admis<\/td>\n<td width=\"360\"><\/td>\n<\/tr>\n<\/tbody>\n<\/table>\n","protected":false},"excerpt":{"rendered":"<p>TABEL PRIVIND SELEC\u021aIA DOSARELOR DEPUSE PENTRU POSTURILE VACANTE &#8211; FUNC\u021aII CONTRACTUALE DE EXECU\u021aIE ORGANIZAT DE SPAS TURDA \u00ceN DATA 02 AUGUST 2018 Informa\u021bii privind selec\u021bia dosarelor Data selec\u021biei dosarelor: 24.07.2018 Numele \u0219i prenumele candidatului Rezultatul selec\u021biei dosarelor Observa\u021bii Borcea Voichi\u021ba Filofteea Admis Fr\u0103tean Elena Admis Hanc Ana Maria Admis Va prezenta Raportul de evaluare psihologic\u0103 p\u00e2n\u0103 cel t\u00e2rziu la data sus\u021binerii probei scrise a concursului P\u00e2rjol Br\u00e2ndu\u0219a Ioana Admis Pra\u021ba Sanda Roxana Admis P\u0103durariu Drago\u0219 George Admis Pere\u021b Firu\u021ba Admis Tar\u021ba Adriana Gabriela Admis Va prezenta Certificatul de cazier judiciar p\u00e2n\u0103 cel tarziu la data sus\u021binerii probei scrise a concursului Toader Ioana Raluca Admis Vasinc Petru\u021ba Ioana Admis<\/p>\n","protected":false},"author":1,"featured_media":0,"comment_status":"open","ping_status":"open","sticky":false,"template":"","format":"standard","meta":{"footnotes":""},"categories":[5],"tags":[],"class_list":["post-1119","post","type-post","status-publish","format-standard","hentry","category-concurs"],"aioseo_notices":[],"_links":{"self":[{"href":"http:\/\/asistentasocialaturda.ro\/index.php\/wp-json\/wp\/v2\/posts\/1119","targetHints":{"allow":["GET"]}}],"collection":[{"href":"http:\/\/asistentasocialaturda.ro\/index.php\/wp-json\/wp\/v2\/posts"}],"about":[{"href":"http:\/\/asistentasocialaturda.ro\/index.php\/wp-json\/wp\/v2\/types\/post"}],"author":[{"embeddable":true,"href":"http:\/\/asistentasocialaturda.ro\/index.php\/wp-json\/wp\/v2\/users\/1"}],"replies":[{"embeddable":true,"href":"http:\/\/asistentasocialaturda.ro\/index.php\/wp-json\/wp\/v2\/comments?post=1119"}],"version-history":[{"count":1,"href":"http:\/\/asistentasocialaturda.ro\/index.php\/wp-json\/wp\/v2\/posts\/1119\/revisions"}],"predecessor-version":[{"id":1120,"href":"http:\/\/asistentasocialaturda.ro\/index.php\/wp-json\/wp\/v2\/posts\/1119\/revisions\/1120"}],"wp:attachment":[{"href":"http:\/\/asistentasocialaturda.ro\/index.php\/wp-json\/wp\/v2\/media?parent=1119"}],"wp:term":[{"taxonomy":"category","embeddable":true,"href":"http:\/\/asistentasocialaturda.ro\/index.php\/wp-json\/wp\/v2\/categories?post=1119"},{"taxonomy":"post_tag","embeddable":true,"href":"http:\/\/asistentasocialaturda.ro\/index.php\/wp-json\/wp\/v2\/tags?post=1119"}],"curies":[{"name":"wp","href":"https:\/\/api.w.org\/{rel}","templated":true}]}}