{"id":1105,"date":"2018-06-19T14:12:06","date_gmt":"2018-06-19T11:12:06","guid":{"rendered":"http:\/\/spasturda.ro\/?p=1105"},"modified":"2018-06-19T14:12:06","modified_gmt":"2018-06-19T11:12:06","slug":"selectia-dosarelor-5","status":"publish","type":"post","link":"http:\/\/asistentasocialaturda.ro\/index.php\/2018\/06\/19\/selectia-dosarelor-5\/","title":{"rendered":"SELECTIA DOSARELOR"},"content":{"rendered":"<p style=\"text-align: center;\"><strong>TABEL PRIVIND SELEC\u021aIA DOSARELOR DEPUSE PENTRU POSTURILE VACANTE &#8211; FUNC\u021aII CONTRACTUALE DE EXECU\u021aIE ORGANIZAT DE SPAS TURDA \u00ceN DATA 26 IUNIE 2018<\/strong><\/p>\n<table width=\"726\">\n<tbody>\n<tr>\n<td colspan=\"3\" width=\"726\"><strong>Informa\u0163ii privind <u>selec\u0163ia dosarelor<\/u><\/strong><\/td>\n<\/tr>\n<tr>\n<td colspan=\"3\" width=\"726\"><strong>Data selec\u0163iei dosarelor: 19.06.2018<\/strong><\/td>\n<\/tr>\n<tr>\n<td width=\"186\"><strong>Numele \u015fi prenumele candidatului<\/strong><\/td>\n<td width=\"180\"><strong>Rezultatul selec\u0163iei dosarelor<\/strong><\/td>\n<td width=\"360\"><strong>Observatii<\/strong><\/td>\n<\/tr>\n<tr>\n<td width=\"186\">Cepoi Adriana<\/td>\n<td width=\"180\">Admis<\/td>\n<td width=\"360\"><\/td>\n<\/tr>\n<tr>\n<td width=\"186\">Marc Claudia Sefora<\/td>\n<td width=\"180\">Admis<\/td>\n<td width=\"360\"><strong>Va prezenta Raport de evaluare psihologica <\/strong>pana cel tarziu in data de 26.06.2018;<\/td>\n<\/tr>\n<tr>\n<td width=\"186\">Bria Erika Andrea<\/td>\n<td width=\"180\">Admis<\/td>\n<td width=\"360\">\n<h1><\/h1>\n<\/td>\n<\/tr>\n<tr>\n<td width=\"186\">Ciortea Germina Maria<\/td>\n<td width=\"180\">Admis<\/td>\n<td width=\"360\">\n<h1><\/h1>\n<\/td>\n<\/tr>\n<tr>\n<td width=\"186\">Dragoste Maria Cristina<\/td>\n<td width=\"180\">Admis<\/td>\n<td width=\"360\">\n<h1><\/h1>\n<\/td>\n<\/tr>\n<tr>\n<td width=\"186\">Pogacean Luminita Laneruta<\/td>\n<td width=\"180\">Admis<\/td>\n<td width=\"360\">\n<h1><\/h1>\n<\/td>\n<\/tr>\n<tr>\n<td width=\"186\">Pop Cristina Mihaela<\/td>\n<td width=\"180\">Admis<\/td>\n<td width=\"360\"><strong>Va prezenta Raport de evaluare psihologica <\/strong>pana cel tarziu in data de 26.06.2018;<\/td>\n<\/tr>\n<tr>\n<td width=\"186\">Prata Sanda Roxana<\/td>\n<td width=\"180\">Admis<\/td>\n<td width=\"360\"><\/td>\n<\/tr>\n<tr>\n<td width=\"186\">Rad Iulia<\/td>\n<td width=\"180\">Admis<\/td>\n<td width=\"360\"><strong>Va prezenta Raport de evaluare psihologica si Certificatul <\/strong>de <strong>cazier judiciar<\/strong> pana cel tarziu in data de 26.06.2018;<\/td>\n<\/tr>\n<tr>\n<td width=\"186\">Sarosi Ana Alexandrina<\/td>\n<td width=\"180\">Admis<\/td>\n<td width=\"360\"><strong>Va prezenta Certificatul de cazier judiciar<\/strong> pana cel tarziu in data de 26.06.2018;<\/td>\n<\/tr>\n<tr>\n<td width=\"186\">Sandru Niculina Georgeta<\/td>\n<td width=\"180\">Admis<\/td>\n<td width=\"360\"><strong>Va prezenta Certificatul de cazier judiciar<\/strong> pana cel tarziu in data de 26.06.2018;<\/td>\n<\/tr>\n<tr>\n<td width=\"186\">Telisca Teodor<\/td>\n<td width=\"180\">Admis<\/td>\n<td width=\"360\"><\/td>\n<\/tr>\n<tr>\n<td width=\"186\">Calbeaza Daniela<\/td>\n<td width=\"180\">Admis<\/td>\n<td width=\"360\"><\/td>\n<\/tr>\n<tr>\n<td width=\"186\">Toader Ioana Raluca<\/td>\n<td width=\"180\">Admis<\/td>\n<td width=\"360\">Va prezenta <strong>Certificatul de cazier judiciar<\/strong> pana cel tarziu in data de 26.06.2018;<\/p>\n<p>Va prezenta <strong>Diploma de absolvire<\/strong>\u00a0 pentru studiile solicitate.<\/td>\n<\/tr>\n<\/tbody>\n<\/table>\n","protected":false},"excerpt":{"rendered":"<p>TABEL PRIVIND SELEC\u021aIA DOSARELOR DEPUSE PENTRU POSTURILE VACANTE &#8211; FUNC\u021aII CONTRACTUALE DE EXECU\u021aIE ORGANIZAT DE SPAS TURDA \u00ceN DATA 26 IUNIE 2018 Informa\u0163ii privind selec\u0163ia dosarelor Data selec\u0163iei dosarelor: 19.06.2018 Numele \u015fi prenumele candidatului Rezultatul selec\u0163iei dosarelor Observatii Cepoi Adriana Admis Marc Claudia Sefora Admis Va prezenta Raport de evaluare psihologica pana cel tarziu in data de 26.06.2018; Bria Erika Andrea Admis Ciortea Germina Maria Admis Dragoste Maria Cristina Admis Pogacean Luminita Laneruta Admis Pop Cristina Mihaela Admis Va prezenta Raport de evaluare psihologica pana cel tarziu in data de 26.06.2018; Prata Sanda Roxana Admis Rad Iulia Admis Va prezenta Raport de evaluare psihologica si Certificatul de cazier judiciar pana cel tarziu in data de 26.06.2018; Sarosi Ana Alexandrina Admis Va prezenta Certificatul de cazier judiciar pana cel tarziu in data de 26.06.2018; Sandru Niculina Georgeta Admis Va prezenta Certificatul de cazier judiciar pana cel tarziu in data de 26.06.2018; Telisca Teodor Admis Calbeaza Daniela Admis Toader Ioana Raluca Admis Va prezenta Certificatul de cazier judiciar pana cel tarziu in data de 26.06.2018; Va prezenta Diploma de absolvire\u00a0 pentru studiile solicitate.<\/p>\n","protected":false},"author":1,"featured_media":0,"comment_status":"open","ping_status":"open","sticky":false,"template":"","format":"standard","meta":{"footnotes":""},"categories":[5],"tags":[],"class_list":["post-1105","post","type-post","status-publish","format-standard","hentry","category-concurs"],"aioseo_notices":[],"_links":{"self":[{"href":"http:\/\/asistentasocialaturda.ro\/index.php\/wp-json\/wp\/v2\/posts\/1105","targetHints":{"allow":["GET"]}}],"collection":[{"href":"http:\/\/asistentasocialaturda.ro\/index.php\/wp-json\/wp\/v2\/posts"}],"about":[{"href":"http:\/\/asistentasocialaturda.ro\/index.php\/wp-json\/wp\/v2\/types\/post"}],"author":[{"embeddable":true,"href":"http:\/\/asistentasocialaturda.ro\/index.php\/wp-json\/wp\/v2\/users\/1"}],"replies":[{"embeddable":true,"href":"http:\/\/asistentasocialaturda.ro\/index.php\/wp-json\/wp\/v2\/comments?post=1105"}],"version-history":[{"count":1,"href":"http:\/\/asistentasocialaturda.ro\/index.php\/wp-json\/wp\/v2\/posts\/1105\/revisions"}],"predecessor-version":[{"id":1106,"href":"http:\/\/asistentasocialaturda.ro\/index.php\/wp-json\/wp\/v2\/posts\/1105\/revisions\/1106"}],"wp:attachment":[{"href":"http:\/\/asistentasocialaturda.ro\/index.php\/wp-json\/wp\/v2\/media?parent=1105"}],"wp:term":[{"taxonomy":"category","embeddable":true,"href":"http:\/\/asistentasocialaturda.ro\/index.php\/wp-json\/wp\/v2\/categories?post=1105"},{"taxonomy":"post_tag","embeddable":true,"href":"http:\/\/asistentasocialaturda.ro\/index.php\/wp-json\/wp\/v2\/tags?post=1105"}],"curies":[{"name":"wp","href":"https:\/\/api.w.org\/{rel}","templated":true}]}}