{"id":1035,"date":"2018-05-23T14:58:56","date_gmt":"2018-05-23T11:58:56","guid":{"rendered":"http:\/\/spasturda.ro\/?p=1035"},"modified":"2018-05-23T14:58:56","modified_gmt":"2018-05-23T11:58:56","slug":"targ-de-produse-si-servicii","status":"publish","type":"post","link":"http:\/\/asistentasocialaturda.ro\/index.php\/2018\/05\/23\/targ-de-produse-si-servicii\/","title":{"rendered":"T\u00e2rg de produse \u0219i servicii"},"content":{"rendered":"<p style=\"text-align: justify;\">\u00cen data de 22.05.2018, Locuin\u021ba Protejat\u0103 Turda, cu sediul pe <a href=\"https:\/\/maps.google.com\/?q=str.+Randunicii,+nr.11+A&amp;entry=gmail&amp;source=g\">str. R\u00e2ndunicii, nr.11 A<\/a>, a participat la t\u00e2rgul de produse \u0219i servicii organizat de Facultatea de Sociologie \u0219i Asisten\u021b\u0103 Social\u0103 Cluj-Napoca, cu ocazia &#8222;Zilelelor clujene ale economiei sociale&#8221;.<\/p>\n<div id=\"m_1864514333894706449ydpf4484953yiv6267910526yMail_cursorElementTracker_1527051881442\" style=\"text-align: justify;\">T\u00e2rgul organizat \u00een Pia\u021ba Avram Iancu, a reunit organiza\u021bii din jude\u021bul Cluj \u0219i din \u021bar\u0103, care desf\u0103\u0219oar\u0103 activit\u0103\u021bi de economie social\u0103 ori conexe. Comunitatea clujean\u0103 a avut posibilitatea de a intra \u00een contact cu produsele ori serviciile pe care aceste organiza\u021bii le ofer\u0103, de a con\u0219tientiza \u0219i \u00een\u021belege ceea ce \u00eenseamn\u0103 economia social\u0103 \u0219i oportunit\u0103\u021bile pe care aceasta le deschide dezvolt\u0103rii comunit\u0103\u021bilor locale, serviciilor sociale \u0219i cre\u0219terii incluziunii sociale a grupurilor vulnerabile.<\/div>\n<div><a href=\"http:\/\/spasturda.ro\/wp-content\/uploads\/2018\/05\/IMG_E3441.jpg\"><img loading=\"lazy\" decoding=\"async\" class=\"aligncenter size-large wp-image-1036\" src=\"http:\/\/spasturda.ro\/wp-content\/uploads\/2018\/05\/IMG_E3441-1024x603.jpg\" alt=\"\" width=\"584\" height=\"344\" srcset=\"http:\/\/asistentasocialaturda.ro\/wp-content\/uploads\/2018\/05\/IMG_E3441-1024x603.jpg 1024w, http:\/\/asistentasocialaturda.ro\/wp-content\/uploads\/2018\/05\/IMG_E3441-300x177.jpg 300w, http:\/\/asistentasocialaturda.ro\/wp-content\/uploads\/2018\/05\/IMG_E3441-768x452.jpg 768w, http:\/\/asistentasocialaturda.ro\/wp-content\/uploads\/2018\/05\/IMG_E3441-500x294.jpg 500w\" sizes=\"auto, (max-width: 584px) 100vw, 584px\" \/><\/a><a href=\"http:\/\/spasturda.ro\/wp-content\/uploads\/2018\/05\/33340952_1050245571804716_8932662957767131136_n.jpg\"><img loading=\"lazy\" decoding=\"async\" class=\"aligncenter wp-image-1037 size-full\" src=\"http:\/\/spasturda.ro\/wp-content\/uploads\/2018\/05\/33340952_1050245571804716_8932662957767131136_n.jpg\" alt=\"\" width=\"960\" height=\"540\" srcset=\"http:\/\/asistentasocialaturda.ro\/wp-content\/uploads\/2018\/05\/33340952_1050245571804716_8932662957767131136_n.jpg 960w, http:\/\/asistentasocialaturda.ro\/wp-content\/uploads\/2018\/05\/33340952_1050245571804716_8932662957767131136_n-300x169.jpg 300w, http:\/\/asistentasocialaturda.ro\/wp-content\/uploads\/2018\/05\/33340952_1050245571804716_8932662957767131136_n-768x432.jpg 768w, http:\/\/asistentasocialaturda.ro\/wp-content\/uploads\/2018\/05\/33340952_1050245571804716_8932662957767131136_n-500x281.jpg 500w\" sizes=\"auto, (max-width: 960px) 100vw, 960px\" \/><\/a><a href=\"http:\/\/spasturda.ro\/wp-content\/uploads\/2018\/05\/XLCT6122.jpg\"><img loading=\"lazy\" decoding=\"async\" class=\"aligncenter size-large wp-image-1038\" src=\"http:\/\/spasturda.ro\/wp-content\/uploads\/2018\/05\/XLCT6122-1024x576.jpg\" alt=\"\" width=\"584\" height=\"329\" srcset=\"http:\/\/asistentasocialaturda.ro\/wp-content\/uploads\/2018\/05\/XLCT6122-1024x576.jpg 1024w, http:\/\/asistentasocialaturda.ro\/wp-content\/uploads\/2018\/05\/XLCT6122-300x169.jpg 300w, http:\/\/asistentasocialaturda.ro\/wp-content\/uploads\/2018\/05\/XLCT6122-768x432.jpg 768w, http:\/\/asistentasocialaturda.ro\/wp-content\/uploads\/2018\/05\/XLCT6122-500x281.jpg 500w, http:\/\/asistentasocialaturda.ro\/wp-content\/uploads\/2018\/05\/XLCT6122.jpg 1600w\" sizes=\"auto, (max-width: 584px) 100vw, 584px\" \/><\/a><img loading=\"lazy\" decoding=\"async\" class=\"aligncenter size-large wp-image-1039\" src=\"http:\/\/spasturda.ro\/wp-content\/uploads\/2018\/05\/PQXV8374-1024x576.jpg\" alt=\"\" width=\"584\" height=\"329\" srcset=\"http:\/\/asistentasocialaturda.ro\/wp-content\/uploads\/2018\/05\/PQXV8374-1024x576.jpg 1024w, http:\/\/asistentasocialaturda.ro\/wp-content\/uploads\/2018\/05\/PQXV8374-300x169.jpg 300w, http:\/\/asistentasocialaturda.ro\/wp-content\/uploads\/2018\/05\/PQXV8374-768x432.jpg 768w, http:\/\/asistentasocialaturda.ro\/wp-content\/uploads\/2018\/05\/PQXV8374-500x281.jpg 500w, http:\/\/asistentasocialaturda.ro\/wp-content\/uploads\/2018\/05\/PQXV8374.jpg 1600w\" sizes=\"auto, (max-width: 584px) 100vw, 584px\" \/><\/div>\n","protected":false},"excerpt":{"rendered":"<p>\u00cen data de 22.05.2018, Locuin\u021ba Protejat\u0103 Turda, cu sediul pe str. R\u00e2ndunicii, nr.11 A, a participat la t\u00e2rgul de produse \u0219i servicii organizat de Facultatea de Sociologie \u0219i Asisten\u021b\u0103 Social\u0103 Cluj-Napoca, cu ocazia &#8222;Zilelelor clujene ale economiei sociale&#8221;. T\u00e2rgul organizat \u00een Pia\u021ba Avram Iancu, a reunit organiza\u021bii din jude\u021bul Cluj \u0219i din \u021bar\u0103, care desf\u0103\u0219oar\u0103 activit\u0103\u021bi de economie social\u0103 ori conexe. Comunitatea clujean\u0103 a avut posibilitatea de a intra \u00een contact cu produsele ori serviciile pe care aceste organiza\u021bii le ofer\u0103, de a con\u0219tientiza \u0219i \u00een\u021belege ceea ce \u00eenseamn\u0103 economia social\u0103 \u0219i oportunit\u0103\u021bile pe care aceasta le deschide dezvolt\u0103rii comunit\u0103\u021bilor locale, serviciilor sociale \u0219i cre\u0219terii incluziunii sociale a grupurilor vulnerabile.<\/p>\n","protected":false},"author":1,"featured_media":0,"comment_status":"open","ping_status":"open","sticky":false,"template":"","format":"standard","meta":{"footnotes":""},"categories":[4],"tags":[],"class_list":["post-1035","post","type-post","status-publish","format-standard","hentry","category-anunturi"],"aioseo_notices":[],"_links":{"self":[{"href":"http:\/\/asistentasocialaturda.ro\/index.php\/wp-json\/wp\/v2\/posts\/1035","targetHints":{"allow":["GET"]}}],"collection":[{"href":"http:\/\/asistentasocialaturda.ro\/index.php\/wp-json\/wp\/v2\/posts"}],"about":[{"href":"http:\/\/asistentasocialaturda.ro\/index.php\/wp-json\/wp\/v2\/types\/post"}],"author":[{"embeddable":true,"href":"http:\/\/asistentasocialaturda.ro\/index.php\/wp-json\/wp\/v2\/users\/1"}],"replies":[{"embeddable":true,"href":"http:\/\/asistentasocialaturda.ro\/index.php\/wp-json\/wp\/v2\/comments?post=1035"}],"version-history":[{"count":1,"href":"http:\/\/asistentasocialaturda.ro\/index.php\/wp-json\/wp\/v2\/posts\/1035\/revisions"}],"predecessor-version":[{"id":1040,"href":"http:\/\/asistentasocialaturda.ro\/index.php\/wp-json\/wp\/v2\/posts\/1035\/revisions\/1040"}],"wp:attachment":[{"href":"http:\/\/asistentasocialaturda.ro\/index.php\/wp-json\/wp\/v2\/media?parent=1035"}],"wp:term":[{"taxonomy":"category","embeddable":true,"href":"http:\/\/asistentasocialaturda.ro\/index.php\/wp-json\/wp\/v2\/categories?post=1035"},{"taxonomy":"post_tag","embeddable":true,"href":"http:\/\/asistentasocialaturda.ro\/index.php\/wp-json\/wp\/v2\/tags?post=1035"}],"curies":[{"name":"wp","href":"https:\/\/api.w.org\/{rel}","templated":true}]}}